{"id":6817,"date":"2018-04-30T20:00:24","date_gmt":"2018-04-30T18:00:24","guid":{"rendered":"http:\/\/mojateporlavida.org\/?p=6817"},"modified":"2019-03-19T20:08:25","modified_gmt":"2019-03-19T19:08:25","slug":"luz-azul-en-el-ceip-la-romanilla-de-roquetas-de-mar","status":"publish","type":"post","link":"https:\/\/mojateporlavida.org\/?p=6817","title":{"rendered":"Luz Azul  en el CEIP La Romanilla de Roquetas de Mar"},"content":{"rendered":"<section id=\"bt_section69f01a3fd8588\"  class=\"boldSection gutter\" ><div class=\"port\"><div class=\"boldCell\"><div class=\"boldCellInner\"><div class=\"boldRow \" ><div class=\"boldRowInner\"><div class=\"rowItem col-md-4 col-ms-12 btTextLeft\"  data-width=\"4\"><div class=\"rowItemContent\" ><div class=\"bpgPhoto \" > \r\n\t\t\t\t\t<a href=\"https:\/\/vimeo.com\/286775595\" target=\"_self\" title=\"Ver Documental completo\"><\/a>\r\n\t\t\t\t\t<div class=\"boldPhotoBox\"><div class=\"bpbItem\"><div class = \"btImage\"><img src=\"https:\/\/mojateporlavida.org\/wp-content\/uploads\/2017\/12\/Cartel-Luz-Azul.jpg\" alt=\"\" title=\"Ver Documental completo\"><\/div><\/div><\/div>\r\n\t\t\t\t\t<div class=\"captionPane btDarkSkin btTextCenter\">\r\n\t\t\t\t\t\t<div class=\"captionTable\">\r\n\t\t\t\t\t\t\t<div class=\"captionCell\">\r\n\t\t\t\t\t\t\t\t<div class=\"captionTxt\"><header class=\"header btClear extrasmall\" ><div class=\"dash\"><h4><span class=\"headline\">Ver Documental completo<\/span><\/h4><\/div><\/header><\/div>\r\n\t\t\t\t\t\t\t<\/div>\r\n\t\t\t\t\t\t<\/div>\r\n\t\t\t\t\t<\/div><\/div><div class=\"bpgPhoto \" > \r\n\t\t\t\t\t<a href=\"http:\/\/www.ceiplaromanilla.es\/\" target=\"_self\" title=\"\"><\/a>\r\n\t\t\t\t\t<div class=\"boldPhotoBox\"><div class=\"bpbItem\"><div class = \"btImage\"><img src=\"https:\/\/mojateporlavida.org\/wp-content\/uploads\/2019\/03\/Romanilla.png\" alt=\"\" title=\"\"><\/div><\/div><\/div>\r\n\t\t\t\t\t<div class=\"captionPane btDarkSkin btTextCenter\">\r\n\t\t\t\t\t\t<div class=\"captionTable\">\r\n\t\t\t\t\t\t\t<div class=\"captionCell\">\r\n\t\t\t\t\t\t\t\t<div class=\"captionTxt\"><\/div>\r\n\t\t\t\t\t\t\t<\/div>\r\n\t\t\t\t\t\t<\/div>\r\n\t\t\t\t\t<\/div><\/div><\/div><\/div><div class=\"rowItem col-md-8 col-ms-12 btTextLeft\"  data-width=\"8\"><div class=\"rowItemContent\" ><div class=\"btText\" ><p>El pasado 25 de abril, nuestra nadadora Sasi Barroso, present\u00f3 a\u00a0 los chavales del CEIP La Romanilla (EcoEscuela) el trailer del documental \u00ab<a href=\"https:\/\/vimeo.com\/286775595\">Luz Azul un Mar de Vida<\/a> \u00ab, momento que hemos aprovechado para recoger los tapones solidarios que ser\u00e1n donados a <a class=\"_58cn\" href=\"https:\/\/www.facebook.com\/hashtag\/mojateporlavida?source=feed_text&amp;epa=HASHTAG&amp;__xts__%5B0%5D=68.ARBFeQB6Aa-oX77MzzjZmflMxcYCtSQAs8jBdbb16B0U7BUBnhrYvgAQgCfgb_MQGnfhGPjCb7LuUOS3u602So8y4MtD6niOii3ZUMWoS0KYdid9fsN_AvSdZh8tWODHENbDke6p931ngxxSRQfQdSlhbq9auB0UAAGUDy7yFHHM4kdjrboB9tXGQAgUO1tE93MomyrzGvQuwypQsQ7PHamVai2r0-xtxDER2on_S1ebtoj9WdxgPMTeEyqCT7ofEgTrM0-8FqWCTrcFJbVJEw4b_mZZ-wyXyHMg8b42pbpkwKn2Zj0p1LF5ueEJpfoycsqbsKTq0afLp2so8LudbUwrm5J9&amp;__tn__=%2ANK-R\" data-ft=\"{&quot;type&quot;:104,&quot;tn&quot;:&quot;*N&quot;}\"><span class=\"_5afx\"><span class=\"_58cl _5afz\" aria-label=\"hashtag\">#<\/span><span class=\"_58cm\">mojateporlavida<\/span><\/span><\/a><\/p>\n<p>Gracias por mojaros con nosotros y por vuestras muestras de cari\u00f1o. Ver como ni\u00f1os quieren ayudar a otros ni\u00f1os, es la mayor satisfacci\u00f3n que nos deja esta marea solidaria.<\/p>\n<p>Yo me mojo por la vida, y t\u00fa? #mojateporlavida <a class=\"profileLink\" href=\"https:\/\/www.facebook.com\/FundacionCrisCancer\/?__tn__=K-R&amp;eid=ARAkZDssa10sek1l6K-N4RgZi_0eIBJpFbpD9ic--7NDayFrjj0TO5AwvjYPUFSqtKHU3F_FvmG0YT3d&amp;fref=mentions&amp;__xts__%5B0%5D=68.ARBFeQB6Aa-oX77MzzjZmflMxcYCtSQAs8jBdbb16B0U7BUBnhrYvgAQgCfgb_MQGnfhGPjCb7LuUOS3u602So8y4MtD6niOii3ZUMWoS0KYdid9fsN_AvSdZh8tWODHENbDke6p931ngxxSRQfQdSlhbq9auB0UAAGUDy7yFHHM4kdjrboB9tXGQAgUO1tE93MomyrzGvQuwypQsQ7PHamVai2r0-xtxDER2on_S1ebtoj9WdxgPMTeEyqCT7ofEgTrM0-8FqWCTrcFJbVJEw4b_mZZ-wyXyHMg8b42pbpkwKn2Zj0p1LF5ueEJpfoycsqbsKTq0afLp2so8LudbUwrm5J9\" data-hovercard=\"\/ajax\/hovercard\/page.php?id=175357075823543&amp;extragetparams=%7B%22__tn__%22%3A%22%2CdK-R-R%22%2C%22eid%22%3A%22ARAkZDssa10sek1l6K-N4RgZi_0eIBJpFbpD9ic--7NDayFrjj0TO5AwvjYPUFSqtKHU3F_FvmG0YT3d%22%2C%22fref%22%3A%22mentions%22%7D\" data-hovercard-prefer-more-content-show=\"1\">CRIS contra el Cancer<\/a><\/p>\n<\/div><div class=\"bpgPhoto \" ><div class = \"btImage\"><img src=\"https:\/\/mojateporlavida.org\/wp-content\/uploads\/2019\/03\/Colegio-romanilla.jpg\" alt=\"\" title=\"\"><\/div><\/div><\/div><\/div><\/div><\/div><\/div><\/div><\/div><\/section>","protected":false},"excerpt":{"rendered":"<p>Presentaci\u00f3n del Luz Azul, Un Mar de Vida en el CEIP La Romanilla de Roquetas de Mar.<\/p>\n","protected":false},"author":1,"featured_media":6819,"comment_status":"open","ping_status":"open","sticky":false,"template":"","format":"link","meta":[],"categories":[83,280,248,125,169],"tags":[114,282,281,89],"_links":{"self":[{"href":"https:\/\/mojateporlavida.org\/index.php?rest_route=\/wp\/v2\/posts\/6817"}],"collection":[{"href":"https:\/\/mojateporlavida.org\/index.php?rest_route=\/wp\/v2\/posts"}],"about":[{"href":"https:\/\/mojateporlavida.org\/index.php?rest_route=\/wp\/v2\/types\/post"}],"author":[{"embeddable":true,"href":"https:\/\/mojateporlavida.org\/index.php?rest_route=\/wp\/v2\/users\/1"}],"replies":[{"embeddable":true,"href":"https:\/\/mojateporlavida.org\/index.php?rest_route=%2Fwp%2Fv2%2Fcomments&post=6817"}],"version-history":[{"count":5,"href":"https:\/\/mojateporlavida.org\/index.php?rest_route=\/wp\/v2\/posts\/6817\/revisions"}],"predecessor-version":[{"id":6824,"href":"https:\/\/mojateporlavida.org\/index.php?rest_route=\/wp\/v2\/posts\/6817\/revisions\/6824"}],"wp:featuredmedia":[{"embeddable":true,"href":"https:\/\/mojateporlavida.org\/index.php?rest_route=\/wp\/v2\/media\/6819"}],"wp:attachment":[{"href":"https:\/\/mojateporlavida.org\/index.php?rest_route=%2Fwp%2Fv2%2Fmedia&parent=6817"}],"wp:term":[{"taxonomy":"category","embeddable":true,"href":"https:\/\/mojateporlavida.org\/index.php?rest_route=%2Fwp%2Fv2%2Fcategories&post=6817"},{"taxonomy":"post_tag","embeddable":true,"href":"https:\/\/mojateporlavida.org\/index.php?rest_route=%2Fwp%2Fv2%2Ftags&post=6817"}],"curies":[{"name":"wp","href":"https:\/\/api.w.org\/{rel}","templated":true}]}}