{"id":6685,"date":"2018-04-30T20:25:10","date_gmt":"2018-04-30T18:25:10","guid":{"rendered":"http:\/\/mojateporlavida.org\/?p=6685"},"modified":"2019-03-19T20:28:21","modified_gmt":"2019-03-19T19:28:21","slug":"la-luz-azul-inunda-toledo","status":"publish","type":"post","link":"https:\/\/mojateporlavida.org\/?p=6685","title":{"rendered":"La \u00abLuz Azul\u00bb inunda  Toledo."},"content":{"rendered":"<section id=\"bt_section69ef78994e01a\"  class=\"boldSection gutter\" ><div class=\"port\"><div class=\"boldCell\"><div class=\"boldCellInner\"><\/div><\/div><\/div><\/section><section id=\"bt_section69ef78994e0b5\"  class=\"boldSection gutter\" ><div class=\"port\"><div class=\"boldCell\"><div class=\"boldCellInner\"><div class=\"boldRow \" ><div class=\"boldRowInner\"><div class=\"rowItem col-md-4 col-ms-12 btTextLeft\"  data-width=\"4\"><div class=\"rowItemContent\" ><div class=\"bpgPhoto  btRoundedImage\" ><div class = \"btImage\"><img src=\"https:\/\/mojateporlavida.org\/wp-content\/uploads\/2019\/03\/toledo1-320x427.jpg\" alt=\"\" title=\"\"><\/div><\/div><div class=\"btClear btSeparator topSmallSpaced bottomSmallSpaced noBorder\" ><hr><\/div><div class=\"bpgPhoto  btRoundedImage\" ><div class = \"btImage\"><img src=\"https:\/\/mojateporlavida.org\/wp-content\/uploads\/2019\/03\/toledo3-320x240.jpg\" alt=\"\" title=\"\"><\/div><\/div><div class=\"btClear btSeparator topSmallSpaced bottomSmallSpaced noBorder\" ><hr><\/div><div class=\"bpgPhoto  btRoundedImage\" ><div class = \"btImage\"><img src=\"https:\/\/mojateporlavida.org\/wp-content\/uploads\/2019\/03\/toledo6-320x213.jpg\" alt=\"\" title=\"\"><\/div><\/div><div class=\"btClear btSeparator topSmallSpaced bottomSmallSpaced noBorder\" ><hr><\/div><div class=\"bpgPhoto  btRoundedImage\" ><div class = \"btImage\"><img src=\"https:\/\/mojateporlavida.org\/wp-content\/uploads\/2019\/03\/toledo2-320x240.jpg\" alt=\"\" title=\"\"><\/div><\/div><div class=\"btClear btSeparator topSmallSpaced bottomSmallSpaced noBorder\" ><hr><\/div><header class=\"header btClear small\" ><div class=\"dash\"><h4><span class=\"headline\">En los medios de comunicaci\u00f3n.<\/span><\/h4><\/div><\/header><div class=\"btText\" ><ul>\n<li><a href=\"http:\/\/www.uclmtv.uclm.es\/la-uclm-proyecta-en-toledo-el-documental-solidario-luz-azul-un-mar-de-vida\/\">Universidad Castilla La Mancha<\/a><\/li>\n<li><a href=\"http:\/\/www.encastillalamancha.es\/sociedad\/un-documental-busca-recaudar-fondos-para-la-investigacion-del-cancer-infantil\/?fbclid=IwAR2U4Qu16UEcNINu5Gp5QlGUPygOEGIhmFcZ6t95lmB3-8wEGXbpdSZmP0o\">En Castilla La Mancha<\/a><\/li>\n<li><a href=\"https:\/\/www.eldigitaldealbacete.com\/2018\/04\/23\/castilla-la-mancha-destaca-la-union-del-deporte-y-la-solidaridad-en-causas-como-la-lucha-contra-enfermedades-como-el-cancer-infantil\/?fbclid=IwAR3cinPWzTTw8237bTZKJWwTejEjBNYlabqfT48rOo4Wn91hkycYB0i_JfA\">El Digital de Albacete<\/a><\/li>\n<\/ul>\n<\/div><\/div><\/div><div class=\"rowItem col-md-8 col-ms-12 btTextLeft\"  data-width=\"8\"><div class=\"rowItemContent\" ><div class=\"btText\" ><p>El pasado 23 de abril, presentamos nuestro documental \u00ab<a href=\"https:\/\/vimeo.com\/286775595\">Luz Azul. Un Mar de Vida<\/a>\u00bb en el Aula Magna del Campus Tecnol\u00f3gico Antigua F\u00e1brica de Armas de la Facultad de Ciencias del Deporte de Toledo.<\/p>\n<p><a class=\"_58cn\" href=\"https:\/\/www.facebook.com\/hashtag\/luzazulunmardevida?source=feed_text&amp;epa=HASHTAG&amp;__xts__%5B0%5D=68.ARAs3c2mQEyw211mX_K7m5HN2DBJ7CEqvN6DIpauvRGL8-UZITay7Wm4yYwOostQdj_6pciGeUvSR46icHBFgDAC3YWkfhzl3ou-MlVw9iKS8bO2NPqjtWJ_x4ewsOTT8vsWMSxVjq_H8cHaO0N0-8xJyP5RiJjPmYC9m7OBE7k6pL3qEQgTGgyDg-_eIidHaTNz1O7VMxLelgDKaoZXqcDQXIHpa3R8EsYY98RJOVyXgMHlMD2iTtJPOrvKBq8KonFfdCz3ue14xWsnKYl5XFwebcs5COtr2Th72hlfQnMEeVya9jcb0K06HE9UjjdJ4VkPRuX5ksW-lyFPuh1WYCLcPD5o&amp;__tn__=%2ANK-R\" data-ft=\"{&quot;type&quot;:104,&quot;tn&quot;:&quot;*N&quot;}\"><span class=\"_5afx\"><span class=\"_58cl _5afz\" aria-label=\"hashtag\">#<\/span><span class=\"_58cm\">LuzAzulUnMardeVida<\/span><\/span><\/a> en <a class=\"_58cn\" href=\"https:\/\/www.facebook.com\/hashtag\/toledo?source=feed_text&amp;epa=HASHTAG&amp;__xts__%5B0%5D=68.ARAs3c2mQEyw211mX_K7m5HN2DBJ7CEqvN6DIpauvRGL8-UZITay7Wm4yYwOostQdj_6pciGeUvSR46icHBFgDAC3YWkfhzl3ou-MlVw9iKS8bO2NPqjtWJ_x4ewsOTT8vsWMSxVjq_H8cHaO0N0-8xJyP5RiJjPmYC9m7OBE7k6pL3qEQgTGgyDg-_eIidHaTNz1O7VMxLelgDKaoZXqcDQXIHpa3R8EsYY98RJOVyXgMHlMD2iTtJPOrvKBq8KonFfdCz3ue14xWsnKYl5XFwebcs5COtr2Th72hlfQnMEeVya9jcb0K06HE9UjjdJ4VkPRuX5ksW-lyFPuh1WYCLcPD5o&amp;__tn__=%2ANK-R\" data-ft=\"{&quot;type&quot;:104,&quot;tn&quot;:&quot;*N&quot;}\"><span class=\"_5afx\"><span class=\"_58cl _5afz\" aria-label=\"hashtag\">#<\/span><span class=\"_58cm\">Toledo<\/span><\/span><\/a><br \/>\nGracias a la Facultad de Ciencias de Deporte de Toledo de Universidad de Castilla La Mancha por habernos permitido proyectar nuestro sue\u00f1o.<\/p>\n<p>Gracias a Julian Garde L\u00f3pez-Brea (Vicerrector de Investigaci\u00f3n y Pol\u00edtica Cient\u00edfica de la Universidad de Castilla La Mancha), a Juan Ram\u00f3n Amores Garc\u00eda (Director General de Juventud y Deportes de la Junta de Comunidades de Castilla &#8211; La Mancha), a F\u00e1tima Guadamillas G\u00f3mez (Vicerrectora de Internacionaliz<span class=\"text_exposed_show\">aci\u00f3n y Formaci\u00f3n Permanente de la Universidad de Castilla La Mancha) y a Jose Mar\u00eda Gonz\u00e1lez Rav\u00e9 (Secretario Acad\u00e9mico de la Facultad de Ciencias del Deporte de la Universidad de Castilla La Mancha); contar con vuestra presencia y apoyo es muy importante para nosotros.<\/span><\/p>\n<div class=\"text_exposed_show\"><\/div>\n<p>\u201cLuz Azul. Un Mar de Vida\u201d es un documental de David Aguirre de Segundo Plano y M\u00e1rmoles Sol que tiene una duraci\u00f3n de 55 minutos, est\u00e1 dedicado a los peque\u00f1os y a sus familias que cada d\u00eda luchan por vencer el c\u00e1ncer infantil y pretende recoger por una parte lo ocurrido durante los d\u00edas del reto deportivo y por otra continuar con la campa\u00f1a de sensibilizaci\u00f3n hacia la necesidad de la investigaci\u00f3n para ganarle la batalla a enfermedades como el C\u00e1ncer Infantil.<\/p>\n<p>Tambi\u00e9n se puede conocer m\u00e1s a los miembros de la iniciativa \u00abM\u00f3jate por la Vida\u00bb y la motivaci\u00f3n y finallidad de la misma.<\/p>\n<p><a class=\"_58cn\" href=\"https:\/\/www.facebook.com\/hashtag\/mojateporlavida?source=feed_text&amp;epa=HASHTAG&amp;__xts__%5B0%5D=68.ARAs3c2mQEyw211mX_K7m5HN2DBJ7CEqvN6DIpauvRGL8-UZITay7Wm4yYwOostQdj_6pciGeUvSR46icHBFgDAC3YWkfhzl3ou-MlVw9iKS8bO2NPqjtWJ_x4ewsOTT8vsWMSxVjq_H8cHaO0N0-8xJyP5RiJjPmYC9m7OBE7k6pL3qEQgTGgyDg-_eIidHaTNz1O7VMxLelgDKaoZXqcDQXIHpa3R8EsYY98RJOVyXgMHlMD2iTtJPOrvKBq8KonFfdCz3ue14xWsnKYl5XFwebcs5COtr2Th72hlfQnMEeVya9jcb0K06HE9UjjdJ4VkPRuX5ksW-lyFPuh1WYCLcPD5o&amp;__tn__=%2ANK-R\" data-ft=\"{&quot;type&quot;:104,&quot;tn&quot;:&quot;*N&quot;}\"><span class=\"_5afx\"><span class=\"_58cl _5afz\" aria-label=\"hashtag\">#<\/span><span class=\"_58cm\">Mojateporlavida<\/span><\/span><\/a> <a class=\"_58cn\" href=\"https:\/\/www.facebook.com\/hashtag\/juntosloconseguiremos?source=feed_text&amp;epa=HASHTAG&amp;__xts__%5B0%5D=68.ARAs3c2mQEyw211mX_K7m5HN2DBJ7CEqvN6DIpauvRGL8-UZITay7Wm4yYwOostQdj_6pciGeUvSR46icHBFgDAC3YWkfhzl3ou-MlVw9iKS8bO2NPqjtWJ_x4ewsOTT8vsWMSxVjq_H8cHaO0N0-8xJyP5RiJjPmYC9m7OBE7k6pL3qEQgTGgyDg-_eIidHaTNz1O7VMxLelgDKaoZXqcDQXIHpa3R8EsYY98RJOVyXgMHlMD2iTtJPOrvKBq8KonFfdCz3ue14xWsnKYl5XFwebcs5COtr2Th72hlfQnMEeVya9jcb0K06HE9UjjdJ4VkPRuX5ksW-lyFPuh1WYCLcPD5o&amp;__tn__=%2ANK-R\" data-ft=\"{&quot;type&quot;:104,&quot;tn&quot;:&quot;*N&quot;}\"><span class=\"_5afx\"><span class=\"_58cl _5afz\" aria-label=\"hashtag\">#<\/span><span class=\"_58cm\">JuntosLoConseguiremos<\/span><\/span><\/a> <a class=\"_58cn\" href=\"https:\/\/www.facebook.com\/hashtag\/somosdeporte?source=feed_text&amp;epa=HASHTAG&amp;__xts__%5B0%5D=68.ARAs3c2mQEyw211mX_K7m5HN2DBJ7CEqvN6DIpauvRGL8-UZITay7Wm4yYwOostQdj_6pciGeUvSR46icHBFgDAC3YWkfhzl3ou-MlVw9iKS8bO2NPqjtWJ_x4ewsOTT8vsWMSxVjq_H8cHaO0N0-8xJyP5RiJjPmYC9m7OBE7k6pL3qEQgTGgyDg-_eIidHaTNz1O7VMxLelgDKaoZXqcDQXIHpa3R8EsYY98RJOVyXgMHlMD2iTtJPOrvKBq8KonFfdCz3ue14xWsnKYl5XFwebcs5COtr2Th72hlfQnMEeVya9jcb0K06HE9UjjdJ4VkPRuX5ksW-lyFPuh1WYCLcPD5o&amp;__tn__=%2ANK-R\" data-ft=\"{&quot;type&quot;:104,&quot;tn&quot;:&quot;*N&quot;}\"><span class=\"_5afx\"><span class=\"_58cl _5afz\" aria-label=\"hashtag\">#<\/span><span class=\"_58cm\">SomosDeporte<\/span><\/span><\/a> <a class=\"profileLink\" href=\"https:\/\/www.facebook.com\/FundacionCrisCancer\/?__tn__=K-R&amp;eid=ARCuvo6ZcCECv2duIxJR_zgtRFKeCNiaDweqexJTOOpBmUSNkjvw27d2-SSjDIPaQ4WF40M03UgeBcR1&amp;fref=mentions&amp;__xts__%5B0%5D=68.ARAs3c2mQEyw211mX_K7m5HN2DBJ7CEqvN6DIpauvRGL8-UZITay7Wm4yYwOostQdj_6pciGeUvSR46icHBFgDAC3YWkfhzl3ou-MlVw9iKS8bO2NPqjtWJ_x4ewsOTT8vsWMSxVjq_H8cHaO0N0-8xJyP5RiJjPmYC9m7OBE7k6pL3qEQgTGgyDg-_eIidHaTNz1O7VMxLelgDKaoZXqcDQXIHpa3R8EsYY98RJOVyXgMHlMD2iTtJPOrvKBq8KonFfdCz3ue14xWsnKYl5XFwebcs5COtr2Th72hlfQnMEeVya9jcb0K06HE9UjjdJ4VkPRuX5ksW-lyFPuh1WYCLcPD5o\" data-hovercard=\"\/ajax\/hovercard\/page.php?id=175357075823543&amp;extragetparams=%7B%22__tn__%22%3A%22%2CdK-R-R%22%2C%22eid%22%3A%22ARCuvo6ZcCECv2duIxJR_zgtRFKeCNiaDweqexJTOOpBmUSNkjvw27d2-SSjDIPaQ4WF40M03UgeBcR1%22%2C%22fref%22%3A%22mentions%22%7D\" data-hovercard-prefer-more-content-show=\"1\">CRIS contra el Cancer<\/a><\/p>\n<\/div><div class=\"bpgPhoto  btRoundedImage\" ><div class = \"btImage\"><img src=\"https:\/\/mojateporlavida.org\/wp-content\/uploads\/2019\/03\/toledo-4-640x480.jpg\" alt=\"\" title=\"\"><\/div><\/div><\/div><\/div><\/div><\/div><\/div><\/div><\/div><\/section><section id=\"bt_section69ef78994f81c\"  class=\"boldSection gutter\" ><div class=\"port\"><div class=\"boldCell\"><div class=\"boldCellInner\"><div class=\"boldRow \" ><div class=\"boldRowInner\"><div class=\"rowItem col-md-4 col-ms-12 btTextLeft\"  data-width=\"4\"><div class=\"rowItemContent\" ><\/div><\/div><div class=\"rowItem col-md-8 col-ms-12 btTextLeft\"  data-width=\"8\"><div class=\"rowItemContent\" ><div class=\"btText\" ><\/div><\/div><\/div><\/div><\/div><\/div><\/div><\/div><\/section><section id=\"bt_section69ef78994fac1\"  class=\"boldSection gutter\" ><div class=\"port\"><div class=\"boldCell\"><div class=\"boldCellInner\"><div class=\"boldRow \" ><div class=\"boldRowInner\"><div class=\"rowItem col-md-12 col-ms-12  btTextLeft\"  data-width=\"12\"><div class=\"rowItemContent\" ><div class=\"btClear btSeparator topSmallSpaced bottomSmallSpaced noBorder\" ><hr><\/div><header class=\"header btClear small  btHeaderAccent3\" ><div class=\"dash\"><h4><span class=\"headline\">Trailer Oficial del Documental<\/span><\/h4><\/div><\/header><div class=\"btText\" ><p><iframe loading=\"lazy\" width=\"1200\" height=\"675\" src=\"https:\/\/www.youtube.com\/embed\/p7BlNB0ZXQo?feature=oembed\" frameborder=\"0\" allow=\"accelerometer; autoplay; encrypted-media; gyroscope; picture-in-picture\" allowfullscreen><\/iframe><\/p>\n<\/div><\/div><\/div><\/div><\/div><div class=\"boldRow \" ><div class=\"boldRowInner\"><div class=\"rowItem col-md-12 col-ms-12  btTextLeft\"  data-width=\"12\"><div class=\"rowItemContent\" ><header class=\"header btClear small  btHeaderAccent3\" ><div class=\"btSuperTitle\"><span>Actualizaci\u00f3n<\/span><\/div><div class=\"dash\"><h4><span class=\"headline\">Aqu\u00ed puedes ver completo \u00abLuz Azul. Un mar de vida\u00ab<\/span><\/h4><\/div><\/header><div class=\"btText\" ><p><iframe loading=\"lazy\" src=\"https:\/\/player.vimeo.com\/video\/286775595?dnt=1&#038;app_id=122963\" width=\"1200\" height=\"675\" frameborder=\"0\" title=\"Luz Azul Un Mar de Vida. Documental\" allow=\"autoplay; fullscreen\" allowfullscreen><\/iframe><\/p>\n<\/div><div class=\"btClear btSeparator topSemiSpaced bottomSemiSpaced border\" ><hr><\/div><div class=\"btText\" ><ul>\n<li><strong>G\u00e9nero<\/strong>: documental.<\/li>\n<li><strong>Duraci\u00f3n<\/strong>: 58 minutos.<\/li>\n<li><strong>Direcci\u00f3n<\/strong>: David Aguirre Duport de Pontcharra.<\/li>\n<li><strong>Grabaci\u00f3n<\/strong> <strong>submarina<\/strong>: Marcos Jara Muriel.<\/li>\n<li><strong>Producci\u00f3n<\/strong>: Segundoplano, M\u00e1rmoles Sol.<\/li>\n<li><strong>Idea<\/strong> <strong>original<\/strong>: M\u00f3jate por la Vida.<\/li>\n<li><strong>Organizaci\u00f3n<\/strong>: Club Turaniana.<\/li>\n<li><strong>Formato<\/strong>: HD.<\/li>\n<li><strong>Idioma<\/strong>: Espa\u00f1ol.<\/li>\n<li><strong>Fotograf\u00eda<\/strong> <strong>de<\/strong> <strong>cartel<\/strong>: Isub. Ram\u00f3n Esteban.<\/li>\n<\/ul>\n<\/div><\/div><\/div><\/div><\/div><\/div><\/div><\/div><\/section>","protected":false},"excerpt":{"rendered":"<p>El Documental \u00abLuz Azul, un mar de vida\u00bb se presenta en la Universidad de Toledo<\/p>\n","protected":false},"author":2,"featured_media":6464,"comment_status":"open","ping_status":"open","sticky":false,"template":"","format":"link","meta":[],"categories":[83,127,130,129,280,248,96,285],"tags":[114,281,293,51],"_links":{"self":[{"href":"https:\/\/mojateporlavida.org\/index.php?rest_route=\/wp\/v2\/posts\/6685"}],"collection":[{"href":"https:\/\/mojateporlavida.org\/index.php?rest_route=\/wp\/v2\/posts"}],"about":[{"href":"https:\/\/mojateporlavida.org\/index.php?rest_route=\/wp\/v2\/types\/post"}],"author":[{"embeddable":true,"href":"https:\/\/mojateporlavida.org\/index.php?rest_route=\/wp\/v2\/users\/2"}],"replies":[{"embeddable":true,"href":"https:\/\/mojateporlavida.org\/index.php?rest_route=%2Fwp%2Fv2%2Fcomments&post=6685"}],"version-history":[{"count":9,"href":"https:\/\/mojateporlavida.org\/index.php?rest_route=\/wp\/v2\/posts\/6685\/revisions"}],"predecessor-version":[{"id":6835,"href":"https:\/\/mojateporlavida.org\/index.php?rest_route=\/wp\/v2\/posts\/6685\/revisions\/6835"}],"wp:featuredmedia":[{"embeddable":true,"href":"https:\/\/mojateporlavida.org\/index.php?rest_route=\/wp\/v2\/media\/6464"}],"wp:attachment":[{"href":"https:\/\/mojateporlavida.org\/index.php?rest_route=%2Fwp%2Fv2%2Fmedia&parent=6685"}],"wp:term":[{"taxonomy":"category","embeddable":true,"href":"https:\/\/mojateporlavida.org\/index.php?rest_route=%2Fwp%2Fv2%2Fcategories&post=6685"},{"taxonomy":"post_tag","embeddable":true,"href":"https:\/\/mojateporlavida.org\/index.php?rest_route=%2Fwp%2Fv2%2Ftags&post=6685"}],"curies":[{"name":"wp","href":"https:\/\/api.w.org\/{rel}","templated":true}]}}