{"id":6678,"date":"2018-07-30T12:00:00","date_gmt":"2018-07-30T10:00:00","guid":{"rendered":"http:\/\/mojateporlavida.org\/?p=6678"},"modified":"2023-07-19T19:17:59","modified_gmt":"2023-07-19T17:17:59","slug":"i-marcha-nordica-mojate-por-la-vida","status":"publish","type":"post","link":"https:\/\/mojateporlavida.org\/?p=6678","title":{"rendered":"I Marcha N\u00f3rdica \u00abM\u00f3jate por la Vida\u00bb"},"content":{"rendered":"<section id=\"bt_section69ef94ed28a72\"  class=\"boldSection gutter inherit\" style=\"background-color:#f4f6e1;\"><div class=\"port\"><div class=\"boldCell\"><div class=\"boldCellInner\"><div class=\"boldRow \" ><div class=\"boldRowInner\"><div class=\"rowItem col-md-8 col-ms-12 btTextLeft\"  data-width=\"8\"><div class=\"rowItemContent\" ><div class=\"btClear btSeparator topSemiSpaced bottomSemiSpaced noBorder\" ><hr><\/div><div class=\"btText\" ><p>\u00abI MARCHA N\u00d3RDICA M\u00d3JATE POR LA VIDA\u00bb<\/p>\n<p>I Marcha N\u00f3rdica \u00abM\u00f3jate por la vida\u00bb es una prueba de marcha n\u00f3rdica que se realizar\u00e1 el d\u00eda 8 de septiembre en Roquetas de Mar (Almer\u00eda), que se rige seg\u00fan el Reglamento de Marcha N\u00f3rdica de la Federaci\u00f3n Andaluza de Monta\u00f1ismo.<\/p>\n<p>Esta prueba, de car\u00e1cter solidario, se incluye dentro de la campa\u00f1a solidaria <strong>\u201cM\u00f3jate por la vida\u201d<\/strong> emprendida en 2017 por el club organizador, <strong>CD TurAniAnA<\/strong>, para la recaudaci\u00f3n de fondos para la investigaci\u00f3n contra el c\u00e1ncer infantil, concretamente para la Unidad de Terapias Avanzas del Hospital La Paz (Madrid) de la Fundaci\u00f3n Cris C\u00e1ncer. El objetivo de esta campa\u00f1a es recaudar 60.000,00 euros para este fin solidario, habiendo recaudado hasta la fecha 44.413,00 euros. <a href=\"https:\/\/solidarios.criscancer.org\/fundraisers\/cabo-de-gata-swim-project-mojate-por-la-vida\">(VER)<\/a><\/p>\n<\/div><\/div><\/div><div class=\"rowItem col-md-4 col-ms-12 btTextLeft\"  data-width=\"4\"><div class=\"rowItemContent\" ><div class=\"bpgPhoto  btHasTitles\" > \r\n\t\t\t\t\t<a href=\"http:\/\/inscripciones.tucarrera.es\/inscripcion\/i-marcha-nordica-mojate-por-la-vida\/7339&amp;lang=es\" target=\"_self\" title=\"\"><\/a>\r\n\t\t\t\t\t<div class=\"boldPhotoBox\"><div class=\"bpbItem\"><div class = \"btImage\"><img src=\"https:\/\/mojateporlavida.org\/wp-content\/uploads\/2018\/07\/CARTEL-MARCHA-PARA-WEB.jpg\" alt=\"\" title=\"INSCRIPCIONES\"><\/div><\/div><\/div>\r\n\t\t\t\t\t<div class=\"captionPane btDarkSkin btTextCenter\">\r\n\t\t\t\t\t\t<div class=\"captionTable\">\r\n\t\t\t\t\t\t\t<div class=\"captionCell\">\r\n\t\t\t\t\t\t\t\t<div class=\"captionTxt\"><header class=\"header btClear extrasmall\" ><div class=\"btSuperTitle\"><span>INSCRIPCIONES<\/span><\/div><\/header><\/div>\r\n\t\t\t\t\t\t\t<\/div>\r\n\t\t\t\t\t\t<\/div>\r\n\t\t\t\t\t<\/div>\r\n\t\t\t\t\t\t<div class=\"btShowTitle\">\r\n\t\t\t\t\t\t\t<div class=\"btShowTitleCaptionTxt\"><header class=\"header btClear small\" ><div class=\"btSuperTitle\"><span>INSCRIPCIONES<\/span><\/div><\/header><\/div>\r\n\t\t\t\t\t\t<\/div><\/div><div class=\"btClear btSeparator topSpaced bottomSpaced noBorder\" ><hr><\/div><\/div><\/div><\/div><\/div><div class=\"boldRow \" ><div class=\"boldRowInner\"><div class=\"rowItem col-md-12 col-ms-12  btTextLeft\"  data-width=\"12\"><div class=\"rowItemContent\" ><a href=\"http:\/\/mojateporlavida.org\/?page_id=6511\" class=\"btBtn btBtn btnOutlineStyle btnaccent3Color btnBig btnNormalWidth btnInlinePosition btnIco\" ><span class=\"btnInnerText\">M\u00c1S INFORMACI\u00d3N<\/span><span class=\"btIco \"><span  data-ico-fa=\"&#xf1d9;\" class=\"btIcoHolder\"><\/span><\/span><\/a><div class=\"btClear btSeparator topSemiSpaced bottomSemiSpaced noBorder\" ><hr><\/div><div class=\"btText\" ><p>Aqu\u00ed tienes m\u00e1s informaci\u00f3n sobre la prueba.<\/p>\n<p>Recuerda que puedes hacer tus donativos en la inscripci\u00f3n, o en cualquier momento directamente en la web del proyecto: <a href=\"https:\/\/solidarios.criscancer.org\/fundraisers\/cabo-de-gata-swim-project-mojate-por-la-vida\">https:\/\/solidarios.criscancer.org\/fundraisers\/cabo-de-gata-swim-project-mojate-por-la-vida<\/a><\/p>\n<\/div><div class=\"btClear btSeparator topSmallSpaced bottomSmallSpaced noBorder\" ><hr><\/div><\/div><\/div><\/div><\/div><div class=\"boldRow \" ><div class=\"boldRowInner\"><div class=\"rowItem col-md-12 col-ms-12  btTextLeft\"  data-width=\"12\"><div class=\"rowItemContent\" ><div class=\"btText\" ><p><iframe loading=\"lazy\" src=\"https:\/\/www.youtube.com\/embed\/UYzhDZKluX4\" width=\"560\" height=\"315\" frameborder=\"0\" allowfullscreen=\"allowfullscreen\"><\/iframe><\/p>\n<\/div><\/div><\/div><\/div><\/div><\/div><\/div><\/div><\/section>","protected":false},"excerpt":{"rendered":"<p>El CD TurAniAnA organiza la I Marcha N\u00f3rdica \u00abM\u00f3jate por la Vida\u00bb. Prueba solidaria de Marcha N\u00f3rdica, perteneciente a la Copa Andaluza de Marcha N\u00f3rdica.<\/p>\n","protected":false},"author":2,"featured_media":6576,"comment_status":"open","ping_status":"open","sticky":false,"template":"","format":"audio","meta":[],"categories":[83,288,96],"tags":[114,104,257,289,111],"_links":{"self":[{"href":"https:\/\/mojateporlavida.org\/index.php?rest_route=\/wp\/v2\/posts\/6678"}],"collection":[{"href":"https:\/\/mojateporlavida.org\/index.php?rest_route=\/wp\/v2\/posts"}],"about":[{"href":"https:\/\/mojateporlavida.org\/index.php?rest_route=\/wp\/v2\/types\/post"}],"author":[{"embeddable":true,"href":"https:\/\/mojateporlavida.org\/index.php?rest_route=\/wp\/v2\/users\/2"}],"replies":[{"embeddable":true,"href":"https:\/\/mojateporlavida.org\/index.php?rest_route=%2Fwp%2Fv2%2Fcomments&post=6678"}],"version-history":[{"count":6,"href":"https:\/\/mojateporlavida.org\/index.php?rest_route=\/wp\/v2\/posts\/6678\/revisions"}],"predecessor-version":[{"id":6684,"href":"https:\/\/mojateporlavida.org\/index.php?rest_route=\/wp\/v2\/posts\/6678\/revisions\/6684"}],"wp:featuredmedia":[{"embeddable":true,"href":"https:\/\/mojateporlavida.org\/index.php?rest_route=\/wp\/v2\/media\/6576"}],"wp:attachment":[{"href":"https:\/\/mojateporlavida.org\/index.php?rest_route=%2Fwp%2Fv2%2Fmedia&parent=6678"}],"wp:term":[{"taxonomy":"category","embeddable":true,"href":"https:\/\/mojateporlavida.org\/index.php?rest_route=%2Fwp%2Fv2%2Fcategories&post=6678"},{"taxonomy":"post_tag","embeddable":true,"href":"https:\/\/mojateporlavida.org\/index.php?rest_route=%2Fwp%2Fv2%2Ftags&post=6678"}],"curies":[{"name":"wp","href":"https:\/\/api.w.org\/{rel}","templated":true}]}}