{"id":6491,"date":"2018-07-20T12:00:53","date_gmt":"2018-07-20T10:00:53","guid":{"rendered":"http:\/\/mojateporlavida.org\/?p=6491"},"modified":"2023-07-19T19:09:56","modified_gmt":"2023-07-19T17:09:56","slug":"inauguracion-de-la-unidad-cris-en-el-hospital-de-la-paz","status":"publish","type":"post","link":"https:\/\/mojateporlavida.org\/?p=6491","title":{"rendered":"Inauguraci\u00f3n de la Unidad Cris en el Hospital de La Paz"},"content":{"rendered":"<section id=\"bt_section69ef789b69391\"  class=\"boldSection gutter inherit\" ><div class=\"port\"><div class=\"boldCell\"><div class=\"boldCellInner\"><div class=\"boldRow \" ><div class=\"boldRowInner\"><div class=\"rowItem col-md-12 col-ms-12  btTextLeft\"  data-width=\"12\"><div class=\"rowItemContent\" ><div class=\"bpgPhoto \" ><div class = \"btImage\"><img src=\"https:\/\/mojateporlavida.org\/wp-content\/uploads\/2018\/07\/visita8planta090_001.jpg\" alt=\"\" title=\"\"><\/div><\/div><div class=\"btClear btSeparator topExtraSmallSpaced bottomSmallSpaced noBorder\" ><hr><\/div><div class=\"btText\" ><p>El pasado lunes 9 de julio, cumplimos uno de nuestros grandes sue\u00f1os, acudir a la presentaci\u00f3n oficial de la Unidad Cris\u00a0 en la remodelada planta octava del Hospital Materno Infantil de La Paz. Tras m\u00e1s de un a\u00f1o, difundiendo la necesidad de la Investigaci\u00f3n y el conocimiento hemos podido comprobar que los fondos recaudados y toda la ilusi\u00f3n, est\u00e1 dando resultado.<\/p>\n<\/div><div class=\"btClear btSeparator topSemiSpaced bottomSemiSpaced noBorder\" ><hr><\/div><\/div><\/div><\/div><\/div><\/div><\/div><\/div><\/section><section id=\"bt_section69ef789b69bdb\"  class=\"boldSection gutter inherit\" ><div class=\"port\"><div class=\"boldCell\"><div class=\"boldCellInner\"><div class=\"boldRow \" ><div class=\"boldRowInner\"><div class=\"rowItem col-md-12 col-ms-12  btTextLeft\"  data-width=\"12\"><div class=\"rowItemContent\" ><div class=\"btText\" ><p>Una representaci\u00f3n de #M\u00f3jateporlavida, lleg\u00f3 con gran ilusi\u00f3n a la presentaci\u00f3n convocada por la Fundaci\u00f3n Cris contra el C\u00e1ncer. Las nadadoras Ainhoa y Arancha Ruiz De Larramendi Fern\u00e1ndez, junto con Agust\u00edn Ram\u00edrez Vallecillos (organizaci\u00f3n) y nuestra mascota Gaby, se desplazaron a Madrid con gran ilusi\u00f3n, representando a todos los integrantes y simpatizantes de la Iniciativa Solidaria M\u00f3jate Por La Vida.<\/p>\n<p>Nada m\u00e1s entrar en La Paz, nos encontramos con voluntarios de Cris Contra el C\u00e1ncer y a nuestra querida Patricia Senarega.<\/p>\n<p><img decoding=\"async\" loading=\"lazy\" class=\"size-medium wp-image-6496 aligncenter\" src=\"http:\/\/mojateporlavida.org\/wp-content\/uploads\/2018\/07\/visita8planta090_002-640x427.jpg\" alt=\"\" width=\"640\" height=\"427\" srcset=\"https:\/\/mojateporlavida.org\/wp-content\/uploads\/2018\/07\/visita8planta090_002-640x427.jpg 640w, https:\/\/mojateporlavida.org\/wp-content\/uploads\/2018\/07\/visita8planta090_002-768x512.jpg 768w, https:\/\/mojateporlavida.org\/wp-content\/uploads\/2018\/07\/visita8planta090_002-1280x853.jpg 1280w, https:\/\/mojateporlavida.org\/wp-content\/uploads\/2018\/07\/visita8planta090_002-320x213.jpg 320w, https:\/\/mojateporlavida.org\/wp-content\/uploads\/2018\/07\/visita8planta090_002.jpg 1620w\" sizes=\"(max-width: 640px) 100vw, 640px\" \/><\/p>\n<p>Tras los saludos de rigor y los emotivos reencuentros, acudimos al sal\u00f3n de actos de La Paz, donde Cuatro grandes ponentes nos presentaron la Unidad, su estado, funcionamiento, utilidad y necesidad de la misma.<\/p>\n<\/div><\/div><\/div><\/div><\/div><div class=\"boldRow \" ><div class=\"boldRowInner\"><div class=\"rowItem col-md-6 col-sm-12 btTextLeft\"  data-width=\"6\"><div class=\"rowItemContent\" ><div class=\"btClear btSeparator topSemiSpaced bottomSemiSpaced noBorder\" ><hr><\/div><div class=\"bpgPhoto  btRoundedImage\" ><div class = \"btImage\"><img src=\"https:\/\/mojateporlavida.org\/wp-content\/uploads\/2018\/07\/visita8planta090_004.jpg\" alt=\"\" title=\"\"><\/div><\/div><div class=\"btClear btSeparator topSmallSpaced bottomSmallSpaced noBorder\" ><hr><\/div><\/div><\/div><div class=\"rowItem col-md-6 col-sm-12 btTextLeft\"  data-width=\"6\"><div class=\"rowItemContent\" ><div class=\"btClear btSeparator topSmallSpaced bottomSmallSpaced noBorder\" ><hr><\/div><div class=\"bpgPhoto  btRoundedImage\" ><div class = \"btImage\"><img src=\"https:\/\/mojateporlavida.org\/wp-content\/uploads\/2018\/07\/visita8planta090_005.jpg\" alt=\"\" title=\"\"><\/div><\/div><div class=\"btClear btSeparator topSmallSpaced bottomSmallSpaced noBorder\" ><hr><\/div><\/div><\/div><\/div><\/div><div class=\"boldRow \" ><div class=\"boldRowInner\"><div class=\"rowItem col-md-3 col-sm-6 col-ms-12 btTextLeft\"  data-width=\"3\"><div class=\"rowItemContent\" ><div class=\"btClear btSeparator topSemiSpaced bottomSemiSpaced noBorder\" ><hr><\/div><div class=\"bpgPhoto  btRoundedImage\" ><div class = \"btImage\"><img src=\"https:\/\/mojateporlavida.org\/wp-content\/uploads\/2018\/08\/Antonio-Pe\u0301rez.png\" alt=\"\" title=\"\"><\/div><\/div><div class=\"btClear btSeparator topSmallSpaced bottomSmallSpaced noBorder\" ><hr><\/div><header class=\"header btClear small\" ><div class=\"btSuperTitle\"><span>Jefe del Servicio de Hematolog\u00eda<\/span><\/div><div class=\"dash\"><h4><span class=\"headline\">Dr. Antonio P\u00e9rez Mart\u00ednez<\/span><\/h4><\/div><div class=\"btSubTitle\">Hospital Universitario La Paz<\/div><\/header><\/div><\/div><div class=\"rowItem col-md-3 col-sm-6 col-ms-12 btTextLeft\"  data-width=\"3\"><div class=\"rowItemContent\" ><div class=\"btClear btSeparator topSemiSpaced bottomSemiSpaced noBorder\" ><hr><\/div><div class=\"bpgPhoto  btRoundedImage\" ><div class = \"btImage\"><img src=\"https:\/\/mojateporlavida.org\/wp-content\/uploads\/2018\/08\/Lola-Manterola.png\" alt=\"\" title=\"\"><\/div><\/div><div class=\"btClear btSeparator topSmallSpaced bottomSmallSpaced noBorder\" ><hr><\/div><header class=\"header btClear small\" ><div class=\"btSuperTitle\"><span>Vicepresidenta<\/span><\/div><div class=\"dash\"><h4><span class=\"headline\">D\u00f1a. Mar\u00eda Dolores Manterola Jara<\/span><\/h4><\/div><div class=\"btSubTitle\">Fundaci\u00f3n CRIS<\/div><\/header><\/div><\/div><div class=\"rowItem col-md-3 col-sm-6 col-ms-12 btTextLeft\"  data-width=\"3\"><div class=\"rowItemContent\" ><div class=\"btClear btSeparator topSemiSpaced bottomSemiSpaced noBorder\" ><hr><\/div><div class=\"bpgPhoto  btRoundedImage\" ><div class = \"btImage\"><img src=\"https:\/\/mojateporlavida.org\/wp-content\/uploads\/2018\/08\/M-Carmen-Varela.png\" alt=\"\" title=\"\"><\/div><\/div><div class=\"btClear btSeparator topSmallSpaced bottomSmallSpaced noBorder\" ><hr><\/div><header class=\"header btClear small\" ><div class=\"btSuperTitle\"><span>Directora<\/span><\/div><div class=\"dash\"><h4><span class=\"headline\">D\u00f1a. Mar\u00eda del Carmen Varela Gallego<\/span><\/h4><\/div><div class=\"btSubTitle\">Fundaci\u00f3n AVINTIA<\/div><\/header><\/div><\/div><div class=\"rowItem col-md-3 col-sm-6 col-ms-12 btTextLeft\"  data-width=\"3\"><div class=\"rowItemContent\" ><div class=\"btClear btSeparator topSemiSpaced bottomSemiSpaced noBorder\" ><hr><\/div><div class=\"bpgPhoto  btCircleImage\" ><div class = \"btImage\"><img src=\"https:\/\/mojateporlavida.org\/wp-content\/uploads\/2018\/08\/DRJavier-cobas-tamayo.png\" alt=\"\" title=\"\"><\/div><\/div><div class=\"btClear btSeparator topSmallSpaced bottomSmallSpaced noBorder\" ><hr><\/div><header class=\"header btClear small\" ><div class=\"btSuperTitle\"><span>Subdirector Gerente <\/span><\/div><div class=\"dash\"><h4><span class=\"headline\">Dr. Javier Cobas Tamayo<\/span><\/h4><\/div><div class=\"btSubTitle\">Hospital Materno Infantil La Paz<\/div><\/header><\/div><\/div><\/div><\/div><div class=\"boldRow \" ><div class=\"boldRowInner\"><div class=\"rowItem col-md-12 col-ms-12  btTextLeft\"  data-width=\"12\"><div class=\"rowItemContent\" ><div class=\"btClear btSeparator topSmallSpaced bottomSmallSpaced noBorder\" ><hr><\/div><div class=\"btText\" ><p>A continuaci\u00f3n, podemos ver la intervenci\u00f3n completa del Dr. Antonio P\u00e9rez Mart\u00ednez en la que explica la importancia de la Unidad CRIS, y los proyectos en los que participar\u00e1<\/p>\n<\/div><div class=\"btClear btSeparator topSmallSpaced bottomSmallSpaced noBorder\" ><hr><\/div><\/div><\/div><\/div><\/div><\/div><\/div><\/div><\/section><section id=\"bt_section69ef789b6b229\"  class=\"boldSection gutter\" ><div class=\"port\"><div class=\"boldCell\"><div class=\"boldCellInner\"><div class=\"boldRow \" ><div class=\"boldRowInner\"><div class=\"rowItem col-md-12 col-ms-12  btTextLeft\"  data-width=\"12\"><div class=\"rowItemContent\" ><div class=\"btText\" ><p><iframe loading=\"lazy\" width=\"1200\" height=\"675\" src=\"https:\/\/www.youtube.com\/embed\/17zgLHTmQ0Y?feature=oembed\" frameborder=\"0\" allow=\"autoplay; encrypted-media\" allowfullscreen><\/iframe><\/p>\n<\/div><\/div><\/div><\/div><\/div><\/div><\/div><\/div><\/section><section id=\"bt_section69ef789b6b3da\"  class=\"boldSection gutter inherit\" ><div class=\"port\"><div class=\"boldCell\"><div class=\"boldCellInner\"><div class=\"boldRow \" ><div class=\"boldRowInner\"><div class=\"rowItem col-md-4 col-ms-12 btTextLeft\"  data-width=\"4\"><div class=\"rowItemContent\" ><div class=\"btClear btSeparator topSemiSpaced bottomSemiSpaced noBorder\" ><hr><\/div><div class=\"bpgPhoto \" > \r\n\t\t\t\t\t<a href=\"https:\/\/criscancer.org\/es\/\" target=\"_self\" title=\"\"><\/a>\r\n\t\t\t\t\t<div class=\"boldPhotoBox\"><div class=\"bpbItem\"><div class = \"btImage\"><img src=\"https:\/\/mojateporlavida.org\/wp-content\/uploads\/2017\/01\/logo-CRIS_web-copia.jpg\" alt=\"\" title=\"\"><\/div><\/div><\/div>\r\n\t\t\t\t\t<div class=\"captionPane btDarkSkin btTextCenter\">\r\n\t\t\t\t\t\t<div class=\"captionTable\">\r\n\t\t\t\t\t\t\t<div class=\"captionCell\">\r\n\t\t\t\t\t\t\t\t<div class=\"captionTxt\"><\/div>\r\n\t\t\t\t\t\t\t<\/div>\r\n\t\t\t\t\t\t<\/div>\r\n\t\t\t\t\t<\/div><\/div><\/div><\/div><div class=\"rowItem col-md-8 col-ms-12 btTextLeft\"  data-width=\"8\"><div class=\"rowItemContent\" ><div class=\"btClear btSeparator topSemiSpaced bottomSemiSpaced noBorder\" ><hr><\/div><div class=\"btText\" ><p>Por su parte, Lola Manterola de la fundaci\u00f3n Cris, explic\u00f3 la trayectoria de la Fundaci\u00f3n, tanto econ\u00f3mica como social, agradeciendo a los socios y a todos los implicados en mantener vivos los sue\u00f1os de la <a href=\"https:\/\/criscancer.org\/es\/\">Fundaci\u00f3n Cris Contra el C\u00e1ncer<\/a>.<\/p>\n<\/div><\/div><\/div><\/div><\/div><div class=\"boldRow \" ><div class=\"boldRowInner\"><div class=\"rowItem col-md-4 col-ms-12 btTextLeft\"  data-width=\"4\"><div class=\"rowItemContent\" ><div class=\"btClear btSeparator topSemiSpaced bottomSemiSpaced noBorder\" ><hr><\/div><div class=\"bpgPhoto \" > \r\n\t\t\t\t\t<a href=\"https:\/\/grupoavintia.com\/noticias\/cuenta-atras-para-que-la-unidad-cris-inicie-su-actividad-en-la-paz\/\" target=\"_self\" title=\"\"><\/a>\r\n\t\t\t\t\t<div class=\"boldPhotoBox\"><div class=\"bpbItem\"><div class = \"btImage\"><img src=\"https:\/\/mojateporlavida.org\/wp-content\/uploads\/2018\/08\/avintia.png\" alt=\"\" title=\"\"><\/div><\/div><\/div>\r\n\t\t\t\t\t<div class=\"captionPane btDarkSkin btTextCenter\">\r\n\t\t\t\t\t\t<div class=\"captionTable\">\r\n\t\t\t\t\t\t\t<div class=\"captionCell\">\r\n\t\t\t\t\t\t\t\t<div class=\"captionTxt\"><\/div>\r\n\t\t\t\t\t\t\t<\/div>\r\n\t\t\t\t\t\t<\/div>\r\n\t\t\t\t\t<\/div><\/div><\/div><\/div><div class=\"rowItem col-md-8 col-ms-12 btTextLeft\"  data-width=\"8\"><div class=\"rowItemContent\" ><div class=\"btClear btSeparator topSemiSpaced bottomSemiSpaced noBorder\" ><hr><\/div><div class=\"btText\" ><p>Posteriormente, Carmen Varela, de la a Fundaci\u00f3n Avintia explic\u00f3 el apoyo de la Fundaci\u00f3n a este proyecto. Asegur\u00f3 que la Unidad se convertir\u00e1 en un referente en la investigaci\u00f3n y tratamiento en el campo de la oncolog\u00eda pedi\u00e1trica en nuestro pa\u00eds.<\/p>\n<\/div><div class=\"btClear btSeparator topSemiSpaced bottomSemiSpaced noBorder\" ><hr><\/div><\/div><\/div><\/div><\/div><div class=\"boldRow \" ><div class=\"boldRowInner\"><div class=\"rowItem col-md-4 col-ms-12 btTextLeft\"  data-width=\"4\"><div class=\"rowItemContent\" ><div class=\"btClear btSeparator topSemiSpaced bottomSemiSpaced noBorder\" ><hr><\/div><div class=\"bpgPhoto \" > \r\n\t\t\t\t\t<a href=\"http:\/\/www.infosalus.com\/asistencia\/noticia-cuenta-atras-unidad-cris-investigacion-terapias-avanzadas-cancer-infantil-hospital-paz-20180711170515.html\" target=\"_self\" title=\"\"><\/a>\r\n\t\t\t\t\t<div class=\"boldPhotoBox\"><div class=\"bpbItem\"><div class = \"btImage\"><img src=\"https:\/\/mojateporlavida.org\/wp-content\/uploads\/2018\/08\/hospital-de-la-paz.png\" alt=\"\" title=\"\"><\/div><\/div><\/div>\r\n\t\t\t\t\t<div class=\"captionPane btDarkSkin btTextCenter\">\r\n\t\t\t\t\t\t<div class=\"captionTable\">\r\n\t\t\t\t\t\t\t<div class=\"captionCell\">\r\n\t\t\t\t\t\t\t\t<div class=\"captionTxt\"><\/div>\r\n\t\t\t\t\t\t\t<\/div>\r\n\t\t\t\t\t\t<\/div>\r\n\t\t\t\t\t<\/div><\/div><\/div><\/div><div class=\"rowItem col-md-8 col-ms-12 btTextLeft\"  data-width=\"8\"><div class=\"rowItemContent\" ><div class=\"btClear btSeparator topSemiSpaced bottomSemiSpaced noBorder\" ><hr><\/div><div class=\"btText\" ><p>Por \u00faltimo, el <span class=\"headline\">Dr. Javier Cobas Tamayo, <\/span>agradeci\u00f3 que se puediese llevar a cabo esta unidad en un Hospital referente como La Paz. Un hospital como este debe estar sustentado en cuatro \u00e1reas de actuaci\u00f3n: actividad asistencial, la actividad docente, la actividad investigadora y la \u00faltima la innovaci\u00f3n. Para poder mantener esas cuatro funciones, se necesita de la sociedad civil y de proyectos como este.<\/p>\n<\/div><div class=\"btClear btSeparator topSemiSpaced bottomSemiSpaced noBorder\" ><hr><\/div><\/div><\/div><\/div><\/div><\/div><\/div><\/div><\/section><section id=\"bt_section69ef789b6bf3c\"  class=\"boldSection gutter\" ><div class=\"port\"><div class=\"boldCell\"><div class=\"boldCellInner\"><div class=\"boldRow \" ><div class=\"boldRowInner\"><div class=\"rowItem col-md-6 col-sm-12 btTextLeft\"  data-width=\"6\"><div class=\"rowItemContent\" ><\/div><\/div><div class=\"rowItem col-md-6 col-sm-12 btTextLeft\"  data-width=\"6\"><div class=\"rowItemContent\" ><\/div><\/div><\/div><\/div><div class=\"boldRow \" ><div class=\"boldRowInner\"><div class=\"rowItem col-md-12 col-ms-12  btTextLeft\"  data-width=\"12\"><div class=\"rowItemContent\" ><div class=\"btText\" ><p>A continuaci\u00f3n se produjo una segunda visita de obra a las instalaciones, que ser\u00e1n equipadas en los pr\u00f3ximos meses con maquinaria de \u00faltima generaci\u00f3n en el \u00e1mbito de la medicina e investigaci\u00f3n oncol\u00f3gica.<\/p>\n<p>Empresas, particulares y socios de CRIS Contra el C\u00e1ncer que han participado de una forma u otra en el proyecto y por supuesto nuestros representantes de M\u00f3jate por la Vida pudimos ver la distribuci\u00f3n y decoraci\u00f3n de la planta, que comenzar\u00e1 su actividad en un breve plazo.<\/p>\n<\/div><\/div><\/div><\/div><\/div><div class=\"boldRow \" ><div class=\"boldRowInner\"><div class=\"rowItem col-md-12 col-ms-12  btTextLeft\"  data-width=\"12\"><div class=\"rowItemContent\" ><div class=\"btText\" ><p>Os recordamos que M\u00f3jate por la Vida lleva recaudado para este proyecto m\u00e1s de 44000 \u20ac y que nuestra pr\u00f3xima\u00a0 actividad, para llegar a los 60000\u20ac que nos propusimos ser\u00e1 la \u00abI Marcha N\u00f3rdica M\u00f3jate por la Vida\u00bb que se realizar\u00e1 el d\u00eda 8 de septiembre en Roquetas de Mar (Almer\u00eda).<\/p>\n<p><a href=\"http:\/\/mojateporlavida.org\/?page_id=6511\">M\u00e1s informaci\u00f3n sobre la \u00abI Marcha N\u00f3rdica M\u00f3jate por la Vida\u00bb<\/a><\/p>\n<\/div><div class=\"bpgPhoto  btHasTitles\" > \r\n\t\t\t\t\t<a href=\"http:\/\/mojateporlavida.org\/?page_id=6511\" target=\"_self\" title=\"Informaci\u00f3n\"><\/a>\r\n\t\t\t\t\t<div class=\"boldPhotoBox\"><div class=\"bpbItem\"><div class = \"btImage\"><img src=\"https:\/\/mojateporlavida.org\/wp-content\/uploads\/2018\/07\/BANER-MNORDICA.jpg\" alt=\"\" title=\"Informaci\u00f3n\"><\/div><\/div><\/div>\r\n\t\t\t\t\t<div class=\"captionPane btDarkSkin btTextCenter\">\r\n\t\t\t\t\t\t<div class=\"captionTable\">\r\n\t\t\t\t\t\t\t<div class=\"captionCell\">\r\n\t\t\t\t\t\t\t\t<div class=\"captionTxt\"><header class=\"header btClear extrasmall\" ><div class=\"dash\"><h4><span class=\"headline\">Informaci\u00f3n<\/span><\/h4><\/div><\/header><\/div>\r\n\t\t\t\t\t\t\t<\/div>\r\n\t\t\t\t\t\t<\/div>\r\n\t\t\t\t\t<\/div>\r\n\t\t\t\t\t\t<div class=\"btShowTitle\">\r\n\t\t\t\t\t\t\t<div class=\"btShowTitleCaptionTxt\"><header class=\"header btClear small\" ><div class=\"dash\"><h4><span class=\"headline\">Informaci\u00f3n<\/span><\/h4><\/div><\/header><\/div>\r\n\t\t\t\t\t\t<\/div><\/div><\/div><\/div><\/div><\/div><\/div><\/div><\/div><\/section><section id=\"bt_section69ef789b6c5a8\"  class=\"boldSection gutter\" ><div class=\"port\"><div class=\"boldCell\"><div class=\"boldCellInner\"><div class=\"boldRow \" ><div class=\"boldRowInner\"><div class=\"rowItem col-md-12 col-ms-12  btTextLeft\"  data-width=\"12\"><div class=\"rowItemContent\" ><header class=\"header btClear extralarge\" ><div class=\"btSuperTitle\"><span>Hoy, m\u00e1s que nunca decimos:<\/span><\/div><div class=\"dash\"><h1><span class=\"headline\">Yo me Mojo por la Vida, y T\u00fa?<\/span><\/h1><\/div><\/header><div class=\"btText\" ><p><iframe loading=\"lazy\" width=\"1200\" height=\"675\" src=\"https:\/\/www.youtube.com\/embed\/videoseries?list=PLRbGn0VLYydshmHhVG_kiwKl3cJzQK5eq\" frameborder=\"0\" allow=\"autoplay; encrypted-media\" allowfullscreen><\/iframe><\/p>\n<\/div><\/div><\/div><\/div><\/div><\/div><\/div><\/div><\/section>","protected":false},"excerpt":{"rendered":"<p>Se cumple un sue\u00f1o, la inauguraci\u00f3n de la Unidad Cris en la Planta 8 del Hospital de la Paz de Madrid.<\/p>\n","protected":false},"author":2,"featured_media":6493,"comment_status":"open","ping_status":"open","sticky":false,"template":"","format":"audio","meta":[],"categories":[127,131,96,156,169],"tags":[114,252,88,134,244,173,191,286],"_links":{"self":[{"href":"https:\/\/mojateporlavida.org\/index.php?rest_route=\/wp\/v2\/posts\/6491"}],"collection":[{"href":"https:\/\/mojateporlavida.org\/index.php?rest_route=\/wp\/v2\/posts"}],"about":[{"href":"https:\/\/mojateporlavida.org\/index.php?rest_route=\/wp\/v2\/types\/post"}],"author":[{"embeddable":true,"href":"https:\/\/mojateporlavida.org\/index.php?rest_route=\/wp\/v2\/users\/2"}],"replies":[{"embeddable":true,"href":"https:\/\/mojateporlavida.org\/index.php?rest_route=%2Fwp%2Fv2%2Fcomments&post=6491"}],"version-history":[{"count":26,"href":"https:\/\/mojateporlavida.org\/index.php?rest_route=\/wp\/v2\/posts\/6491\/revisions"}],"predecessor-version":[{"id":6673,"href":"https:\/\/mojateporlavida.org\/index.php?rest_route=\/wp\/v2\/posts\/6491\/revisions\/6673"}],"wp:featuredmedia":[{"embeddable":true,"href":"https:\/\/mojateporlavida.org\/index.php?rest_route=\/wp\/v2\/media\/6493"}],"wp:attachment":[{"href":"https:\/\/mojateporlavida.org\/index.php?rest_route=%2Fwp%2Fv2%2Fmedia&parent=6491"}],"wp:term":[{"taxonomy":"category","embeddable":true,"href":"https:\/\/mojateporlavida.org\/index.php?rest_route=%2Fwp%2Fv2%2Fcategories&post=6491"},{"taxonomy":"post_tag","embeddable":true,"href":"https:\/\/mojateporlavida.org\/index.php?rest_route=%2Fwp%2Fv2%2Ftags&post=6491"}],"curies":[{"name":"wp","href":"https:\/\/api.w.org\/{rel}","templated":true}]}}