{"id":6469,"date":"2018-02-02T20:05:18","date_gmt":"2018-02-02T19:05:18","guid":{"rendered":"http:\/\/mojateporlavida.org\/?p=6469"},"modified":"2019-01-30T20:07:03","modified_gmt":"2019-01-30T19:07:03","slug":"luz-azul-en-el-museo-de-almeria","status":"publish","type":"post","link":"https:\/\/mojateporlavida.org\/?p=6469","title":{"rendered":"Luz Azul en el Museo de Almer\u00eda"},"content":{"rendered":"<section id=\"bt_section69f462af368dd\"  class=\"boldSection gutter\" ><div class=\"port\"><div class=\"boldCell\"><div class=\"boldCellInner\"><\/div><\/div><\/div><\/section><section id=\"bt_section69f462af36974\"  class=\"boldSection gutter\" ><div class=\"port\"><div class=\"boldCell\"><div class=\"boldCellInner\"><div class=\"boldRow \" ><div class=\"boldRowInner\"><div class=\"rowItem col-md-4 col-ms-12 btTextLeft\"  data-width=\"4\"><div class=\"rowItemContent\" ><div class=\"bpgPhoto  btRoundedImage\" ><div class = \"btImage\"><img src=\"https:\/\/mojateporlavida.org\/wp-content\/uploads\/2018\/04\/Cartel-presentacio\u0301n-del-museoluz-azul-320x453.jpg\" alt=\"\" title=\"\"><\/div><\/div><\/div><\/div><div class=\"rowItem col-md-8 col-ms-12 btTextLeft\"  data-width=\"8\"><div class=\"rowItemContent\" ><div class=\"btText\" ><p>El pasado 1 de febrero presentamos a numerosos amigos y colaboradores del proyecto \u00abM\u00f3jate por la Vida\u00bb el documental &#8216;Luz Azul. Un Mar de Vida&#8217; el documental del reto solidario deportivo \u201cCabo de Gata \u2013 Nijar Swim Project\u201d, consistente en nadar los 60 kil\u00f3metros de la franja costera del PN Cabo de Gata \u2013 N\u00edjar en 5 d\u00edas consecutivos por la investigaci\u00f3n contra el c\u00e1ncer infantil.<\/p>\n<p>\u201cLuz Azul. Un Mar de Vida\u201d es un documental de David Aguirre de Segundo Plano y M\u00e1rmoles Sol que tiene una duraci\u00f3n de 55 minutos, est\u00e1 dedicado a los peque\u00f1os y a sus familias que cada d\u00eda luchan por vencer el c\u00e1ncer infantil y pretende recoger por una parte lo ocurrido durante los d\u00edas del reto deportivo y por otra continuar con la campa\u00f1a de sensibilizaci\u00f3n hacia la necesidad de la investigaci\u00f3n para ganarle la batalla a enfermedades como el C\u00e1ncer Infantil.<\/p>\n<p>Tambi\u00e9n se puede conocer m\u00e1s a los miembros de la iniciativa \u00abM\u00f3jate por la Vida\u00bb y la motivaci\u00f3n y finallidad de la misma.<\/p>\n<p>La presentaci\u00f3n fue a las 19:00, en el \u00a0Museo de Almer\u00eda y contamos con el apoyo de amigos, participantes en el reto, patrocinadores, instituciones&#8230;.<\/p>\n<p>Cuando est\u00e1bamos montando lleg\u00f3 David Aguirre con su familia al completo, tras \u00e9l Alexis Pineda, Concejal de Turismo, Patrimonio Cultural y Playas del Ayuntamiento de Nijar, y el resto del equipo de organizaci\u00f3n. Volver a ver a los nadadores invitados como Yolanda, Adri\u00e1n y Fernando, a Macarena y Luis de Pescartes y a Cristina de Colfisio, es volver a una semana de agosto donde todo sucedi\u00f3 tan r\u00e1pido que no nos dimos cuenta de que superamos un reto muy ambicioso.<\/p>\n<p>Minutos antes de comenzar, llegaron \u00c1ngeles Mart\u00ednez, Diputada de Deportes y Juventud, y Alfredo Valdivia, Delegado de Cultura, ellos representan el apoyo institucional que hemos tenido desde que empezamos esta traves\u00eda, gracias por mojaros con nosotros.<\/p>\n<p>La encargada de llevar el ritmo del acto, fue nuestra compa\u00f1era de Redes Mari Luz Arr\u00e1ez.<\/p>\n<p>Era un acto muy emotivo para todos los participantes, ya que se mantuvo en secreto el documental y tan s\u00f3lo lo hab\u00edan visto los miembros de Comunicaci\u00f3n y el director David Aguirre. Era por lo tanto una sorpresa, tanto para nadores y nadadoras como para el resto de interesados. Para el director del mismo y para nosotros (Agust\u00edn Ram\u00edrez y Mari Luz Arr\u00e1ez), era grande la responsabilidad al estar deseando observar la reacci\u00f3n de nuestros propios compa\u00f1eros ante el estreno.<\/p>\n<p>Mari Luz Arraez comenz\u00f3 el acto con unas preciosas palabras en las que nos comentaba la leyenda japonesa de los hilos rojos que unen a las personas destinadas a hacer historia. Realmente nos emocionamos todos y todas al visualizar cada miembro del equipo todos y cada uno de esos hilos rojos, que nos han estado uniendo cont\u00ednuamente durante todo este proyecto. Algunos de estos muy cerquita y otros vajando muchos kil\u00f3metros al hospital de la paz o a muchos pa\u00edses desde los que nos han mandado mensajes \u00abmoj\u00e1ndose por la vida\u00bb.<\/p>\n<p>Durante la proyecci\u00f3n del documental no hubo silencio, pero creo que a ninguno de los asistentes le importo, el ruido que hab\u00eda de fondo era el de la vida, se escuchaban nuestro hijos jugar y corretear por la sala. Sonido que tambi\u00e9n esta de fondo en el documental \u201cLuz Azul. Un Mar de Vida\u201d y al que os invito a que ve\u00e1is cuando pod\u00e1is. Tranquilos, va a ser un documental viajero y muy pronto podr\u00e9is verlo en varios puntos de nuestra geograf\u00eda. Mientras tanto pod\u00e9is ver algo gracias al trailer.<\/p>\n<\/div><\/div><\/div><\/div><\/div><\/div><\/div><\/div><\/section><section id=\"bt_section69f462af374a6\"  class=\"boldSection gutter\" ><div class=\"port\"><div class=\"boldCell\"><div class=\"boldCellInner\"><div class=\"boldRow \" ><div class=\"boldRowInner\"><div class=\"rowItem col-md-4 col-ms-12 btTextLeft\"  data-width=\"4\"><div class=\"rowItemContent\" ><div class=\"bpgPhoto  btRoundedImage\" ><div class = \"btImage\"><img src=\"https:\/\/mojateporlavida.org\/wp-content\/uploads\/2018\/04\/Cartel-presentacio\u0301n-del-museoluz-azul-320x453.jpg\" alt=\"\" title=\"\"><\/div><\/div><\/div><\/div><div class=\"rowItem col-md-8 col-ms-12 btTextLeft\"  data-width=\"8\"><div class=\"rowItemContent\" ><div class=\"btText\" ><blockquote><p>Momentos, sentimientos\u2026 que David Aguirre de Segundo Plano ha sabido recoger en este documental, que cuenta con el apoyo de Marmoles Sol. \u201cLuz Azul. Un Mar de Vida\u201d es un mensaje de esperanza para todas aquellas personas que tienen que hacer frente al c\u00e1ncer y en especial para los peque\u00f1os h\u00e9roes y sus familias. H\u00e9roes que hemos conocido de la mano de la Fundaci\u00f3n Cris, y a la que estamos agradecidos por habernos permitido ser una gota m\u00e1s en la Unidad de Terapias Avanzadas del Hospital La Paz, La Unidad Cris, estamos convencidos de que juntos lo conseguiremos.<\/p>\n<p>A esos h\u00e9roes y sus familias queremos regalarles la luz que hay en las aguas de Cabo de Gata, luz que los guiar\u00e1 durante sus vidas y la nuestra.<\/p>\n<p>Quiero acabar dando las gracias a nuestro club, el que nos ha permitido hacer realizad nuestro sue\u00f1o, Yo Soy TurAniAnA\u201c<\/p><\/blockquote>\n<\/div><\/div><\/div><\/div><\/div><\/div><\/div><\/div><\/section><section id=\"bt_section69f462af377bb\"  class=\"boldSection gutter\" ><div class=\"port\"><div class=\"boldCell\"><div class=\"boldCellInner\"><div class=\"boldRow \" ><div class=\"boldRowInner\"><div class=\"rowItem col-md-12 col-ms-12  btTextLeft\"  data-width=\"12\"><div class=\"rowItemContent\" ><header class=\"header btClear small  btHeaderAccent3\" ><div class=\"dash\"><h4><span class=\"headline\">V\u00eddeo res\u00famen de la Diputaci\u00f3n Provincial<\/span><\/h4><\/div><\/header><div class=\"btText\" ><p><iframe loading=\"lazy\" width=\"1200\" height=\"675\" src=\"https:\/\/www.youtube.com\/embed\/H-nmpS5byZA?feature=oembed\" frameborder=\"0\" allow=\"accelerometer; autoplay; encrypted-media; gyroscope; picture-in-picture\" allowfullscreen><\/iframe><\/p>\n<\/div><div class=\"btClear btSeparator topSemiSpaced bottomSemiSpaced border\" ><hr><\/div><\/div><\/div><\/div><\/div><div class=\"boldRow \" ><div class=\"boldRowInner\"><div class=\"rowItem col-md-12 col-ms-12  btTextLeft\"  data-width=\"12\"><div class=\"rowItemContent\" ><header class=\"header btClear small  btHeaderAccent3\" ><div class=\"dash\"><h4><span class=\"headline\">Trailer Oficial del Documental<\/span><\/h4><\/div><\/header><div class=\"btText\" ><p><iframe loading=\"lazy\" width=\"1200\" height=\"675\" src=\"https:\/\/www.youtube.com\/embed\/p7BlNB0ZXQo?feature=oembed\" frameborder=\"0\" allow=\"accelerometer; autoplay; encrypted-media; gyroscope; picture-in-picture\" allowfullscreen><\/iframe><\/p>\n<\/div><\/div><\/div><\/div><\/div><div class=\"boldRow \" ><div class=\"boldRowInner\"><\/div><\/div><div class=\"boldRow \" ><div class=\"boldRowInner\"><\/div><\/div><\/div><\/div><\/div><\/section>","protected":false},"excerpt":{"rendered":"<p>Presentaci\u00f3n del Documental Luz Azul. Un Mar de Vida, en el Museo de Almer\u00eda.<\/p>\n","protected":false},"author":2,"featured_media":6447,"comment_status":"open","ping_status":"open","sticky":false,"template":"","format":"video","meta":[],"categories":[280,170,248,96,285],"tags":[114,104,119,282,281,283,284,51],"_links":{"self":[{"href":"https:\/\/mojateporlavida.org\/index.php?rest_route=\/wp\/v2\/posts\/6469"}],"collection":[{"href":"https:\/\/mojateporlavida.org\/index.php?rest_route=\/wp\/v2\/posts"}],"about":[{"href":"https:\/\/mojateporlavida.org\/index.php?rest_route=\/wp\/v2\/types\/post"}],"author":[{"embeddable":true,"href":"https:\/\/mojateporlavida.org\/index.php?rest_route=\/wp\/v2\/users\/2"}],"replies":[{"embeddable":true,"href":"https:\/\/mojateporlavida.org\/index.php?rest_route=%2Fwp%2Fv2%2Fcomments&post=6469"}],"version-history":[{"count":6,"href":"https:\/\/mojateporlavida.org\/index.php?rest_route=\/wp\/v2\/posts\/6469\/revisions"}],"predecessor-version":[{"id":6676,"href":"https:\/\/mojateporlavida.org\/index.php?rest_route=\/wp\/v2\/posts\/6469\/revisions\/6676"}],"wp:featuredmedia":[{"embeddable":true,"href":"https:\/\/mojateporlavida.org\/index.php?rest_route=\/wp\/v2\/media\/6447"}],"wp:attachment":[{"href":"https:\/\/mojateporlavida.org\/index.php?rest_route=%2Fwp%2Fv2%2Fmedia&parent=6469"}],"wp:term":[{"taxonomy":"category","embeddable":true,"href":"https:\/\/mojateporlavida.org\/index.php?rest_route=%2Fwp%2Fv2%2Fcategories&post=6469"},{"taxonomy":"post_tag","embeddable":true,"href":"https:\/\/mojateporlavida.org\/index.php?rest_route=%2Fwp%2Fv2%2Ftags&post=6469"}],"curies":[{"name":"wp","href":"https:\/\/api.w.org\/{rel}","templated":true}]}}