{"id":6304,"date":"2017-12-13T07:00:01","date_gmt":"2017-12-13T06:00:01","guid":{"rendered":"http:\/\/mojateporlavida.org\/?p=6304"},"modified":"2018-05-13T20:24:49","modified_gmt":"2018-05-13T18:24:49","slug":"cena-solidaria-mojate-por-la-vida-2","status":"publish","type":"post","link":"https:\/\/mojateporlavida.org\/?p=6304","title":{"rendered":"Cena Solidaria \u201cM\u00f3jate por la vida\u201d"},"content":{"rendered":"<section id=\"bt_section69f1beee9b176\"  class=\"boldSection gutter inherit\" ><div class=\"port\"><div class=\"boldCell\"><div class=\"boldCellInner\"><div class=\"boldRow \" ><div class=\"boldRowInner\"><div class=\"rowItem col-md-4 col-ms-12 btTextLeft\"  data-width=\"4\"><div class=\"rowItemContent\" ><div class=\"btClear btSeparator topExtraSmallSpaced bottomSmallSpaced noBorder\" ><hr><\/div><div class=\"bpgPhoto \" ><div class = \"btImage\"><img src=\"https:\/\/mojateporlavida.org\/wp-content\/uploads\/2017\/12\/Playaserenapeugeot.jpg\" alt=\"\" title=\"\"><\/div><\/div><div class=\"btClear btSeparator topSemiSpaced bottomSemiSpaced noBorder\" ><hr><\/div><\/div><\/div><div class=\"rowItem col-md-8 col-ms-12 btTextLeft\"  data-width=\"8\"><div class=\"rowItemContent\" ><div class=\"btText\" ><p>El pasado 25 de noviembre se celebr\u00f3 en el <a href=\"http:\/\/golfplayaserena.net\/\">Club Playa Serena Restaurante<\/a> la Cena Solidaria \u201cM\u00f3jate por la vida\u201d, una actividad que el equipo de organizaci\u00f3n de #mojateporlavida y la directiva de CD TurAniAnA quer\u00edan compartir y dedicar a todas aquellas personas que durante 2017 se han mojado y han apoyado el reto que ha emprendido este club.<\/p>\n<\/div><\/div><\/div><\/div><\/div><\/div><\/div><\/div><\/section><section id=\"bt_section69f1beee9baf2\"  class=\"boldSection gutter inherit\" ><div class=\"port\"><div class=\"boldCell\"><div class=\"boldCellInner\"><div class=\"boldRow \" ><div class=\"boldRowInner\"><div class=\"rowItem col-md-12 col-ms-12  btTextLeft\"  data-width=\"12\"><div class=\"rowItemContent\" ><div class=\"btText\" ><p>El lugar, decorado para la ocasi\u00f3n con todo el cari\u00f1o de Roberto Vicente de <a href=\"https:\/\/www.vgeventos.net\/\">VgEventos<\/a> y la ayuda de Artes Graficas La Uni\u00f3n, nos recordaba todas las actividades que se han realizado durante este a\u00f1o y tra\u00eda al sal\u00f3n un pedacito de nuestro querido Cabo de Gata \u2013 N\u00edjar.<\/p>\n<p><img decoding=\"async\" loading=\"lazy\" class=\"aligncenter wp-image-6421\" src=\"http:\/\/mojateporlavida.org\/wp-content\/uploads\/2017\/12\/historico-640x480.jpg\" alt=\"\" width=\"489\" height=\"367\" srcset=\"https:\/\/mojateporlavida.org\/wp-content\/uploads\/2017\/12\/historico-640x480.jpg 640w, https:\/\/mojateporlavida.org\/wp-content\/uploads\/2017\/12\/historico-768x576.jpg 768w, https:\/\/mojateporlavida.org\/wp-content\/uploads\/2017\/12\/historico-320x240.jpg 320w, https:\/\/mojateporlavida.org\/wp-content\/uploads\/2017\/12\/historico.jpg 800w\" sizes=\"(max-width: 489px) 100vw, 489px\" \/><\/p>\n<p><img decoding=\"async\" loading=\"lazy\" class=\"aligncenter wp-image-6308 \" src=\"http:\/\/mojateporlavida.org\/wp-content\/uploads\/2017\/11\/Cena11-640x392.jpg\" alt=\"\" width=\"510\" height=\"312\" srcset=\"https:\/\/mojateporlavida.org\/wp-content\/uploads\/2017\/11\/Cena11-640x392.jpg 640w, https:\/\/mojateporlavida.org\/wp-content\/uploads\/2017\/11\/Cena11-768x470.jpg 768w, https:\/\/mojateporlavida.org\/wp-content\/uploads\/2017\/11\/Cena11.jpg 1280w, https:\/\/mojateporlavida.org\/wp-content\/uploads\/2017\/11\/Cena11-320x196.jpg 320w\" sizes=\"(max-width: 510px) 100vw, 510px\" \/><\/p>\n<\/div><\/div><\/div><\/div><\/div><div class=\"boldRow \" ><div class=\"boldRowInner\"><div class=\"rowItem col-md-4 col-ms-12 btTextLeft\"  data-width=\"4\"><div class=\"rowItemContent\" ><div class=\"btClear btSeparator topSemiSpaced bottomSemiSpaced noBorder\" ><hr><\/div><div class=\"bpgPhoto \" ><div class = \"btImage\"><img src=\"https:\/\/mojateporlavida.org\/wp-content\/uploads\/2017\/12\/menu.png\" alt=\"\" title=\"\"><\/div><\/div><\/div><\/div><div class=\"rowItem col-md-8 col-ms-12 btTextLeft\"  data-width=\"8\"><div class=\"rowItemContent\" ><div class=\"btClear btSeparator topSmallSpaced bottomSmallSpaced noBorder\" ><hr><\/div><div class=\"btText\" ><p>El men\u00fa, confeccionado expresamente para la cita por Jos\u00e9 \u00c1lvarez, estrella Michel\u00edn y responsable de <a href=\"http:\/\/www.restaurantelacosta.com\">La Costa<\/a>, y servido por su gran equipo en este restaurante, fue el pre\u00e1mbulo a una noche m\u00e1gica, carga de sorpresas y emociones para todos.<\/p>\n<\/div><div class=\"btClear btSeparator topSmallSpaced bottomSmallSpaced noBorder\" ><hr><\/div><div class=\"bpgPhoto  btRoundedImage\" ><div class = \"btImage\"><img src=\"https:\/\/mojateporlavida.org\/wp-content\/uploads\/2017\/12\/mesadecoracion.jpg\" alt=\"\" title=\"\"><\/div><\/div><\/div><\/div><\/div><\/div><div class=\"boldRow \" ><div class=\"boldRowInner\"><div class=\"rowItem col-md-12 col-ms-12  btTextLeft\"  data-width=\"12\"><div class=\"rowItemContent\" ><div class=\"btClear btSeparator topSmallSpaced bottomSmallSpaced noBorder\" ><hr><\/div><div class=\"btText\" ><p>El primer detalle lleg\u00f3 de la mano de la empresa almeriense <a href=\"http:\/\/www.briseis.com\/\">Briseis, SA<\/a>, cuando cada ni\u00f1o a su llegada recibi\u00f3 un estuche Gourmand Candy Fantasy o Kiss Fresa y Nata; entregado por los monitores de D\u00e1diva Ocio, responsables de que nuestros peque\u00f1os hicieran lo que un ni\u00f1o tiene que hacer: jugar y divertirse.<\/p>\n<figure id=\"attachment_6332\" aria-describedby=\"caption-attachment-6332\" style=\"width: 471px\" class=\"wp-caption aligncenter\"><img decoding=\"async\" loading=\"lazy\" class=\" wp-image-6332\" src=\"http:\/\/mojateporlavida.org\/wp-content\/uploads\/2017\/12\/Dadivaocio-640x427.jpg\" alt=\"\" width=\"471\" height=\"315\" srcset=\"https:\/\/mojateporlavida.org\/wp-content\/uploads\/2017\/12\/Dadivaocio-640x427.jpg 640w, https:\/\/mojateporlavida.org\/wp-content\/uploads\/2017\/12\/Dadivaocio-768x512.jpg 768w, https:\/\/mojateporlavida.org\/wp-content\/uploads\/2017\/12\/Dadivaocio-1280x853.jpg 1280w, https:\/\/mojateporlavida.org\/wp-content\/uploads\/2017\/12\/Dadivaocio-320x213.jpg 320w, https:\/\/mojateporlavida.org\/wp-content\/uploads\/2017\/12\/Dadivaocio.jpg 1620w\" sizes=\"(max-width: 471px) 100vw, 471px\" \/><figcaption id=\"caption-attachment-6332\" class=\"wp-caption-text\">D\u00e1divaocio encargados de atender a los ni\u00f1os y ni\u00f1as.<\/figcaption><\/figure>\n<p>Antes de disfrutar del men\u00fa de Jos\u00e9 \u00c1lvarez, los compa\u00f1eros de comunicaci\u00f3n (Agust\u00edn Ram\u00edrez y Mari Luz Arr\u00e1ez, presentadores de la cena) sacaron las primeras sonrisas y reconocieron el esfuerzo de todos los presentes al asistir a la cena.<\/p>\n<figure id=\"attachment_6430\" aria-describedby=\"caption-attachment-6430\" style=\"width: 296px\" class=\"wp-caption aligncenter\"><img decoding=\"async\" loading=\"lazy\" class=\" wp-image-6430\" src=\"http:\/\/mojateporlavida.org\/wp-content\/uploads\/2017\/12\/agusclaraunicajaentrega.jpg\" alt=\"\" width=\"296\" height=\"578\" srcset=\"https:\/\/mojateporlavida.org\/wp-content\/uploads\/2017\/12\/agusclaraunicajaentrega.jpg 525w, https:\/\/mojateporlavida.org\/wp-content\/uploads\/2017\/12\/agusclaraunicajaentrega-320x624.jpg 320w\" sizes=\"(max-width: 296px) 100vw, 296px\" \/><figcaption id=\"caption-attachment-6430\" class=\"wp-caption-text\">Agust\u00edn Ram\u00edrez\u00a0 junto a Clara Ram\u00edrez de Taper\u00eda La Plaza.<\/figcaption><\/figure>\n<figure id=\"attachment_6334\" aria-describedby=\"caption-attachment-6334\" style=\"width: 459px\" class=\"wp-caption aligncenter\"><img decoding=\"async\" loading=\"lazy\" class=\" wp-image-6334\" src=\"http:\/\/mojateporlavida.org\/wp-content\/uploads\/2017\/12\/Luz-640x428.jpg\" alt=\"\" width=\"459\" height=\"307\" srcset=\"https:\/\/mojateporlavida.org\/wp-content\/uploads\/2017\/12\/Luz-640x428.jpg 640w, https:\/\/mojateporlavida.org\/wp-content\/uploads\/2017\/12\/Luz-768x513.jpg 768w, https:\/\/mojateporlavida.org\/wp-content\/uploads\/2017\/12\/Luz.jpg 1280w, https:\/\/mojateporlavida.org\/wp-content\/uploads\/2017\/12\/Luz-320x214.jpg 320w\" sizes=\"(max-width: 459px) 100vw, 459px\" \/><figcaption id=\"caption-attachment-6334\" class=\"wp-caption-text\">M\u00aa Luz Arr\u00e1ez. Presentadora de la Cena<\/figcaption><\/figure>\n<p><img decoding=\"async\" loading=\"lazy\" class=\"wp-image-6330 alignleft\" src=\"http:\/\/mojateporlavida.org\/wp-content\/uploads\/2017\/12\/image.jpg\" alt=\"\" width=\"90\" height=\"90\" srcset=\"https:\/\/mojateporlavida.org\/wp-content\/uploads\/2017\/12\/image.jpg 517w, https:\/\/mojateporlavida.org\/wp-content\/uploads\/2017\/12\/image-160x160.jpg 160w, https:\/\/mojateporlavida.org\/wp-content\/uploads\/2017\/12\/image-320x320.jpg 320w\" sizes=\"(max-width: 90px) 100vw, 90px\" \/><\/p>\n<p>Hubo una menci\u00f3n especial al d\u00eda contra la violencia de<\/p>\n<p>g\u00e9nero, postul\u00e1ndonos en contra de cualquier violencia y apoyando la igualdad y el respeto.<\/p>\n<p>Antes de trasladarse a su peque\u00f1a joya, el Restaurante La Costa, Jos\u00e9 \u00c1lvarez quiso compartir unos minutos con los asistentes y agradecer a la organizaci\u00f3n la elecci\u00f3n de este lugar para esta cena. Dej\u00f3 a su equipo las indicaciones oportunas para que todo estuviera perfecto y disfrut\u00e1ramos de un men\u00fa \u00fanico.<\/p>\n<\/div><\/div><\/div><\/div><\/div><div class=\"boldRow \" ><div class=\"boldRowInner\"><div class=\"rowItem col-md-4 col-ms-12 btTextLeft\"  data-width=\"4\"><div class=\"rowItemContent\" ><div class=\"btClear btSeparator topSemiSpaced bottomSemiSpaced noBorder\" ><hr><\/div><div class=\"bpgPhoto  btCircleImage\" ><div class = \"btImage\"><img src=\"https:\/\/mojateporlavida.org\/wp-content\/uploads\/2017\/12\/atun.jpg\" alt=\"\" title=\"\"><\/div><\/div><\/div><\/div><div class=\"rowItem col-md-4 col-ms-12 btTextLeft\"  data-width=\"4\"><div class=\"rowItemContent\" ><div class=\"btClear btSeparator topSemiSpaced bottomSemiSpaced noBorder\" ><hr><\/div><div class=\"bpgPhoto  btCircleImage\" ><div class = \"btImage\"><img src=\"https:\/\/mojateporlavida.org\/wp-content\/uploads\/2017\/12\/queso-e1513028431770.jpg\" alt=\"\" title=\"\"><\/div><\/div><\/div><\/div><div class=\"rowItem col-md-4 col-ms-12 btTextLeft\"  data-width=\"4\"><div class=\"rowItemContent\" ><div class=\"btClear btSeparator topSemiSpaced bottomSemiSpaced noBorder\" ><hr><\/div><div class=\"bpgPhoto  btCircleImage\" ><div class = \"btImage\"><img src=\"https:\/\/mojateporlavida.org\/wp-content\/uploads\/2017\/12\/bacalao.jpg\" alt=\"\" title=\"\"><\/div><\/div><\/div><\/div><\/div><\/div><\/div><\/div><\/div><\/section><section id=\"bt_section69f1beee9d601\"  class=\"boldSection gutter inherit\" ><div class=\"port\"><div class=\"boldCell\"><div class=\"boldCellInner\"><div class=\"boldRow \" ><div class=\"boldRowInner\"><div class=\"rowItem col-md-12 col-ms-12  btTextLeft\"  data-width=\"12\"><div class=\"rowItemContent\" ><div class=\"btClear btSeparator topSemiSpaced bottomSemiSpaced noBorder\" ><hr><\/div><\/div><\/div><\/div><\/div><\/div><\/div><\/div><\/section><section id=\"bt_section69f1beee9d829\"  class=\"boldSection gutter\" ><div class=\"port\"><div class=\"boldCell\"><div class=\"boldCellInner\"><div class=\"boldRow \" ><div class=\"boldRowInner\"><div class=\"rowItem col-md-6 col-sm-12 btTextLeft\"  data-width=\"6\"><div class=\"rowItemContent\" ><\/div><\/div><div class=\"rowItem col-md-6 col-sm-12 btTextLeft\"  data-width=\"6\"><div class=\"rowItemContent\" ><\/div><\/div><\/div><\/div><\/div><\/div><\/div><\/section><section id=\"bt_section69f1beee9d9b9\"  class=\"boldSection gutter\" ><div class=\"port\"><div class=\"boldCell\"><div class=\"boldCellInner\"><div class=\"boldRow \" ><div class=\"boldRowInner\"><div class=\"rowItem col-md-4 col-ms-12 btTextLeft\"  data-width=\"4\"><div class=\"rowItemContent\" ><div class=\"bpgPhoto  btRoundedImage\" ><div class = \"btImage\"><img src=\"https:\/\/mojateporlavida.org\/wp-content\/uploads\/2017\/12\/Marmoles-solcartel.jpg\" alt=\"\" title=\"\"><\/div><\/div><div class=\"btClear btSeparator topSmallSpaced bottomSmallSpaced noBorder\" ><hr><\/div><\/div><\/div><div class=\"rowItem col-md-8 col-ms-12 btTextLeft\"  data-width=\"8\"><div class=\"rowItemContent\" ><div class=\"btClear btSeparator topSmallSpaced bottomSmallSpaced noBorder\" ><hr><\/div><div class=\"btText\" ><p>Mientras degust\u00e1bamos una excelente sopa de mandarina con fresitas, helado de yogour y crujiente de chocolate y nueces,\u00a0 se produjo el momento m\u00e1s emotivo de la noche, las hermanas Garc\u00eda S\u00e1nchez, Mariola y Carmen M\u00aa, de la empresa M\u00e1rmoles Sol, fueron las encargadas de descubrir el cartel del documental del reto realizado en agosto: recorrer a nado los 60 kil\u00f3metros de la franja mar\u00edtima de Parque Natural Cabo de Gata \u2013 N\u00edjar en 5 etapas, llamado \u201cLuz Azul. Un Mar de Vida\u201d.<\/p>\n<\/div><\/div><\/div><\/div><\/div><\/div><\/div><\/div><\/section><section id=\"bt_section69f1beee9df00\"  class=\"boldSection gutter\" ><div class=\"port\"><div class=\"boldCell\"><div class=\"boldCellInner\"><div class=\"boldRow \" ><div class=\"boldRowInner\"><div class=\"rowItem col-md-4 col-ms-12 btTextLeft inherit btNoPadding\" style=\"background-color: rgba(221, 51, 51, 1); \" data-width=\"4\"><div class=\"rowItemContent\" ><div class=\"bpgPhoto  btRoundedImage\" ><div class = \"btImage\"><img src=\"https:\/\/mojateporlavida.org\/wp-content\/uploads\/2017\/12\/Cartel-Luz-Azul.jpg\" alt=\"\" title=\"\"><\/div><\/div><\/div><\/div><div class=\"rowItem col-md-8 col-ms-12 btTextLeft\"  data-width=\"8\"><div class=\"rowItemContent\" ><div class=\"btClear btSeparator topSemiSpaced bottomSemiSpaced noBorder\" ><hr><\/div><div class=\"btText\" ><p>El cartel es obra de Ram\u00f3n Esteban de Isub San Jos\u00e9: sin quererlo el d\u00eda 25 de agosto cuando estaba con un grupo de clientes, fue testigo del avance de un grupo de nadadores, al inmortalizar lo que sobre su cabeza sucedida no sab\u00eda que justo 3 meses despu\u00e9s ser\u00eda la imagen del sue\u00f1o de los nadadores que el fotografi\u00f3. Ram\u00f3n Esteban gracias por regalarlos la instant\u00e1nea que resume el esfuerzo de tanta gente.<\/p>\n<\/div><\/div><\/div><\/div><\/div><\/div><\/div><\/div><\/section><section id=\"bt_section69f1beee9e3ae\"  class=\"boldSection gutter\" ><div class=\"port\"><div class=\"boldCell\"><div class=\"boldCellInner\"><div class=\"boldRow \" ><div class=\"boldRowInner\"><div class=\"rowItem col-md-12 col-ms-12  btTextLeft\"  data-width=\"12\"><div class=\"rowItemContent\" ><div class=\"btClear btSeparator topSemiSpaced bottomSemiSpaced noBorder\" ><hr><\/div><div class=\"btText\" ><p>Tras el cartel fue el momento del tr\u00e1iler, en toda la noche no hubo un momento m\u00e1s silencioso que ese, emociones a flor de piel que se tradujeron en l\u00e1grimas y aplausos. Gracias David Aguirre de <a href=\"https:\/\/www.segundoplano.es\/\">Segundo Plano<\/a> por haber aceptado el reto que supone aguantar a estos locos y hacer que una semana tan dura y gratificante,\u00a0 se pueda resumir en unos minutos, queremos m\u00e1s, aunque ya sabemos que tenemos que esperar a enero. En este punto queremos agradecer a Josetxo S\u00e1nchez por trasladarte desde Navarra para ayudar a David Aguirre y a Diego Revueltas por convertirte en nuestra base en el agua, con vuestra ayuda David lo ha tenido m\u00e1s f\u00e1cil.<\/p>\n<\/div><div class=\"btClear btSeparator topSemiSpaced bottomSemiSpaced noBorder\" ><hr><\/div><\/div><\/div><\/div><\/div><\/div><\/div><\/div><\/section><section id=\"bt_section69f1beee9e61a\"  class=\"boldSection gutter\" ><div class=\"port\"><div class=\"boldCell\"><div class=\"boldCellInner\"><div class=\"boldRow \" ><div class=\"boldRowInner\"><div class=\"rowItem col-md-6 col-sm-12 btTextLeft\"  data-width=\"6\"><div class=\"rowItemContent\" ><div class=\"bpgPhoto  btRoundedImage\" ><div class = \"btImage\"><img src=\"https:\/\/mojateporlavida.org\/wp-content\/uploads\/2017\/09\/E4DSC_2283.jpg\" alt=\"\" title=\"David y Josetxo\"><\/div><\/div><div class=\"btClear btSeparator topSemiSpaced bottomSemiSpaced noBorder\" ><hr><\/div><\/div><\/div><div class=\"rowItem col-md-6 col-sm-12 btTextLeft\"  data-width=\"6\"><div class=\"rowItemContent\" ><div class=\"bpgPhoto  btRoundedImage\" ><div class = \"btImage\"><img src=\"https:\/\/mojateporlavida.org\/wp-content\/uploads\/2017\/12\/Diego.jpg\" alt=\"\" title=\"Diego Revueltas\"><\/div><\/div><div class=\"btClear btSeparator topSemiSpaced bottomSemiSpaced noBorder\" ><hr><\/div><\/div><\/div><\/div><\/div><\/div><\/div><\/div><\/section><section id=\"bt_section69f1beee9ee09\"  class=\"boldSection gutter\" ><div class=\"port\"><div class=\"boldCell\"><div class=\"boldCellInner\"><div class=\"boldRow \" ><div class=\"boldRowInner\"><div class=\"rowItem col-md-12 col-ms-12  btTextLeft\"  data-width=\"12\"><div class=\"rowItemContent\" ><div class=\"btText\" ><p><iframe loading=\"lazy\" width=\"1200\" height=\"675\" src=\"https:\/\/www.youtube.com\/embed\/p7BlNB0ZXQo?feature=oembed\" frameborder=\"0\" allow=\"autoplay; encrypted-media\" allowfullscreen><\/iframe><\/p>\n<\/div><header class=\"header btClear small\" ><div class=\"dash\"><h4><span class=\"headline\">LUZ AZUL<\/span><\/h4><\/div><div class=\"btSubTitle\">Un mar de vida<\/div><\/header><\/div><\/div><\/div><\/div><\/div><\/div><\/div><\/section><section id=\"bt_section69f1beee9f107\"  class=\"boldSection gutter\" ><div class=\"port\"><div class=\"boldCell\"><div class=\"boldCellInner\"><div class=\"boldRow \" ><div class=\"boldRowInner\"><div class=\"rowItem col-md-12 col-ms-12  btTextLeft\"  data-width=\"12\"><div class=\"rowItemContent\" ><div class=\"btClear btSeparator topSmallSpaced bottomSmallSpaced noBorder\" ><hr><\/div><div class=\"btText\" ><p>Tras los postres comenzaron los reconocimientos y distinciones, pero antes Agust\u00edn Ram\u00edrez explic\u00f3 la historia de Gaby, nuestro emblema y como un regalo de una compa\u00f1era, Sasi Barroso, hacia el nadador m\u00e1s \u201cnovato\u201d Gaby Cruz, se hab\u00eda materializado en un mu\u00f1eco risue\u00f1o y feliz que iba de un sitio para otro de la mano de Modesta Rodr\u00edguez. Gracias a los tres por poner vuestro granito par que Gaby sea nuestro mejor embajador.<\/p>\n<p><img decoding=\"async\" loading=\"lazy\" class=\"wp-image-4440 aligncenter\" src=\"http:\/\/mojateporlavida.org\/wp-content\/uploads\/2017\/03\/gabydiputacion-640x426.jpg\" alt=\"\" width=\"470\" height=\"313\" srcset=\"https:\/\/mojateporlavida.org\/wp-content\/uploads\/2017\/03\/gabydiputacion-640x426.jpg 640w, https:\/\/mojateporlavida.org\/wp-content\/uploads\/2017\/03\/gabydiputacion-768x511.jpg 768w, https:\/\/mojateporlavida.org\/wp-content\/uploads\/2017\/03\/gabydiputacion.jpg 1280w, https:\/\/mojateporlavida.org\/wp-content\/uploads\/2017\/03\/gabydiputacion-320x213.jpg 320w\" sizes=\"(max-width: 470px) 100vw, 470px\" \/><\/p>\n<p>En primer lugar se reconoci\u00f3 el apoyo incondicional de la Diputaci\u00f3n de Almer\u00eda durante todo el a\u00f1o, gracias a este y al del Ayuntamiento de Roquetas de Mar, m\u00f3jate por la vida es una realidad. Antonio Aroca y Jos\u00e9 Ram\u00f3n Mart\u00ednez Teruel entregaron un cuadro de Gaby a Juan Jose Salvador de Diputaci\u00f3n de Almer\u00eda, como reconocimiento a este apoyo.<\/p>\n<\/div><div class=\"btClear btSeparator topSmallSpaced bottomSmallSpaced noBorder\" ><hr><\/div><\/div><\/div><\/div><\/div><div class=\"boldRow \" ><div class=\"boldRowInner\"><div class=\"rowItem col-md-9 col-ms-12  btTextLeft\"  data-width=\"9\"><div class=\"rowItemContent\" ><div class=\"bpgPhoto  btRoundedImage\" ><div class = \"btImage\"><img src=\"https:\/\/mojateporlavida.org\/wp-content\/uploads\/2017\/12\/DiputacionJsalvador.jpg\" alt=\"\" title=\"\"><\/div><\/div><div class=\"btClear btSeparator topSmallSpaced bottomSmallSpaced noBorder\" ><hr><\/div><\/div><\/div><div class=\"rowItem col-md-3 col-sm-6 col-ms-12 btTextLeft\"  data-width=\"3\"><div class=\"rowItemContent\" ><div class=\"btClear btSeparator topSemiSpaced bottomSemiSpaced noBorder\" ><hr><\/div><div class=\"bpgPhoto \" > \r\n\t\t\t\t\t<a href=\"http:\/\/www.dipalme.org\/\" target=\"_blank\" title=\"\"><\/a>\r\n\t\t\t\t\t<div class=\"boldPhotoBox\"><div class=\"bpbItem\"><div class = \"btImage\"><img src=\"https:\/\/mojateporlavida.org\/wp-content\/uploads\/2017\/03\/Diputacion-Almeria-1.jpg\" alt=\"\" title=\"\"><\/div><\/div><\/div>\r\n\t\t\t\t\t<div class=\"captionPane btDarkSkin btTextCenter\">\r\n\t\t\t\t\t\t<div class=\"captionTable\">\r\n\t\t\t\t\t\t\t<div class=\"captionCell\">\r\n\t\t\t\t\t\t\t\t<div class=\"captionTxt\"><\/div>\r\n\t\t\t\t\t\t\t<\/div>\r\n\t\t\t\t\t\t<\/div>\r\n\t\t\t\t\t<\/div><\/div><header class=\"header btClear small\" ><div class=\"dash\"><h4><span class=\"headline\">Diputaci\u00f3n Almer\u00eda<\/span><\/h4><\/div><\/header><\/div><\/div><\/div><\/div><div class=\"boldRow \" ><div class=\"boldRowInner\"><div class=\"rowItem col-md-12 col-ms-12  btTextLeft\"  data-width=\"12\"><div class=\"rowItemContent\" ><div class=\"btText\" ><p>Despu\u00e9s fue el turno de los guardianes de Cabo de Gata \u2013 N\u00edjar, Luis Rodr\u00edguez y Macarena Molina de Pescartes, que decir de ellos, que han colaborado en el dise\u00f1o del reto y que han velado por la seguridad de nuestros nadadores en el agua. Amigos nos hab\u00e9is ense\u00f1ado a respetar y a admirar un tesoro natural que nos regal\u00f3 5 d\u00edas consecutivos para lograr nuestro sue\u00f1o. Gracias por ser los guardianes de este lugar. Jos\u00e9 Ram\u00f3n Mart\u00ednez le entreg\u00f3 un cuadro de Gaby a Luis Rodr\u00edguez y Macarena Molina.<\/p>\n<\/div><div class=\"btClear btSeparator topSmallSpaced bottomSmallSpaced noBorder\" ><hr><\/div><\/div><\/div><\/div><\/div><div class=\"boldRow \" ><div class=\"boldRowInner\"><div class=\"rowItem col-md-9 col-ms-12  btTextLeft\"  data-width=\"9\"><div class=\"rowItemContent\" ><div class=\"bpgPhoto  btRoundedImage\" ><div class = \"btImage\"><img src=\"https:\/\/mojateporlavida.org\/wp-content\/uploads\/2017\/12\/CGalapescartes.jpg\" alt=\"\" title=\"Pescartes\"><\/div><\/div><div class=\"btClear btSeparator topSmallSpaced bottomSmallSpaced noBorder\" ><hr><\/div><\/div><\/div><div class=\"rowItem col-md-3 col-sm-6 col-ms-12 btTextLeft\"  data-width=\"3\"><div class=\"rowItemContent\" ><div class=\"btClear btSeparator topSpaced bottomSpaced noBorder\" ><hr><\/div><div class=\"bpgPhoto \" ><div class = \"btImage\"><img src=\"https:\/\/mojateporlavida.org\/wp-content\/uploads\/2017\/01\/PESCARTES.jpg\" alt=\"\" title=\"\"><\/div><\/div><header class=\"header btClear small\" ><div class=\"dash\"><h4><span class=\"headline\">Pescartes<\/span><\/h4><\/div><\/header><\/div><\/div><\/div><\/div><div class=\"boldRow \" ><div class=\"boldRowInner\"><div class=\"rowItem col-md-12 col-ms-12  btTextLeft\"  data-width=\"12\"><div class=\"rowItemContent\" ><div class=\"btText\" ><p>Las empresas patrocinadoras Agencia Chac\u00f3n y Merino, Marmoles Sol, Cruzber, Cristalplant y Artes Gr\u00e1ficas La Uni\u00f3n tambi\u00e9n tuvieron su reconocimiento, recibi\u00e9ndolo de miembros de la organizaci\u00f3n y nadadores: Gemma Molina, Mar\u00eda del Mar Gonz\u00e1lez, Matilde Hern\u00e1ndez, Ainhoa Ruiz de Larramendi y Angel Garijo.<\/p>\n<\/div><div class=\"btClear btSeparator topSmallSpaced bottomSmallSpaced noBorder\" ><hr><\/div><\/div><\/div><\/div><\/div><div class=\"boldRow \" ><div class=\"boldRowInner\"><div class=\"rowItem col-md-9 col-ms-12  btTextLeft\"  data-width=\"9\"><div class=\"rowItemContent\" ><div class=\"bpgPhoto  btRoundedImage\" ><div class = \"btImage\"><img src=\"https:\/\/mojateporlavida.org\/wp-content\/uploads\/2017\/12\/CGalamojatechaconymerino.jpg\" alt=\"\" title=\"\"><\/div><\/div><div class=\"btClear btSeparator topSmallSpaced bottomSmallSpaced noBorder\" ><hr><\/div><\/div><\/div><div class=\"rowItem col-md-3 col-sm-6 col-ms-12 btTextLeft\"  data-width=\"3\"><div class=\"rowItemContent\" ><div class=\"btClear btSeparator topSemiSpaced bottomSemiSpaced noBorder\" ><hr><\/div><div class=\"bpgPhoto \" > \r\n\t\t\t\t\t<a href=\"http:\/\/chaconymerino.es\/\" target=\"_blank\" title=\"\"><\/a>\r\n\t\t\t\t\t<div class=\"boldPhotoBox\"><div class=\"bpbItem\"><div class = \"btImage\"><img src=\"https:\/\/mojateporlavida.org\/wp-content\/uploads\/2017\/12\/Chaco\u0301n-y-merino.png\" alt=\"\" title=\"\"><\/div><\/div><\/div>\r\n\t\t\t\t\t<div class=\"captionPane btDarkSkin btTextCenter\">\r\n\t\t\t\t\t\t<div class=\"captionTable\">\r\n\t\t\t\t\t\t\t<div class=\"captionCell\">\r\n\t\t\t\t\t\t\t\t<div class=\"captionTxt\"><\/div>\r\n\t\t\t\t\t\t\t<\/div>\r\n\t\t\t\t\t\t<\/div>\r\n\t\t\t\t\t<\/div><\/div><header class=\"header btClear small\" ><div class=\"dash\"><h4><span class=\"headline\">Chac\u00f3n y Merino<\/span><\/h4><\/div><\/header><\/div><\/div><\/div><\/div><div class=\"boldRow \" ><div class=\"boldRowInner\"><div class=\"rowItem col-md-9 col-ms-12  btTextLeft\"  data-width=\"9\"><div class=\"rowItemContent\" ><div class=\"bpgPhoto  btRoundedImage\" ><div class = \"btImage\"><img src=\"https:\/\/mojateporlavida.org\/wp-content\/uploads\/2017\/12\/CGalamojateMarmolessol.jpg\" alt=\"\" title=\"M\u00e1rmoles Sol\"><\/div><\/div><div class=\"btClear btSeparator topSmallSpaced bottomSmallSpaced noBorder\" ><hr><\/div><\/div><\/div><div class=\"rowItem col-md-3 col-sm-6 col-ms-12 btTextLeft\"  data-width=\"3\"><div class=\"rowItemContent\" ><div class=\"btClear btSeparator topSemiSpaced bottomSemiSpaced noBorder\" ><hr><\/div><div class=\"bpgPhoto \" ><div class = \"btImage\"><img src=\"https:\/\/mojateporlavida.org\/wp-content\/uploads\/2017\/02\/Captura-de-pantalla-2017-03-20-a-las-2.09.38.png\" alt=\"\" title=\"\"><\/div><\/div><header class=\"header btClear small\" ><div class=\"dash\"><h4><span class=\"headline\">M\u00e1rmoles Sol<\/span><\/h4><\/div><\/header><\/div><\/div><\/div><\/div><div class=\"boldRow \" ><div class=\"boldRowInner\"><div class=\"rowItem col-md-9 col-ms-12  btTextLeft\"  data-width=\"9\"><div class=\"rowItemContent\" ><div class=\"bpgPhoto  btRoundedImage\" ><div class = \"btImage\"><img src=\"https:\/\/mojateporlavida.org\/wp-content\/uploads\/2017\/12\/CGalamojateCristalplant.jpg\" alt=\"\" title=\"Cristalplant\"><\/div><\/div><div class=\"btClear btSeparator topSmallSpaced bottomSmallSpaced noBorder\" ><hr><\/div><\/div><\/div><div class=\"rowItem col-md-3 col-sm-6 col-ms-12 btTextLeft\"  data-width=\"3\"><div class=\"rowItemContent\" ><div class=\"btClear btSeparator topSemiSpaced bottomSemiSpaced noBorder\" ><hr><\/div><div class=\"bpgPhoto \" > \r\n\t\t\t\t\t<a href=\"http:\/\/chaconymerino.es\/\" target=\"_blank\" title=\"\"><\/a>\r\n\t\t\t\t\t<div class=\"boldPhotoBox\"><div class=\"bpbItem\"><div class = \"btImage\"><img src=\"https:\/\/mojateporlavida.org\/wp-content\/uploads\/2017\/12\/Cristalplant.png\" alt=\"\" title=\"\"><\/div><\/div><\/div>\r\n\t\t\t\t\t<div class=\"captionPane btDarkSkin btTextCenter\">\r\n\t\t\t\t\t\t<div class=\"captionTable\">\r\n\t\t\t\t\t\t\t<div class=\"captionCell\">\r\n\t\t\t\t\t\t\t\t<div class=\"captionTxt\"><\/div>\r\n\t\t\t\t\t\t\t<\/div>\r\n\t\t\t\t\t\t<\/div>\r\n\t\t\t\t\t<\/div><\/div><header class=\"header btClear small\" ><div class=\"dash\"><h4><span class=\"headline\">Cristalplant<\/span><\/h4><\/div><\/header><\/div><\/div><\/div><\/div><div class=\"boldRow \" ><div class=\"boldRowInner\"><div class=\"rowItem col-md-9 col-ms-12  btTextLeft\"  data-width=\"9\"><div class=\"rowItemContent\" ><div class=\"bpgPhoto  btRoundedImage\" ><div class = \"btImage\"><img src=\"https:\/\/mojateporlavida.org\/wp-content\/uploads\/2017\/12\/CGalamojatecruzber.jpg\" alt=\"\" title=\"\"><\/div><\/div><div class=\"btClear btSeparator topSmallSpaced bottomSmallSpaced noBorder\" ><hr><\/div><\/div><\/div><div class=\"rowItem col-md-3 col-sm-6 col-ms-12 btTextLeft\"  data-width=\"3\"><div class=\"rowItemContent\" ><div class=\"btClear btSeparator topSemiSpaced bottomSemiSpaced noBorder\" ><hr><\/div><div class=\"bpgPhoto \" > \r\n\t\t\t\t\t<a href=\"http:\/\/chaconymerino.es\/\" target=\"_blank\" title=\"\"><\/a>\r\n\t\t\t\t\t<div class=\"boldPhotoBox\"><div class=\"bpbItem\"><div class = \"btImage\"><img src=\"https:\/\/mojateporlavida.org\/wp-content\/uploads\/2017\/02\/cruz.png\" alt=\"\" title=\"\"><\/div><\/div><\/div>\r\n\t\t\t\t\t<div class=\"captionPane btDarkSkin btTextCenter\">\r\n\t\t\t\t\t\t<div class=\"captionTable\">\r\n\t\t\t\t\t\t\t<div class=\"captionCell\">\r\n\t\t\t\t\t\t\t\t<div class=\"captionTxt\"><\/div>\r\n\t\t\t\t\t\t\t<\/div>\r\n\t\t\t\t\t\t<\/div>\r\n\t\t\t\t\t<\/div><\/div><header class=\"header btClear small\" ><div class=\"dash\"><h4><span class=\"headline\">Cruber<\/span><\/h4><\/div><\/header><\/div><\/div><\/div><\/div><div class=\"boldRow \" ><div class=\"boldRowInner\"><div class=\"rowItem col-md-9 col-ms-12  btTextLeft\"  data-width=\"9\"><div class=\"rowItemContent\" ><div class=\"bpgPhoto  btRoundedImage\" ><div class = \"btImage\"><img src=\"https:\/\/mojateporlavida.org\/wp-content\/uploads\/2017\/12\/CGalamojateGLaunion.jpg\" alt=\"\" title=\"\"><\/div><\/div><div class=\"btClear btSeparator topSmallSpaced bottomSmallSpaced noBorder\" ><hr><\/div><\/div><\/div><div class=\"rowItem col-md-3 col-sm-6 col-ms-12 btTextLeft\"  data-width=\"3\"><div class=\"rowItemContent\" ><div class=\"btClear btSeparator topSemiSpaced bottomSemiSpaced noBorder\" ><hr><\/div><div class=\"bpgPhoto \" > \r\n\t\t\t\t\t<a href=\"http:\/\/chaconymerino.es\/\" target=\"_blank\" title=\"\"><\/a>\r\n\t\t\t\t\t<div class=\"boldPhotoBox\"><div class=\"bpbItem\"><div class = \"btImage\"><img src=\"https:\/\/mojateporlavida.org\/wp-content\/uploads\/2017\/12\/artesgraficaslaunion.png\" alt=\"\" title=\"\"><\/div><\/div><\/div>\r\n\t\t\t\t\t<div class=\"captionPane btDarkSkin btTextCenter\">\r\n\t\t\t\t\t\t<div class=\"captionTable\">\r\n\t\t\t\t\t\t\t<div class=\"captionCell\">\r\n\t\t\t\t\t\t\t\t<div class=\"captionTxt\"><\/div>\r\n\t\t\t\t\t\t\t<\/div>\r\n\t\t\t\t\t\t<\/div>\r\n\t\t\t\t\t<\/div><\/div><header class=\"header btClear small\" ><div class=\"dash\"><h4><span class=\"headline\">Artes Gr\u00e1ficas La Uni\u00f3n<\/span><\/h4><\/div><\/header><\/div><\/div><\/div><\/div><div class=\"boldRow \" ><div class=\"boldRowInner\"><div class=\"rowItem col-md-12 col-ms-12  btTextLeft\"  data-width=\"12\"><div class=\"rowItemContent\" ><div class=\"btText\" ><\/div><div class=\"btClear btSeparator topSmallSpaced bottomSmallSpaced noBorder\" ><hr><\/div><\/div><\/div><\/div><\/div><div class=\"boldRow \" ><div class=\"boldRowInner\"><div class=\"rowItem col-md-12 col-ms-12  btTextLeft\"  data-width=\"12\"><div class=\"rowItemContent\" ><div class=\"btClear btSeparator topSmallSpaced bottomSemiSpaced noBorder\" ><hr><\/div><div class=\"btText\" ><p>Dentro de los colaboradores, agradecer el esfuerzo que ha realizado COLFISIO para que los nadadores tuvieran 2 fisioterapeutas durante el reto para ayudarles a recuperar sus fuerzas, sin esos cuidados, los nadadores no habr\u00eda podido nadar cada d\u00eda. Antonio Aroca entreg\u00f3 a Cristina G\u00e1lvez, vocal de Almer\u00eda de Colfisio, el reconocimiento a este esfuerzo.<\/p>\n<p><img decoding=\"async\" loading=\"lazy\" class=\" wp-image-6391 aligncenter\" src=\"http:\/\/mojateporlavida.org\/wp-content\/uploads\/2017\/12\/CGalamojatecristina-640x427.jpg\" alt=\"\" width=\"561\" height=\"374\" srcset=\"https:\/\/mojateporlavida.org\/wp-content\/uploads\/2017\/12\/CGalamojatecristina-640x427.jpg 640w, https:\/\/mojateporlavida.org\/wp-content\/uploads\/2017\/12\/CGalamojatecristina-768x512.jpg 768w, https:\/\/mojateporlavida.org\/wp-content\/uploads\/2017\/12\/CGalamojatecristina-320x213.jpg 320w, https:\/\/mojateporlavida.org\/wp-content\/uploads\/2017\/12\/CGalamojatecristina.jpg 1024w\" sizes=\"(max-width: 561px) 100vw, 561px\" \/><\/p>\n<p>Tambi\u00e9n tuvieron una menci\u00f3n especial NB SportWear, empresa responsable del dise\u00f1o y suministro del merchandising de #mojateporlavida, Claudio Navarrete recibi\u00f3 el reconocimiento de la mano de Gin\u00e9s Garc\u00eda. Y por supuesto, el equipo de Club Playa Serena Restaurante tambi\u00e9n tuvo su menci\u00f3n por el cari\u00f1o con el que nos trataron, entreg\u00e1ndole Paco Camar\u00e1 su reconocimiento.<\/p>\n<p><img decoding=\"async\" loading=\"lazy\" class=\"aligncenter wp-image-6392 \" src=\"http:\/\/mojateporlavida.org\/wp-content\/uploads\/2017\/12\/CGalamojateclaudio-640x391.jpg\" alt=\"\" width=\"575\" height=\"352\" srcset=\"https:\/\/mojateporlavida.org\/wp-content\/uploads\/2017\/12\/CGalamojateclaudio-640x391.jpg 640w, https:\/\/mojateporlavida.org\/wp-content\/uploads\/2017\/12\/CGalamojateclaudio-768x470.jpg 768w, https:\/\/mojateporlavida.org\/wp-content\/uploads\/2017\/12\/CGalamojateclaudio-320x196.jpg 320w, https:\/\/mojateporlavida.org\/wp-content\/uploads\/2017\/12\/CGalamojateclaudio.jpg 1024w\" sizes=\"(max-width: 575px) 100vw, 575px\" \/><\/p>\n<p><img decoding=\"async\" loading=\"lazy\" class=\"wp-image-6393 aligncenter\" src=\"http:\/\/mojateporlavida.org\/wp-content\/uploads\/2017\/12\/CGalamojateLa-costa-640x427.jpg\" alt=\"\" width=\"522\" height=\"348\" srcset=\"https:\/\/mojateporlavida.org\/wp-content\/uploads\/2017\/12\/CGalamojateLa-costa-640x427.jpg 640w, https:\/\/mojateporlavida.org\/wp-content\/uploads\/2017\/12\/CGalamojateLa-costa-768x512.jpg 768w, https:\/\/mojateporlavida.org\/wp-content\/uploads\/2017\/12\/CGalamojateLa-costa.jpg 1280w, https:\/\/mojateporlavida.org\/wp-content\/uploads\/2017\/12\/CGalamojateLa-costa-320x213.jpg 320w\" sizes=\"(max-width: 522px) 100vw, 522px\" \/><\/p>\n<p>Despu\u00e9s de las instituciones, colaboradores y patrocinadores, tuvo lugar el reconocimiento al reto superado de los 10 nadadores: Antonio Aroca, Sasi Barroso, Paco C\u00e1mara, Sagrario Carri\u00f3n, Gabriel Cruz, \u00c1ngel Garijo, Carlos G\u00f3mez, Gin\u00e9s P\u00e9rez, Ainhoa Ruiz de Larramendi y Arancha Ruiz de Larramendi. Realiz\u00e1ndose una menci\u00f3n especial a los que no hab\u00eda podido asistir a la cena: Sasi Barroso, Sagrario Carri\u00f3n, Carlos G\u00f3mez y Arancha Ruiz de Larramendi, pero que estuvieron muy presentes durante toda la velada.<\/p>\n<p><img decoding=\"async\" loading=\"lazy\" class=\" wp-image-6394 aligncenter\" src=\"http:\/\/mojateporlavida.org\/wp-content\/uploads\/2017\/12\/CGalamojatenadadores-640x427.jpg\" alt=\"\" width=\"524\" height=\"349\" srcset=\"https:\/\/mojateporlavida.org\/wp-content\/uploads\/2017\/12\/CGalamojatenadadores-640x427.jpg 640w, https:\/\/mojateporlavida.org\/wp-content\/uploads\/2017\/12\/CGalamojatenadadores-768x512.jpg 768w, https:\/\/mojateporlavida.org\/wp-content\/uploads\/2017\/12\/CGalamojatenadadores-320x213.jpg 320w, https:\/\/mojateporlavida.org\/wp-content\/uploads\/2017\/12\/CGalamojatenadadores.jpg 1024w\" sizes=\"(max-width: 524px) 100vw, 524px\" \/><\/p>\n<p>El resto recibieron de la mano de las personas que les hab\u00edan cuidado y\/o apoyado en el agua: Luis Rodr\u00edguez, Macarena Molina, Piedad Mart\u00ednez, Cristina Galvez, Patricia Senarega y Daniel Guerrero, los diplomas que acreditaban la consecuci\u00f3n de su haza\u00f1a.<\/p>\n<p>A este grupo de nadadores se sumaron Yolanda Jim\u00e9nez que representaba a todos los nadadores invitados que han participado en el reto y Adrian Garc\u00eda, Presidente del CN Bah\u00eda de Almer\u00eda, club que ha completado el reto por etapas.<\/p>\n<p><img decoding=\"async\" loading=\"lazy\" class=\"aligncenter size-medium wp-image-6395\" src=\"http:\/\/mojateporlavida.org\/wp-content\/uploads\/2017\/12\/CGalamojateadrian-640x585.jpg\" alt=\"\" width=\"640\" height=\"585\" srcset=\"https:\/\/mojateporlavida.org\/wp-content\/uploads\/2017\/12\/CGalamojateadrian-640x585.jpg 640w, https:\/\/mojateporlavida.org\/wp-content\/uploads\/2017\/12\/CGalamojateadrian-768x702.jpg 768w, https:\/\/mojateporlavida.org\/wp-content\/uploads\/2017\/12\/CGalamojateadrian-320x293.jpg 320w, https:\/\/mojateporlavida.org\/wp-content\/uploads\/2017\/12\/CGalamojateadrian.jpg 1120w\" sizes=\"(max-width: 640px) 100vw, 640px\" \/><\/p>\n<p><img decoding=\"async\" loading=\"lazy\" class=\"alignleft wp-image-6372\" src=\"http:\/\/mojateporlavida.org\/wp-content\/uploads\/2017\/12\/ainhoapan\u0303uelo1-640x710.jpg\" alt=\"\" width=\"299\" height=\"332\" srcset=\"https:\/\/mojateporlavida.org\/wp-content\/uploads\/2017\/12\/ainhoapan\u0303uelo1-640x710.jpg 640w, https:\/\/mojateporlavida.org\/wp-content\/uploads\/2017\/12\/ainhoapan\u0303uelo1-768x852.jpg 768w, https:\/\/mojateporlavida.org\/wp-content\/uploads\/2017\/12\/ainhoapan\u0303uelo1-320x355.jpg 320w, https:\/\/mojateporlavida.org\/wp-content\/uploads\/2017\/12\/ainhoapan\u0303uelo1.jpg 974w\" sizes=\"(max-width: 299px) 100vw, 299px\" \/><\/p>\n<p>Todos juntos nuevamente, escucharon las palabras de Ainhoa Ruiz de Larramendi, que no nos hizo llorar sino recordar que aunque ellos hab\u00eda estado entrenando durante todo el a\u00f1o para superar el reto, todas las donaciones hab\u00edan sido el motivo que los hab\u00edan llevado al \u00e9xito, en especial tantas peque\u00f1as donaciones de alumnos y de sus maestros y maestras.<\/p>\n<p>Tras su intervenci\u00f3n, le entreg\u00f3 a Patricia Senarega, responsable de eventos de la Fundaci\u00f3n Cris, un pa\u00f1uelo de Estella, una lista que le acompa\u00f1\u00f3 en su boya, con los nombres de familiares y amigos que pelearon contra el c\u00e1ncer y ganaron o no la batalla, bracearon junto a\u00a0 ella por Cabo de Gata-N\u00edjar,\u00a0 adem\u00e1s de\u00a0 un gorro firmado por todos los nadadores del reto.<\/p>\n<figure id=\"attachment_6345\" aria-describedby=\"caption-attachment-6345\" style=\"width: 478px\" class=\"wp-caption aligncenter\"><img decoding=\"async\" loading=\"lazy\" class=\"size-full wp-image-6345\" src=\"http:\/\/mojateporlavida.org\/wp-content\/uploads\/2017\/12\/Gorro.jpg\" alt=\"\" width=\"478\" height=\"480\" srcset=\"https:\/\/mojateporlavida.org\/wp-content\/uploads\/2017\/12\/Gorro.jpg 478w, https:\/\/mojateporlavida.org\/wp-content\/uploads\/2017\/12\/Gorro-160x160.jpg 160w, https:\/\/mojateporlavida.org\/wp-content\/uploads\/2017\/12\/Gorro-320x320.jpg 320w\" sizes=\"(max-width: 478px) 100vw, 478px\" \/><figcaption id=\"caption-attachment-6345\" class=\"wp-caption-text\">Gorro firmado por los nadadores<\/figcaption><\/figure>\n<p>En este momento, Patricia Senarega intervino para agradecer al equipo de #mojateporlavida y a toda la gente que los hab\u00eda apoyado el esfuerzo realizado, y lo que supon\u00eda para la Fundaci\u00f3n Cris contar con esta marea solidaria.<\/p>\n<p><img decoding=\"async\" loading=\"lazy\" class=\"aligncenter size-medium wp-image-6399\" src=\"http:\/\/mojateporlavida.org\/wp-content\/uploads\/2017\/12\/CGalamojatepatricia1-640x427.jpg\" alt=\"\" width=\"640\" height=\"427\" srcset=\"https:\/\/mojateporlavida.org\/wp-content\/uploads\/2017\/12\/CGalamojatepatricia1-640x427.jpg 640w, https:\/\/mojateporlavida.org\/wp-content\/uploads\/2017\/12\/CGalamojatepatricia1-768x512.jpg 768w, https:\/\/mojateporlavida.org\/wp-content\/uploads\/2017\/12\/CGalamojatepatricia1-320x213.jpg 320w, https:\/\/mojateporlavida.org\/wp-content\/uploads\/2017\/12\/CGalamojatepatricia1.jpg 1024w\" sizes=\"(max-width: 640px) 100vw, 640px\" \/><\/p>\n<p style=\"text-align: center;\"><cite>Sois parte de la familia de Cris, os necesitamos y no os vamos a dejar escapar. Juntos lo conseguiremos.<\/cite><\/p>\n<p><img decoding=\"async\" loading=\"lazy\" class=\"aligncenter size-medium wp-image-6400\" src=\"http:\/\/mojateporlavida.org\/wp-content\/uploads\/2017\/12\/CGalamojatepatricia2-640x427.jpg\" alt=\"\" width=\"640\" height=\"427\" srcset=\"https:\/\/mojateporlavida.org\/wp-content\/uploads\/2017\/12\/CGalamojatepatricia2-640x427.jpg 640w, https:\/\/mojateporlavida.org\/wp-content\/uploads\/2017\/12\/CGalamojatepatricia2-768x512.jpg 768w, https:\/\/mojateporlavida.org\/wp-content\/uploads\/2017\/12\/CGalamojatepatricia2-1280x853.jpg 1280w, https:\/\/mojateporlavida.org\/wp-content\/uploads\/2017\/12\/CGalamojatepatricia2-320x213.jpg 320w, https:\/\/mojateporlavida.org\/wp-content\/uploads\/2017\/12\/CGalamojatepatricia2.jpg 1620w\" sizes=\"(max-width: 640px) 100vw, 640px\" \/><\/p>\n<p>Jos\u00e9 Ram\u00f3n Mart\u00ednez, responsable de organizaci\u00f3n, fue el encargado de dirigirse a los asistentes como representante de la directiva del CD TurAniAnA, palabras cargadas de emoci\u00f3n y orgullo de que un club familiar y de reciente creaci\u00f3n, haya logrado involucrar a tanta gente en un sue\u00f1o, que el a\u00f1o que viene ser\u00e1 una realidad. Le entreg\u00f3 a Patricia Senarega una cer\u00e1mica artesanal realizada por Ver\u00f3nica Herreo del logotipo de M\u00f3jate por la vida.<\/p>\n<p>Otro momento emotivo, fue cuanto Antonio Aroca, responsable t\u00e9cnico, entrego a Gaby en diversas facetas a cada una de las personas de la organizaci\u00f3n: Gema Molina y Mar\u00eda del Mar Gonzalez recibieron un Gaby vendiendo merchandising, Piedad Mart\u00ednez recibi\u00f3 un Gaby con su piragua y su pala, Matilde Hern\u00e1ndez un Gaby organizador y Agust\u00edn Ram\u00edrez y Mari Luz Arr\u00e1ez recibieron los gabys fot\u00f3grafo y tecnol\u00f3gico. Antonio Aroca recibi\u00f3 de la mano de Ainhoa Ruiz de Larramendi un calendario de Gaby, para que vaya preparando pr\u00f3ximos retos.<\/p>\n<p><img decoding=\"async\" loading=\"lazy\" class=\"aligncenter size-medium wp-image-6424\" src=\"http:\/\/mojateporlavida.org\/wp-content\/uploads\/2017\/12\/Gabis-640x480.jpg\" alt=\"\" width=\"640\" height=\"480\" srcset=\"https:\/\/mojateporlavida.org\/wp-content\/uploads\/2017\/12\/Gabis-640x480.jpg 640w, https:\/\/mojateporlavida.org\/wp-content\/uploads\/2017\/12\/Gabis-768x576.jpg 768w, https:\/\/mojateporlavida.org\/wp-content\/uploads\/2017\/12\/Gabis-320x240.jpg 320w, https:\/\/mojateporlavida.org\/wp-content\/uploads\/2017\/12\/Gabis.jpg 800w\" sizes=\"(max-width: 640px) 100vw, 640px\" \/><\/p>\n<p>Casi al final de la cena, Juan Ortiz de Cruzber hizo entrega a Patricia Senarega de un cheque de 1.000,00 euros, su \u00faltima donaci\u00f3n.<\/p>\n<figure id=\"attachment_6314\" aria-describedby=\"caption-attachment-6314\" style=\"width: 640px\" class=\"wp-caption aligncenter\"><img decoding=\"async\" loading=\"lazy\" class=\"size-medium wp-image-6314\" src=\"http:\/\/mojateporlavida.org\/wp-content\/uploads\/2017\/12\/Cruzentrega-cheque1000-640x392.jpg\" alt=\"\" width=\"640\" height=\"392\" srcset=\"https:\/\/mojateporlavida.org\/wp-content\/uploads\/2017\/12\/Cruzentrega-cheque1000-640x392.jpg 640w, https:\/\/mojateporlavida.org\/wp-content\/uploads\/2017\/12\/Cruzentrega-cheque1000-768x470.jpg 768w, https:\/\/mojateporlavida.org\/wp-content\/uploads\/2017\/12\/Cruzentrega-cheque1000-1280x784.jpg 1280w, https:\/\/mojateporlavida.org\/wp-content\/uploads\/2017\/12\/Cruzentrega-cheque1000-320x196.jpg 320w, https:\/\/mojateporlavida.org\/wp-content\/uploads\/2017\/12\/Cruzentrega-cheque1000.jpg 1528w\" sizes=\"(max-width: 640px) 100vw, 640px\" \/><figcaption id=\"caption-attachment-6314\" class=\"wp-caption-text\">Cruz entrega 1000\u20ac a la fundaci\u00f3n Cris<\/figcaption><\/figure>\n<p>A continuaci\u00f3n, Antonio Aroca y Jose Ram\u00f3n Mart\u00ednez entregaron otro de 40.065,00 euros a Antonio P\u00e9rez Mart\u00ednez, cedi\u00e9ndole a este \u00faltimo la palabra.<\/p>\n<figure id=\"attachment_6316\" aria-describedby=\"caption-attachment-6316\" style=\"width: 640px\" class=\"wp-caption aligncenter\"><img decoding=\"async\" loading=\"lazy\" class=\"size-medium wp-image-6316\" src=\"http:\/\/mojateporlavida.org\/wp-content\/uploads\/2017\/12\/Cheque-de-40000-640x427.jpg\" alt=\"\" width=\"640\" height=\"427\" srcset=\"https:\/\/mojateporlavida.org\/wp-content\/uploads\/2017\/12\/Cheque-de-40000-640x427.jpg 640w, https:\/\/mojateporlavida.org\/wp-content\/uploads\/2017\/12\/Cheque-de-40000-768x512.jpg 768w, https:\/\/mojateporlavida.org\/wp-content\/uploads\/2017\/12\/Cheque-de-40000-1280x853.jpg 1280w, https:\/\/mojateporlavida.org\/wp-content\/uploads\/2017\/12\/Cheque-de-40000-320x213.jpg 320w, https:\/\/mojateporlavida.org\/wp-content\/uploads\/2017\/12\/Cheque-de-40000.jpg 1620w\" sizes=\"(max-width: 640px) 100vw, 640px\" \/><figcaption id=\"caption-attachment-6316\" class=\"wp-caption-text\">Entrega simb\u00f3lica de lo recaudado hasta el momento en la plataforma de crowfunding.<\/figcaption><\/figure>\n<p>La intervenci\u00f3n del responsable de la Unidad Cris fue el mejor broche a esta cena, ya que nos dej\u00f3 claro que las locuras en equipo y con esfuerzo tienen grandes resultados.<\/p>\n<p><img decoding=\"async\" loading=\"lazy\" class=\"aligncenter wp-image-6401\" src=\"http:\/\/mojateporlavida.org\/wp-content\/uploads\/2017\/12\/CGalamojateAntonio1-640x427.jpg\" alt=\"\" width=\"524\" height=\"349\" srcset=\"https:\/\/mojateporlavida.org\/wp-content\/uploads\/2017\/12\/CGalamojateAntonio1-640x427.jpg 640w, https:\/\/mojateporlavida.org\/wp-content\/uploads\/2017\/12\/CGalamojateAntonio1-768x512.jpg 768w, https:\/\/mojateporlavida.org\/wp-content\/uploads\/2017\/12\/CGalamojateAntonio1-1280x853.jpg 1280w, https:\/\/mojateporlavida.org\/wp-content\/uploads\/2017\/12\/CGalamojateAntonio1-320x213.jpg 320w, https:\/\/mojateporlavida.org\/wp-content\/uploads\/2017\/12\/CGalamojateAntonio1.jpg 1620w\" sizes=\"(max-width: 524px) 100vw, 524px\" \/><\/p>\n<blockquote><p>\u00abGracias a proyectos como este, un investigador Granaino como yo,\u00a0 podr\u00e1 trabajar en un centro de referencia a nivel europeo situado en Madrid, para dar esperanza a ni\u00f1os de Almer\u00eda y del resto del territorio\u00bb<\/p><\/blockquote>\n<p><img decoding=\"async\" loading=\"lazy\" class=\"aligncenter wp-image-6402\" src=\"http:\/\/mojateporlavida.org\/wp-content\/uploads\/2017\/12\/CGalamojateheroes-640x427.jpg\" alt=\"\" width=\"533\" height=\"355\" srcset=\"https:\/\/mojateporlavida.org\/wp-content\/uploads\/2017\/12\/CGalamojateheroes-640x427.jpg 640w, https:\/\/mojateporlavida.org\/wp-content\/uploads\/2017\/12\/CGalamojateheroes-768x512.jpg 768w, https:\/\/mojateporlavida.org\/wp-content\/uploads\/2017\/12\/CGalamojateheroes-1280x853.jpg 1280w, https:\/\/mojateporlavida.org\/wp-content\/uploads\/2017\/12\/CGalamojateheroes-320x213.jpg 320w, https:\/\/mojateporlavida.org\/wp-content\/uploads\/2017\/12\/CGalamojateheroes.jpg 1620w\" sizes=\"(max-width: 533px) 100vw, 533px\" \/><\/p>\n<p>Gracias Antonio por compartir con nosotros tu pasi\u00f3n por la vida.<\/p>\n<p><iframe loading=\"lazy\" width=\"1200\" height=\"675\" src=\"https:\/\/www.youtube.com\/embed\/sNVvHK8YMj4?feature=oembed\" frameborder=\"0\" allow=\"autoplay; encrypted-media\" allowfullscreen><\/iframe><\/p>\n<\/div><\/div><\/div><\/div><\/div><div class=\"boldRow \" ><div class=\"boldRowInner\"><\/div><\/div><\/div><\/div><\/div><\/section><section id=\"bt_section69f1beeea27d9\"  class=\"boldSection gutter\" ><div class=\"port\"><div class=\"boldCell\"><div class=\"boldCellInner\"><div class=\"boldRow \" ><div class=\"boldRowInner\"><div class=\"rowItem col-md-12 col-ms-12  btTextLeft\"  data-width=\"12\"><div class=\"rowItemContent\" ><div class=\"btText\" ><p>El v\u00eddeo de \u201cUna Noche de H\u00e9roes\u201d fue el fin de la cena y el comienzo de los sorteos de las donaciones realizadas para esta ocasi\u00f3n, que queremos agradecer:<\/p>\n<ol>\n<li>La UD Almer\u00eda don\u00f3 2 pases vip para el partido de liga de la jornada 17.<\/li>\n<li>Apartahotel Neptuno don\u00f3 dos noches de alojamiento y desayuno para dos personas.<\/li>\n<li>Cruzber dono un fin de semana con spa.<\/li>\n<li>Restaurante La Costa don\u00f3 un men\u00fa degustaci\u00f3n con maridaje para dos.<\/li>\n<li>Psa Retail dono un fin de semana con un 3008 y otro con un 5008.<\/li>\n<li>Estrella Damm don\u00f3 6 cheques regalos por valor de una caja de 24 cervezas especial.<\/li>\n<li>Promobys don\u00f3 10 d\u00e9cimos de loter\u00eda de la Administraci\u00f3n de T\u00edjola. Adem\u00e1s esta \u00faltima don\u00f3 un n\u00famero de ese d\u00e9cimo a la Fundaci\u00f3n Cris.<\/li>\n<li>6 packs de material deportivo de Safe Sea, Nutrisport y Vaude.<\/li>\n<li>6 pack de Unicaja Voley que inclu\u00edan merchandising y un bono familiar de temporada, uno de los packs inclu\u00eda una camiseta firmada por todos los jugadores del equipo.<\/li>\n<li>3 d\u00e9cimos de loter\u00eda de la Fundaci\u00f3n Cris, donados por \u201cla t\u00eda Juliana\u201d.<\/li>\n<li>Dulces Albacete<\/li>\n<li>Pasteler\u00eda Masgot don\u00f3 un vale de 50\u20ac para dulces o una tarta especial.<\/li>\n<li>2 camisetas de Carlos Pe\u00f1a.<\/li>\n<li>1 camiseta de Javier Mart\u00ednez.<\/li>\n<li>1 camiseta de Alhambra Nievas.<\/li>\n<\/ol>\n<p>Encontrar las palabras para definir lo que sentimos los miembros de #mojateporlavida la noche del 25 de noviembre es muy dif\u00edcil, s\u00f3lo podemos decir gracias por creer en nuestra locura y por seguirnos en esta traves\u00eda, con esfuerzo, compromiso y amistad lo conseguiremos, venceremos al c\u00e1ncer infantil.<\/p>\n<p>Yo me mojo por la vida, y t\u00fa? #mojateporlavida<\/p>\n<\/div><\/div><\/div><\/div><\/div><\/div><\/div><\/div><\/section><section id=\"bt_section69f1beeea2b1d\"  class=\"boldSection gutter\" ><div class=\"port\"><div class=\"boldCell\"><div class=\"boldCellInner\"><div class=\"boldRow \" ><div class=\"boldRowInner\"><div class=\"rowItem col-md-12 col-ms-12  btTextLeft\"  data-width=\"12\"><div class=\"rowItemContent\" ><div class=\"tilesWall btGridGallery tiled  btGridGap-1 lightbox\" data-col=\"3\"><div class=\"gridSizer\"><\/div><div class=\"gridItem btGhostSliderThumb bt21\" data-order-num=\"-1\"><div class=\"btTileBox\"><div class=\"bpgPhoto \" > \r\n\t\t\t\t\t<a href=\"https:\/\/mojateporlavida.org\/wp-content\/uploads\/2017\/12\/Gorro.jpg\" class=\"lightbox\" data-title=\"Gorro firmado por los nadadores\"><\/a>\r\n\t\t\t\t\t<div class=\"boldPhotoBox\"><div class=\"bpbItem\"><div class = \"btImage\"><img src=\"https:\/\/mojateporlavida.org\/wp-content\/uploads\/2017\/12\/Gorro.jpg\" alt=\"\" title=\"Gorro firmado por los nadadores\"><\/div><\/div><\/div>\r\n\t\t\t\t\t<div class=\"captionPane btDarkSkin btTextCenter\">\r\n\t\t\t\t\t\t<div class=\"captionTable\">\r\n\t\t\t\t\t\t\t<div class=\"captionCell\">\r\n\t\t\t\t\t\t\t\t<div class=\"captionTxt\"><header class=\"header btClear extrasmall\" ><div class=\"dash\"><h4><span class=\"headline\">Gorro firmado por los nadadores<\/span><\/h4><\/div><\/header><\/div>\r\n\t\t\t\t\t\t\t<\/div>\r\n\t\t\t\t\t\t<\/div>\r\n\t\t\t\t\t<\/div><\/div><\/div><\/div><div class=\"gridItem btGhostSliderThumb bt11\" data-order-num=\"0\"><div class=\"btTileBox\"><div class=\"bpgPhoto \" > \r\n\t\t\t\t\t<a href=\"https:\/\/mojateporlavida.org\/wp-content\/uploads\/2017\/12\/Pan\u0303uelo-Estella1.jpg\" class=\"lightbox\" data-title=\"\"><\/a>\r\n\t\t\t\t\t<div class=\"boldPhotoBox\"><div class=\"bpbItem\"><div class = \"btImage\"><img src=\"https:\/\/mojateporlavida.org\/wp-content\/uploads\/2017\/12\/Pan\u0303uelo-Estella1-640x640.jpg\" alt=\"\" title=\"\"><\/div><\/div><\/div>\r\n\t\t\t\t\t<div class=\"captionPane btDarkSkin btTextCenter\">\r\n\t\t\t\t\t\t<div class=\"captionTable\">\r\n\t\t\t\t\t\t\t<div class=\"captionCell\">\r\n\t\t\t\t\t\t\t\t<div class=\"captionTxt\"><\/div>\r\n\t\t\t\t\t\t\t<\/div>\r\n\t\t\t\t\t\t<\/div>\r\n\t\t\t\t\t<\/div><\/div><\/div><\/div><div class=\"gridItem btGhostSliderThumb bt11\" data-order-num=\"1\"><div class=\"btTileBox\"><div class=\"bpgPhoto \" > \r\n\t\t\t\t\t<a href=\"https:\/\/mojateporlavida.org\/wp-content\/uploads\/2017\/12\/Pack-Nutrisport-vaude-safesea.jpg\" class=\"lightbox\" data-title=\"Nutrisport, VAude, Safe sea\"><\/a>\r\n\t\t\t\t\t<div class=\"boldPhotoBox\"><div class=\"bpbItem\"><div class = \"btImage\"><img src=\"https:\/\/mojateporlavida.org\/wp-content\/uploads\/2017\/12\/Pack-Nutrisport-vaude-safesea.jpg\" alt=\"\" title=\"Nutrisport, VAude, Safe sea\"><\/div><\/div><\/div>\r\n\t\t\t\t\t<div class=\"captionPane btDarkSkin btTextCenter\">\r\n\t\t\t\t\t\t<div class=\"captionTable\">\r\n\t\t\t\t\t\t\t<div class=\"captionCell\">\r\n\t\t\t\t\t\t\t\t<div class=\"captionTxt\"><header class=\"header btClear extrasmall\" ><div class=\"dash\"><h4><span class=\"headline\">Nutrisport, VAude, Safe sea<\/span><\/h4><\/div><\/header><\/div>\r\n\t\t\t\t\t\t\t<\/div>\r\n\t\t\t\t\t\t<\/div>\r\n\t\t\t\t\t<\/div><\/div><\/div><\/div><div class=\"gridItem btGhostSliderThumb bt11\" data-order-num=\"2\"><div class=\"btTileBox\"><div class=\"bpgPhoto \" > \r\n\t\t\t\t\t<a href=\"https:\/\/mojateporlavida.org\/wp-content\/uploads\/2017\/12\/Camiseta-Alhambra1..png\" class=\"lightbox\" data-title=\"Alhambra Nievas. Mejor \u00e1rbitro del Mundo. Rugby.\"><\/a>\r\n\t\t\t\t\t<div class=\"boldPhotoBox\"><div class=\"bpbItem\"><div class = \"btImage\"><img src=\"https:\/\/mojateporlavida.org\/wp-content\/uploads\/2017\/12\/Camiseta-Alhambra1..png\" alt=\"\" title=\"Alhambra Nievas. Mejor \u00e1rbitro del Mundo. Rugby.\"><\/div><\/div><\/div>\r\n\t\t\t\t\t<div class=\"captionPane btDarkSkin btTextCenter\">\r\n\t\t\t\t\t\t<div class=\"captionTable\">\r\n\t\t\t\t\t\t\t<div class=\"captionCell\">\r\n\t\t\t\t\t\t\t\t<div class=\"captionTxt\"><header class=\"header btClear extrasmall\" ><div class=\"dash\"><h4><span class=\"headline\">Alhambra Nievas. Mejor \u00e1rbitro del Mundo. Rugby.<\/span><\/h4><\/div><\/header><\/div>\r\n\t\t\t\t\t\t\t<\/div>\r\n\t\t\t\t\t\t<\/div>\r\n\t\t\t\t\t<\/div><\/div><\/div><\/div><div class=\"gridItem btGhostSliderThumb bt11\" data-order-num=\"3\"><div class=\"btTileBox\"><div class=\"bpgPhoto \" > \r\n\t\t\t\t\t<a href=\"https:\/\/mojateporlavida.org\/wp-content\/uploads\/2017\/12\/Javimartinez1.png\" class=\"lightbox\" data-title=\"Javi Mart\u00ednez. Campe\u00f3n del Mundo Selecci\u00f3n Espa\u00f1ola.\"><\/a>\r\n\t\t\t\t\t<div class=\"boldPhotoBox\"><div class=\"bpbItem\"><div class = \"btImage\"><img src=\"https:\/\/mojateporlavida.org\/wp-content\/uploads\/2017\/12\/Javimartinez1-640x640.png\" alt=\"\" title=\"Javi Mart\u00ednez. Campe\u00f3n del Mundo Selecci\u00f3n Espa\u00f1ola.\"><\/div><\/div><\/div>\r\n\t\t\t\t\t<div class=\"captionPane btDarkSkin btTextCenter\">\r\n\t\t\t\t\t\t<div class=\"captionTable\">\r\n\t\t\t\t\t\t\t<div class=\"captionCell\">\r\n\t\t\t\t\t\t\t\t<div class=\"captionTxt\"><header class=\"header btClear extrasmall\" ><div class=\"dash\"><h4><span class=\"headline\">Javi Mart\u00ednez. Campe\u00f3n del Mundo Selecci\u00f3n Espa\u00f1ola.<\/span><\/h4><\/div><\/header><\/div>\r\n\t\t\t\t\t\t\t<\/div>\r\n\t\t\t\t\t\t<\/div>\r\n\t\t\t\t\t<\/div><\/div><\/div><\/div><div class=\"gridItem btGhostSliderThumb bt11\" data-order-num=\"4\"><div class=\"btTileBox\"><div class=\"bpgPhoto \" > \r\n\t\t\t\t\t<a href=\"https:\/\/mojateporlavida.org\/wp-content\/uploads\/2017\/12\/Undisparoeneldesierto-p.jpg\" class=\"lightbox\" data-title=\"Libro. Adri\u00e1n Manuel Garc\u00eda\"><\/a>\r\n\t\t\t\t\t<div class=\"boldPhotoBox\"><div class=\"bpbItem\"><div class = \"btImage\"><img src=\"https:\/\/mojateporlavida.org\/wp-content\/uploads\/2017\/12\/Undisparoeneldesierto-p-610x640.jpg\" alt=\"\" title=\"Libro. Adri\u00e1n Manuel Garc\u00eda\"><\/div><\/div><\/div>\r\n\t\t\t\t\t<div class=\"captionPane btDarkSkin btTextCenter\">\r\n\t\t\t\t\t\t<div class=\"captionTable\">\r\n\t\t\t\t\t\t\t<div class=\"captionCell\">\r\n\t\t\t\t\t\t\t\t<div class=\"captionTxt\"><header class=\"header btClear extrasmall\" ><div class=\"dash\"><h4><span class=\"headline\">Libro. Adri\u00e1n Manuel Garc\u00eda<\/span><\/h4><\/div><\/header><\/div>\r\n\t\t\t\t\t\t\t<\/div>\r\n\t\t\t\t\t\t<\/div>\r\n\t\t\t\t\t<\/div><\/div><\/div><\/div><div class=\"gridItem btGhostSliderThumb bt11\" data-order-num=\"5\"><div class=\"btTileBox\"><div class=\"bpgPhoto \" > \r\n\t\t\t\t\t<a href=\"https:\/\/mojateporlavida.org\/wp-content\/uploads\/2017\/12\/Unicaja-2.jpg\" class=\"lightbox\" data-title=\"Bufanda y Bander\u00edn Unicaja\"><\/a>\r\n\t\t\t\t\t<div class=\"boldPhotoBox\"><div class=\"bpbItem\"><div class = \"btImage\"><img src=\"https:\/\/mojateporlavida.org\/wp-content\/uploads\/2017\/12\/Unicaja-2-640x593.jpg\" alt=\"\" title=\"Bufanda y Bander\u00edn Unicaja\"><\/div><\/div><\/div>\r\n\t\t\t\t\t<div class=\"captionPane btDarkSkin btTextCenter\">\r\n\t\t\t\t\t\t<div class=\"captionTable\">\r\n\t\t\t\t\t\t\t<div class=\"captionCell\">\r\n\t\t\t\t\t\t\t\t<div class=\"captionTxt\"><header class=\"header btClear extrasmall\" ><div class=\"dash\"><h4><span class=\"headline\">Bufanda y Bander\u00edn Unicaja<\/span><\/h4><\/div><\/header><\/div>\r\n\t\t\t\t\t\t\t<\/div>\r\n\t\t\t\t\t\t<\/div>\r\n\t\t\t\t\t<\/div><\/div><\/div><\/div><div class=\"gridItem btGhostSliderThumb bt11\" data-order-num=\"6\"><div class=\"btTileBox\"><div class=\"bpgPhoto \" > \r\n\t\t\t\t\t<a href=\"https:\/\/mojateporlavida.org\/wp-content\/uploads\/2017\/12\/Unicaja-camiseta-del.jpg\" class=\"lightbox\" data-title=\"Tricampeones 2015\/2016\"><\/a>\r\n\t\t\t\t\t<div class=\"boldPhotoBox\"><div class=\"bpbItem\"><div class = \"btImage\"><img src=\"https:\/\/mojateporlavida.org\/wp-content\/uploads\/2017\/12\/Unicaja-camiseta-del-612x640.jpg\" alt=\"\" title=\"Tricampeones 2015\/2016\"><\/div><\/div><\/div>\r\n\t\t\t\t\t<div class=\"captionPane btDarkSkin btTextCenter\">\r\n\t\t\t\t\t\t<div class=\"captionTable\">\r\n\t\t\t\t\t\t\t<div class=\"captionCell\">\r\n\t\t\t\t\t\t\t\t<div class=\"captionTxt\"><header class=\"header btClear extrasmall\" ><div class=\"dash\"><h4><span class=\"headline\">Tricampeones 2015\/2016<\/span><\/h4><\/div><\/header><\/div>\r\n\t\t\t\t\t\t\t<\/div>\r\n\t\t\t\t\t\t<\/div>\r\n\t\t\t\t\t<\/div><\/div><\/div><\/div><div class=\"gridItem btGhostSliderThumb bt11\" data-order-num=\"7\"><div class=\"btTileBox\"><div class=\"bpgPhoto \" > \r\n\t\t\t\t\t<a href=\"https:\/\/mojateporlavida.org\/wp-content\/uploads\/2017\/12\/UNicaja-camiseta-tra.jpg\" class=\"lightbox\" data-title=\"Equipo completo\"><\/a>\r\n\t\t\t\t\t<div class=\"boldPhotoBox\"><div class=\"bpbItem\"><div class = \"btImage\"><img src=\"https:\/\/mojateporlavida.org\/wp-content\/uploads\/2017\/12\/UNicaja-camiseta-tra-639x640.jpg\" alt=\"\" title=\"Equipo completo\"><\/div><\/div><\/div>\r\n\t\t\t\t\t<div class=\"captionPane btDarkSkin btTextCenter\">\r\n\t\t\t\t\t\t<div class=\"captionTable\">\r\n\t\t\t\t\t\t\t<div class=\"captionCell\">\r\n\t\t\t\t\t\t\t\t<div class=\"captionTxt\"><header class=\"header btClear extrasmall\" ><div class=\"dash\"><h4><span class=\"headline\">Equipo completo<\/span><\/h4><\/div><\/header><\/div>\r\n\t\t\t\t\t\t\t<\/div>\r\n\t\t\t\t\t\t<\/div>\r\n\t\t\t\t\t<\/div><\/div><\/div><\/div><div class=\"gridItem btGhostSliderThumb bt11\" data-order-num=\"8\"><div class=\"btTileBox\"><div class=\"bpgPhoto \" > \r\n\t\t\t\t\t<a href=\"https:\/\/mojateporlavida.org\/wp-content\/uploads\/2017\/12\/Gabi-Agustin.jpg\" class=\"lightbox\" data-title=\"Nuestro Gabi Fot\u00f3grafo, para Agust\u00edn\"><\/a>\r\n\t\t\t\t\t<div class=\"boldPhotoBox\"><div class=\"bpbItem\"><div class = \"btImage\"><img src=\"https:\/\/mojateporlavida.org\/wp-content\/uploads\/2017\/12\/Gabi-Agustin.jpg\" alt=\"\" title=\"Nuestro Gabi Fot\u00f3grafo, para Agust\u00edn\"><\/div><\/div><\/div>\r\n\t\t\t\t\t<div class=\"captionPane btDarkSkin btTextCenter\">\r\n\t\t\t\t\t\t<div class=\"captionTable\">\r\n\t\t\t\t\t\t\t<div class=\"captionCell\">\r\n\t\t\t\t\t\t\t\t<div class=\"captionTxt\"><header class=\"header btClear extrasmall\" ><div class=\"dash\"><h4><span class=\"headline\">Nuestro Gabi Fot\u00f3grafo, para Agust\u00edn<\/span><\/h4><\/div><\/header><\/div>\r\n\t\t\t\t\t\t\t<\/div>\r\n\t\t\t\t\t\t<\/div>\r\n\t\t\t\t\t<\/div><\/div><\/div><\/div><div class=\"gridItem btGhostSliderThumb bt11\" data-order-num=\"9\"><div class=\"btTileBox\"><div class=\"bpgPhoto \" > \r\n\t\t\t\t\t<a href=\"https:\/\/mojateporlavida.org\/wp-content\/uploads\/2017\/12\/Gabis.jpg\" class=\"lightbox\" data-title=\"\"><\/a>\r\n\t\t\t\t\t<div class=\"boldPhotoBox\"><div class=\"bpbItem\"><div class = \"btImage\"><img src=\"https:\/\/mojateporlavida.org\/wp-content\/uploads\/2017\/12\/Gabis-640x600.jpg\" alt=\"\" title=\"\"><\/div><\/div><\/div>\r\n\t\t\t\t\t<div class=\"captionPane btDarkSkin btTextCenter\">\r\n\t\t\t\t\t\t<div class=\"captionTable\">\r\n\t\t\t\t\t\t\t<div class=\"captionCell\">\r\n\t\t\t\t\t\t\t\t<div class=\"captionTxt\"><\/div>\r\n\t\t\t\t\t\t\t<\/div>\r\n\t\t\t\t\t\t<\/div>\r\n\t\t\t\t\t<\/div><\/div><\/div><\/div><\/div><\/div><\/div><\/div><\/div><\/div><\/div><\/div><\/section>","protected":false},"excerpt":{"rendered":"<p>Cena de Gala M\u00f3jate por la Vida. <\/p>\n","protected":false},"author":3,"featured_media":6308,"comment_status":"open","ping_status":"open","sticky":false,"template":"","format":"audio","meta":[],"categories":[83,274],"tags":[114,104,271,277,278,276,272,111],"_links":{"self":[{"href":"https:\/\/mojateporlavida.org\/index.php?rest_route=\/wp\/v2\/posts\/6304"}],"collection":[{"href":"https:\/\/mojateporlavida.org\/index.php?rest_route=\/wp\/v2\/posts"}],"about":[{"href":"https:\/\/mojateporlavida.org\/index.php?rest_route=\/wp\/v2\/types\/post"}],"author":[{"embeddable":true,"href":"https:\/\/mojateporlavida.org\/index.php?rest_route=\/wp\/v2\/users\/3"}],"replies":[{"embeddable":true,"href":"https:\/\/mojateporlavida.org\/index.php?rest_route=%2Fwp%2Fv2%2Fcomments&post=6304"}],"version-history":[{"count":72,"href":"https:\/\/mojateporlavida.org\/index.php?rest_route=\/wp\/v2\/posts\/6304\/revisions"}],"predecessor-version":[{"id":6436,"href":"https:\/\/mojateporlavida.org\/index.php?rest_route=\/wp\/v2\/posts\/6304\/revisions\/6436"}],"wp:featuredmedia":[{"embeddable":true,"href":"https:\/\/mojateporlavida.org\/index.php?rest_route=\/wp\/v2\/media\/6308"}],"wp:attachment":[{"href":"https:\/\/mojateporlavida.org\/index.php?rest_route=%2Fwp%2Fv2%2Fmedia&parent=6304"}],"wp:term":[{"taxonomy":"category","embeddable":true,"href":"https:\/\/mojateporlavida.org\/index.php?rest_route=%2Fwp%2Fv2%2Fcategories&post=6304"},{"taxonomy":"post_tag","embeddable":true,"href":"https:\/\/mojateporlavida.org\/index.php?rest_route=%2Fwp%2Fv2%2Ftags&post=6304"}],"curies":[{"name":"wp","href":"https:\/\/api.w.org\/{rel}","templated":true}]}}