{"id":6156,"date":"2017-08-26T18:00:15","date_gmt":"2017-08-26T16:00:15","guid":{"rendered":"http:\/\/mojateporlavida.org\/?p=6156"},"modified":"2023-07-19T19:10:57","modified_gmt":"2023-07-19T17:10:57","slug":"quinta-etapa-san-jose-san-miguel-de-cabo-de-gata","status":"publish","type":"post","link":"https:\/\/mojateporlavida.org\/?p=6156","title":{"rendered":"Quinta Etapa. San Jos\u00e9-San Miguel de Cabo de Gata."},"content":{"rendered":"<section id=\"bt_section69f0513370efb\"  class=\"boldSection gutter\" ><div class=\"port\"><div class=\"boldCell\"><div class=\"boldCellInner\"><div class=\"boldRow \" ><div class=\"boldRowInner\"><div class=\"rowItem col-md-12 col-ms-12  btTextLeft\"  data-width=\"12\"><div class=\"rowItemContent\" ><div class=\"btClear btSeparator topSmallSpaced bottomSmallSpaced noBorder\" ><hr><\/div><div class=\"bpgPhoto \" ><div class = \"btImage\"><img src=\"https:\/\/mojateporlavida.org\/wp-content\/uploads\/2017\/09\/E5IMG_0822L-e1505946700616.jpg\" alt=\"\" title=\"M\u00f3jate por la Vida\"><\/div><\/div><div class=\"btClear btSeparator topSmallSpaced bottomSmallSpaced noBorder\" ><hr><\/div><\/div><\/div><\/div><\/div><\/div><\/div><\/div><\/section><section id=\"bt_section69f05133713d3\"  class=\"boldSection gutter\" ><div class=\"port\"><div class=\"boldCell\"><div class=\"boldCellInner\"><div class=\"boldRow \" ><div class=\"boldRowInner\"><div class=\"rowItem col-md-12 col-ms-12  btTextLeft inherit\"  data-width=\"12\"><div class=\"rowItemContent\" ><div class=\"btClear btSeparator topSemiSpaced bottomSemiSpaced noBorder\" ><hr><\/div><header class=\"header btClear large  btHeaderAccent3\" ><div class=\"dash\"><h2><span class=\"headline\">10 personas normales nadan la franja costera del Parque Natural Cabo de Gata \u2013 N\u00efjar por la investigaci\u00f3n contra el c\u00e1ncer infantil.<\/span><\/h2><\/div><\/header><div class=\"btClear btSeparator topSemiSpaced bottomSemiSpaced noBorder\" ><hr><\/div><div class=\"btText\" ><p>Un grupo de 10 nadadores amateur han superado el reto deportivo solidario de nadar la franja costera del Parque Natural Cabo de Gata \u2013 N\u00edjar por la investigaci\u00f3n contra el c\u00e1ncer infantil, en concreto la Unidad de Terapias Avanzadas de la Fundaci\u00f3n Cris en el Hospital La Paz (Madrid). Comenzaron este reto el pasado martes 22 de agosto en la <a href=\"http:\/\/www.ayuntamientocarboneras.es\/lugares\/cala-el-corral\" target=\"_blank\" rel=\"noopener noreferrer\">Playa del Corral<\/a> en Carboneras y lo finalizaron ayer en el n\u00facleo pesquero de Cabo de Gata. Esta haza\u00f1a es la primera vez que se realiza en este espacio y en el formato que han dise\u00f1ado, en 5 etapas consecutivas, para lo que han contado con la colaboraci\u00f3n de <a href=\"http:\/\/mojateporlavida.org\/?p=5507\" target=\"_blank\" rel=\"noopener noreferrer\">PESCARTES<\/a> \u2013 Asociaci\u00f3n de Pescadores Artesanales de Cabo de Gata \u2013 N\u00edjar y la participaci\u00f3n del <a href=\"https:\/\/www.facebook.com\/clubpiraguismo.lostroncos\" target=\"_blank\" rel=\"noopener noreferrer\">Club de Pirag\u00fcismo Los Troncos<\/a>, que los han guiado y acompa\u00f1ado en esta traves\u00eda por las aguas cristalinas de este parque.<\/p>\n<\/div><div class=\"btClear btSeparator topSemiSpaced bottomSemiSpaced noBorder\" ><hr><\/div><div class=\"boldRow \" ><div class=\"boldRowInner\"><div class=\"rowItem rowInnerItem col-lg-12  btTextLeft\"  ><div class=\"rowItemContent\"><div class=\"bpgPhoto  btRoundedImage\" ><div class = \"btImage\"><img src=\"https:\/\/mojateporlavida.org\/wp-content\/uploads\/2017\/09\/E5IMG_0736L-e1505946829293.jpg\" alt=\"\" title=\"Llegando\"><\/div><\/div><\/div><\/div><\/div><\/div><div class=\"btClear btSeparator topSmallSpaced bottomSmallSpaced noBorder\" ><hr><\/div><\/div><\/div><\/div><\/div><\/div><\/div><\/div><\/section><section id=\"bt_section69f0513371cf0\"  class=\"boldSection gutter\" ><div class=\"port\"><div class=\"boldCell\"><div class=\"boldCellInner\"><div class=\"boldRow \" ><div class=\"boldRowInner\"><div class=\"rowItem col-md-4 col-ms-12 btTextLeft\"  data-width=\"4\"><div class=\"rowItemContent\" ><div class=\"bpgPhoto \" ><div class = \"btImage\"><img src=\"https:\/\/mojateporlavida.org\/wp-content\/uploads\/2017\/01\/PESCARTES.jpg\" alt=\"\" title=\"\"><\/div><\/div><\/div><\/div><div class=\"rowItem col-md-4 col-ms-12 btTextLeft\"  data-width=\"4\"><div class=\"rowItemContent\" ><div class=\"bpgPhoto \" ><div class = \"btImage\"><img src=\"https:\/\/mojateporlavida.org\/wp-content\/uploads\/2017\/09\/vertical-con-web.png\" alt=\"\" title=\"\"><\/div><\/div><\/div><\/div><div class=\"rowItem col-md-4 col-ms-12 btTextLeft\"  data-width=\"4\"><div class=\"rowItemContent\" ><div class=\"bpgPhoto \" ><div class = \"btImage\"><img src=\"https:\/\/mojateporlavida.org\/wp-content\/uploads\/2017\/08\/lostroncos.png\" alt=\"\" title=\"\"><\/div><\/div><\/div><\/div><\/div><\/div><\/div><\/div><\/div><\/section><section id=\"bt_section69f05133724b1\"  class=\"boldSection gutter\" ><div class=\"port\"><div class=\"boldCell\"><div class=\"boldCellInner\"><div class=\"boldRow \" ><div class=\"boldRowInner\"><div class=\"rowItem col-md-6 col-sm-12 btTextLeft\"  data-width=\"6\"><div class=\"rowItemContent\" ><div class=\"btClear btSeparator topSmallSpaced bottomSmallSpaced noBorder\" ><hr><\/div><div class=\"bpgPhoto  btRoundedImage\" ><div class = \"btImage\"><img src=\"https:\/\/mojateporlavida.org\/wp-content\/uploads\/2017\/09\/E5IMG_0754L.jpg\" alt=\"\" title=\"Emoci\u00f3n Almeriense\"><\/div><\/div><\/div><\/div><div class=\"rowItem col-md-6 col-sm-12 btTextLeft\"  data-width=\"6\"><div class=\"rowItemContent\" ><div class=\"btClear btSeparator topSmallSpaced bottomSmallSpaced noBorder\" ><hr><\/div><div class=\"bpgPhoto  btRoundedImage\" ><div class = \"btImage\"><img src=\"https:\/\/mojateporlavida.org\/wp-content\/uploads\/2017\/09\/E5IMG_0765L.jpg\" alt=\"\" title=\"\u00a1Emoci\u00f3n!\"><\/div><\/div><\/div><\/div><\/div><\/div><\/div><\/div><\/div><\/section><section id=\"bt_section69f051337295b\"  class=\"boldSection gutter\" ><div class=\"port\"><div class=\"boldCell\"><div class=\"boldCellInner\"><div class=\"boldRow \" ><div class=\"boldRowInner\"><div class=\"rowItem col-md-8 col-ms-12 btTextLeft\"  data-width=\"8\"><div class=\"rowItemContent\" ><div class=\"btClear btSeparator topSmallSpaced bottomSmallSpaced noBorder\" ><hr><\/div><div class=\"btText\" ><blockquote><p>Aunque la etapa de hoy ha sido m\u00e1s larga y dura que las anteriores, todos han avanzado motivados por las muestras de apoyo recibidas durante estos d\u00edas y por una frase de Angel Garijo, nadador por Albacete y l\u00edder del segundo grupo,<\/p>\n<p style=\"text-align: center;\"><em><strong> \u201csi esto os parece duro imaginaros todos los d\u00edas para esos peque\u00f1os\u2026\u201d.<\/strong><\/em><\/p>\n<\/blockquote>\n<\/div><\/div><\/div><div class=\"rowItem col-md-4 col-ms-12 btTextLeft\"  data-width=\"4\"><div class=\"rowItemContent\" ><div class=\"btClear btSeparator topSmallSpaced bottomSmallSpaced noBorder\" ><hr><\/div><div class=\"btText\" ><p><iframe loading=\"lazy\" src=\"https:\/\/www.youtube.com\/embed\/EDWBt9wFO4I\" width=\"560\" height=\"315\" frameborder=\"0\" allowfullscreen=\"allowfullscreen\"><\/iframe><\/p>\n<\/div><\/div><\/div><\/div><\/div><\/div><\/div><\/div><\/section><section id=\"bt_section69f0513372cc7\"  class=\"boldSection gutter\" ><div class=\"port\"><div class=\"boldCell\"><div class=\"boldCellInner\"><div class=\"boldRow \" ><div class=\"boldRowInner\"><div class=\"rowItem col-md-12 col-ms-12  btTextLeft\"  data-width=\"12\"><div class=\"rowItemContent\" ><div class=\"btClear btSeparator topSmallSpaced bottomSmallSpaced noBorder\" ><hr><\/div><div class=\"btText\" ><p>Tanto los nadadores como los responsables de la seguridad en el agua, Pescartes, han coincidi\u00f3 que la etapa se ha dividido en tres bloques, el primero antes de llegar a la Punta Negra donde las olas, que aunque no eran muy altas, han dificultado el avance; el segundo hasta el Cabo de Gata donde han disfrutado de la Vela Blanca, la Cueva del Tesoro y el Arrecife de las Sirenas, donde han podido avanzar mejor pero tambi\u00e9n con dificultad; y el \u00faltimo, al sobrepasar el Cabo de Gata y encontrarse el agua tranquila pero con corriente en contra. Estas situaciones han provocado que la previsi\u00f3n de la etapa no se cumpliera y que los nadadores tardaran 7 horas en completarla en el caso del primer grupo y 6 en el segundo.<\/p>\n<p>El fin de la etapa se ha situado en el n\u00facleo pesquero de la playa de San Miguel de Cabo de Gata, cerca del torre\u00f3n de San Miguel, donde un nutrido grupo de personas estaban esperando a los nadadores. El momento de la llegada ha sido muy especial para nadadores y organizadores, cuando iban a avanzar hacia la playa se han puesto todos en l\u00ednea y han continuado dando brazadas hacia la orilla, donde al llegar se han fundido en un abrazo con los organizadores y familiares. Ainhoa Ruiz de Larramendi, una de las nadadoras, ha afirmado emocionada \u201ceste sue\u00f1o es una realidad, hoy he obtenido la recompensa de los \u00faltimos meses. Vamos a seguir luchando para llevar la luz de la esperanza a la 8\u00aa Planta del Hospital La Paz\u201d.<\/p>\n<\/div><div class=\"btClear btSeparator topSmallSpaced bottomSmallSpaced noBorder\" ><hr><\/div><div class=\"bpgPhoto  btHasTitles\" ><div class = \"btImage\"><img src=\"https:\/\/mojateporlavida.org\/wp-content\/uploads\/2017\/09\/E4Desde-amatistas.jpg\" alt=\"\" title=\"Los Troncos\"><\/div><\/div><div class=\"btClear btSeparator topSmallSpaced bottomSmallSpaced noBorder\" ><hr><\/div><div class=\"btText\" ><p>Al final de la etapa y el reto, Luis Rodr\u00edguez y Macarena Hern\u00e1ndez, patrones de las embarcaciones de Pescartes, han coincidido que aunque hoy ha sido una etapa dura, el parque ha sido benevolentes con estos nadadores y les ha dejado intentar superar su reto, quiz\u00e1s lo ha sido por que han nadado con el coraz\u00f3n y por un fin solidario, esta ha sido la forma de colaborar de este paraje. Est\u00e1n orgullosos de este equipo, con el que han colaborado activamente; y, est\u00e1n contentos, porque este reto es un ejemplo de que en los espacios protegidos se pueden realizar actividades deportivas respetando sus l\u00edmites. Por su parte, los palistas del Club de Pirag\u00fcismo de Los Troncos han comentado que se sienten orgullosos de haber podido colaborar de este modo con el reto deportivo y les ha encantado compartir estas jornadas con los nadadores y Pescartes, afirmando que han logrado ser un gran equipo.<\/p>\n<p>Adri\u00e1n Garc\u00eda, Presidente del Club de Nataci\u00f3n Master Bah\u00eda de Almer\u00eda, club que ha realizado el reto con uno o varios nadadores cada d\u00eda, ha comentado que se sienten unos privilegiados por haber compartido esta traves\u00eda con los compa\u00f1eros del CD TurAniAnA y que haya sido en este paraje y por un fin solidario, ayudar as\u00ed a la investigaci\u00f3n contra el c\u00e1ncer infantil ha sido un regalo.<\/p>\n<p>Por otro lado, en el Boreas de Pescartes, hoy ha ido un tripulante invitado, Alexis Pineda, Concejal de Turismo, Patrimonio Cultural, Playas y Oficina de la Transparencia de N\u00edjar, que ha querido ser part\u00edcipe del final de este reto y que al bajarse del barco en el pueblo pesquero ha dicho \u201cNunca antes nadie hab\u00eda unido en 5 etapas las 5 poblaciones costeras del Parque Natural de 3 municipios: Caboneras, Agua Amarga, Las Negras, La Isleta, San Jos\u00e9 y San Miguel de Cabo de Gata. Estos valientes lo han logrado y lo han hecho por el c\u00e1ncer, que m\u00e1s se puede pedir para una actividad deportiva. Gracias por elegir este parque y por permitirme ayudaros, me siento un privilegiado\u201d.<\/p>\n<p>Al finalizar los nadadores han recibido un mensaje de Patricia Senarega, responsable de Proyectos de la Fundaci\u00f3n Cris y que estuvo con ellos en la primera etapa del reto, en el que agradece el apoyo que ha prestado la organizaci\u00f3n de #mojateporlavida desde que conocieron el proyecto de la Unidad Cris, que hayan nadado por la vida y que sean un ejemplo de un equipo imparable hacia su objetivo, gracias por llevar esa luz a la 8\u00aa Planta del Hospital La Paz, juntos lo conseguiremos\u201d.<\/p>\n<p>Los organizadores se sienten orgullosos de la secci\u00f3n de aguas abiertas de su club, el CD TurAniAnA, unos locos que han embarcado a un club joven de monta\u00f1a, que ha dejado su h\u00e1bitat natural para apoyarlos en todo. Tambi\u00e9n se sienten agradecidos por el apoyo y las muestras de solidaridad recibidas de empresas, instituciones y personas que han hecho que este sue\u00f1o se haga realidad. Yo me mojo por la vida, y t\u00fa? #mojateporlavida<\/p>\n<\/div><\/div><\/div><\/div><\/div><\/div><\/div><\/div><\/section><section id=\"bt_section69f05133732c5\"  class=\"boldSection gutter\" ><div class=\"port\"><div class=\"boldCell\"><div class=\"boldCellInner\"><\/div><\/div><\/div><\/section><section id=\"bt_section69f0513373326\"  class=\"boldSection gutter\" ><div class=\"port\"><div class=\"boldCell\"><div class=\"boldCellInner\"><div class=\"boldRow \" ><div class=\"boldRowInner\"><div class=\"rowItem col-md-6 col-sm-12 btTextLeft\"  data-width=\"6\"><div class=\"rowItemContent\" ><div class=\"bpgPhoto  btHasTitles\" ><div class = \"btImage\"><img src=\"https:\/\/mojateporlavida.org\/wp-content\/uploads\/2017\/09\/E5IMG_0836L.jpg\" alt=\"\" title=\"Orgullosos\"><\/div><\/div><\/div><\/div><div class=\"rowItem col-md-6 col-sm-12 btTextLeft\"  data-width=\"6\"><div class=\"rowItemContent\" ><div class=\"bpgPhoto  btHasTitles\" ><div class = \"btImage\"><img src=\"https:\/\/mojateporlavida.org\/wp-content\/uploads\/2017\/09\/E5IMG_0843L.jpg\" alt=\"\" title=\"C\u00f3rdoba\"><\/div><\/div><\/div><\/div><\/div><\/div><\/div><\/div><\/div><\/section><section id=\"bt_section69f0513373814\"  class=\"boldSection gutter\" ><div class=\"port\"><div class=\"boldCell\"><div class=\"boldCellInner\"><div class=\"boldRow \" ><div class=\"boldRowInner\"><div class=\"rowItem col-md-12 col-ms-12  btTextLeft\"  data-width=\"12\"><div class=\"rowItemContent\" ><div class=\"btClear btSeparator topSmallSpaced bottomSmallSpaced noBorder\" ><hr><\/div><header class=\"header btClear small  btHeaderAccent2\" ><div class=\"dash\"><h4><span class=\"headline\">La Etapa<\/span><\/h4><\/div><\/header><div class=\"btText\" ><p><em>Descripci\u00f3n de la etapa <\/em><\/p>\n<p>La \u00faltima etapa de \u201cCabo de Gata \u2013 N\u00edjar Swim Project\u201d ha comenzado con una salida neutralizada desde el Puerto de San Jos\u00e9, lanz\u00e1ndose los nadadores al agua en la ensenada de M\u00f3nsul, una de las playas m\u00e1s conocidas y emblem\u00e1ticas del parque, inconfundible por el pe\u00f1\u00f3n de la Peineta. La hora de salida ha sido 07:30 para el primer grupo y 08:30 para el segundo; como ha sucedido a lo largo de todo el reto, han estado acompa\u00f1ados de los barcos Leontino y Boreas de PESCARTES y de los palistas del Club de Pirag\u00fcismo Los Troncos. El parte de Capitan\u00eda Mar\u00edtima ha sido: 6,94 m\/s de viento y 0,49 metros de ola.<\/p>\n<p>Desde este punto del parque, el paisaje litoral es muy caracter\u00edstico, tanto en tierra como en mar hay detalles que te hacen imaginar c\u00f3mo avanzaron las coladas de lava en esta zona. Tras pasar la Punta de M\u00f3nsul, han atravesado dos calas de gran belleza, la Cala de la media Luna y Cala Carb\u00f3n. Despu\u00e9s de sobrepasar Punta Negra, se han encontrado con el acantilado de la Vela Blanca, en el que existe una torre vig\u00eda.<\/p>\n<p>El acantilado de la Vela Blanca, con m\u00e1s de 200 metros de altitud, es la mitad de un antiguo volc\u00e1n submarino, la otra mitad se colaps\u00f3 y quedo hundido en el mar. Los terrenos blanquecinos que contrastan con el tono ocre oscuro de la costa, son tobas volc\u00e1nicas de bentonitas, que se asemejan a la vela blanca de un barco de ah\u00ed su nombre. A los pies de este acantilado se encuentra una cueva llena de leyendas, la Cueva del Tesoro, que los nadadores han estado visitando como muchos marineros cuando intentaban conseguir su tesoro: los rayos de sol proyectados sobre sus paredes de sal hac\u00edan imaginar que estaba llena de piedras preciosas.<\/p>\n<p>Al pasar la Vela Blanca, han avistado una chimenea volc\u00e1nica muy caracter\u00edstica, el arrecife del dedo, y en el litoral, Cala Raj\u00e1, inconfundible por las tobas blancas de bentonita.<\/p>\n<p>Despu\u00e9s han continuado sus brazadas hacia el suroeste bordeando una costa donde anta\u00f1o existi\u00f3 una cantera de adoquines, Punta Baja, en la que se aprovechaban las formaciones rocosas llamadas disyunciones columnares que se adentran en el mar. Han continuado frente a Cala Arena, donde se encuentra el l\u00edmite de la \u00faltima reserva marina integral. Ha continuaci\u00f3n han entrado en el Arrecife de las Sirenas, una formaci\u00f3n rocosa erosionada por el mar, origen de muchas leyendas. Se trata de un espacio de belleza inigualable algo misterioso y dif\u00edcil de navegar que ha provocado el naufragio de numerosos barcos. Esto junto a la existencia de foca monje (siernidos) hizo creer que en ese punto es donde Ulises tuvo que ser atado al m\u00e1stil de su barco para no escuchar el canto de las sirenas que provocaba el naufragio de las embarcaciones.<\/p>\n<p>En este punto la Sierra de Cabo de Gata se sumerge bajo el mar volviendo a emerger en la Isla de Albor\u00e1n que da nombre a este mar. En tierra vigila el faro de Cabo de Gata anunciando con luz roja la existencia de una roca conocida como la \u201claja de Cabo de Gata\u201d muy peligrosa para la navegaci\u00f3n. En este momento, este faro \u00faltimo vig\u00eda de la traves\u00eda, ha despedido a nuestros nadadores y los ha guiado por la playa del Corralete hacia la de la Fabriquilla, hasta llegar a la Almadraba de Monteleva, zona pesquera donde calaba una almadraba de \u201cmonteleyva\u201d. A continuaci\u00f3n han pasado delante de las salinas y el pueblo salinero, avanzado hasta el n\u00facleo pesquero de la playa de San Miguel de Cabo de Gata.<\/p>\n<p>La etapa entre San Jose a Cabo de Gata se ha realizado en un tiempo de 7 horas recorri\u00e9ndose una distancia final de 15 kil\u00f3metros. Esta etapa se ha realizado gracias al apoyo de la empresa <a href=\"http:\/\/www.promobys.com\/\">PROMOBYS.<\/a><\/p>\n<\/div><div class=\"btClear btSeparator topExtraSmallSpaced bottomExtraSmallSpaced noBorder\" ><hr><\/div><div class=\"bpgPhoto \" ><div class = \"btImage\"><img src=\"https:\/\/mojateporlavida.org\/wp-content\/uploads\/2017\/09\/E5IMG_0828L.jpg\" alt=\"\" title=\"\u00a1Lo consiguieron!\"><\/div><\/div><div class=\"btClear btSeparator topExtraSmallSpaced bottomExtraSmallSpaced noBorder\" ><hr><\/div><div class=\"btText\" ><\/div><div class=\"btText\" ><p style=\"text-align: center;\"><iframe loading=\"lazy\" src=\"https:\/\/www.youtube.com\/embed\/IMJSKuSpzho\" width=\"560\" height=\"315\" frameborder=\"0\" allowfullscreen=\"allowfullscreen\"><\/iframe><\/p>\n<\/div><div class=\"btText\" ><\/div><div class=\"bpgPhoto \" ><div class = \"btImage\"><img src=\"https:\/\/mojateporlavida.org\/wp-content\/uploads\/2017\/09\/E5AranchainhoauredeA-min.jpg\" alt=\"\" title=\"Navarras\"><\/div><\/div><header class=\"header btClear large  btHeaderAccent3\" ><div class=\"dash\"><h2><span class=\"headline\">Brazadas de solidaridad en el Parque Natural Cabo de Gata \u2013 N\u00edjar <\/span><\/h2><\/div><\/header><div class=\"btText\" ><p>M\u00f3jate por la vida es una idea que surge de un grupo de 10 nadadores de varias provincias espa\u00f1olas (Albacete, Almer\u00eda, C\u00f3rdoba, Madrid y Navarra) que tras haber participado, tanto a nivel organizativo como deportivamente, en numerosas traves\u00edas en aguas abiertas, han decidido sumar esfuerzos por un fin solidario: colaborar con la Fundaci\u00f3n Cris contra el C\u00e1ncer en la creaci\u00f3n de la Unidad de Terapias Avanzadas para C\u00e1ncer Infantil en el Hospital de la Paz en Madrid, haciendo lo que m\u00e1s les gusta: nadar en aguas abiertas. Se han fijado como objetivo recaudar 60.000,00 euros para este proyecto, realizando para ello varias actividades a lo largo de este a\u00f1o. Esta campa\u00f1a se ha organizado a trav\u00e9s del Club Deportivo TurAniAnA de Roquetas de Mar (Almer\u00eda).<\/p>\n<p>La actividad principal de \u201cM\u00f3jate por la vida\u201d es \u201cCabo de Gata \u2013 N\u00edjar Swim Project\u201d: nadar 60 kil\u00f3metros del litoral del Parque Natural Cabo de Gata \u2013 N\u00edjar con el apoyo de la Asociaci\u00f3n de Pescadores Artesanales \u2013 PESCARTES y el club de pirag\u00fcismo Los Troncos. Esta ha sido dise\u00f1ada y planificada para que sea un ejemplo de que se pueden hacer actividades deportivas respetando el medio ambiente y entendiendo sus l\u00edmites, ayudando as\u00ed a conectar a las personas con la naturaleza. Por ello, La Delegaci\u00f3n Territorial de Medio Ambiente y Ordenaci\u00f3n del Territorio a trav\u00e9s de la Junta Rectora del Parque Natural Cabo de Gata \u2013 N\u00edjar, ha incluido este reto como actividad del 30 aniversario de este espacio natural y 20 aniversario de la reserva marina.<\/p>\n<p>Los Ayuntamientos de Carboneras, N\u00edjar y Almer\u00eda as\u00ed como la Diputaci\u00f3n de Almer\u00eda se han mojado con estos deportistas desde el momento en el que conocieron el reto solidario, facilit\u00e1ndoles todo lo necesario para que esta actividad se realice en este marco incomparable.<\/p>\n<\/div><div class=\"bpgPhoto  btRoundedImage\" ><div class = \"btImage\"><img src=\"https:\/\/mojateporlavida.org\/wp-content\/uploads\/2017\/09\/E5IMG_0758L.jpg\" alt=\"\" title=\"\u00a1Felicidad!\"><\/div><\/div><div class=\"btClear btSeparator topSmallSpaced bottomSmallSpaced noBorder\" ><hr><\/div><div class=\"bpgPhoto  btRoundedImage\" ><div class = \"btImage\"><img src=\"https:\/\/mojateporlavida.org\/wp-content\/uploads\/2017\/09\/E5DSC_3350Ateru-min.jpg\" alt=\"\" title=\"Pescartes\"><\/div><\/div><div class=\"btText\" ><\/div><\/div><\/div><\/div><\/div><\/div><\/div><\/div><\/section><section id=\"bt_section69f05133744fa\"  class=\"boldSection gutter\" ><div class=\"port\"><div class=\"boldCell\"><div class=\"boldCellInner\"><div class=\"boldRow \" ><div class=\"boldRowInner\"><div class=\"rowItem col-md-12 col-ms-12  btTextLeft\"  data-width=\"12\"><div class=\"rowItemContent\" ><\/div><\/div><\/div><\/div><\/div><\/div><\/div><\/section><section id=\"bt_section69f0513374670\"  class=\"boldSection gutter\" ><div class=\"port\"><div class=\"boldCell\"><div class=\"boldCellInner\"><div class=\"boldRow \" ><div class=\"boldRowInner\"><div class=\"rowItem col-md-12 col-ms-12  btTextLeft\"  data-width=\"12\"><div class=\"rowItemContent\" ><div class=\"btClear btSeparator topSmallSpaced bottomSmallSpaced noBorder\" ><hr><\/div><div class=\"tilesWall btGridGallery tiled  btGridGap-2 lightbox\" data-col=\"4\"><div class=\"gridSizer\"><\/div><div class=\"gridItem btGhostSliderThumb bt21\" data-order-num=\"-1\"><div class=\"btTileBox\"><div class=\"bpgPhoto \" > \r\n\t\t\t\t\t<a href=\"https:\/\/mojateporlavida.org\/wp-content\/uploads\/2017\/09\/E5IMG_0701L.jpg\" class=\"lightbox\" data-title=\"Contracorriente\"><\/a>\r\n\t\t\t\t\t<div class=\"boldPhotoBox\"><div class=\"bpbItem\"><div class = \"btImage\"><img src=\"https:\/\/mojateporlavida.org\/wp-content\/uploads\/2017\/09\/E5IMG_0701L.jpg\" alt=\"\" title=\"Contracorriente\"><\/div><\/div><\/div>\r\n\t\t\t\t\t<div class=\"captionPane btDarkSkin btTextCenter\">\r\n\t\t\t\t\t\t<div class=\"captionTable\">\r\n\t\t\t\t\t\t\t<div class=\"captionCell\">\r\n\t\t\t\t\t\t\t\t<div class=\"captionTxt\"><header class=\"header btClear extrasmall\" ><div class=\"dash\"><h4><span class=\"headline\">Contracorriente<\/span><\/h4><\/div><\/header><\/div>\r\n\t\t\t\t\t\t\t<\/div>\r\n\t\t\t\t\t\t<\/div>\r\n\t\t\t\t\t<\/div><\/div><\/div><\/div><div class=\"gridItem btGhostSliderThumb bt21\" data-order-num=\"0\"><div class=\"btTileBox\"><div class=\"bpgPhoto \" > \r\n\t\t\t\t\t<a href=\"https:\/\/mojateporlavida.org\/wp-content\/uploads\/2017\/09\/E5IMG_0736L-e1505946829293.jpg\" class=\"lightbox\" data-title=\"Llegando\"><\/a>\r\n\t\t\t\t\t<div class=\"boldPhotoBox\"><div class=\"bpbItem\"><div class = \"btImage\"><img src=\"https:\/\/mojateporlavida.org\/wp-content\/uploads\/2017\/09\/E5IMG_0736L-1080x640.jpg\" alt=\"\" title=\"Llegando\"><\/div><\/div><\/div>\r\n\t\t\t\t\t<div class=\"captionPane btDarkSkin btTextCenter\">\r\n\t\t\t\t\t\t<div class=\"captionTable\">\r\n\t\t\t\t\t\t\t<div class=\"captionCell\">\r\n\t\t\t\t\t\t\t\t<div class=\"captionTxt\"><header class=\"header btClear extrasmall\" ><div class=\"dash\"><h4><span class=\"headline\">Llegando<\/span><\/h4><\/div><\/header><\/div>\r\n\t\t\t\t\t\t\t<\/div>\r\n\t\t\t\t\t\t<\/div>\r\n\t\t\t\t\t<\/div><\/div><\/div><\/div><div class=\"gridItem btGhostSliderThumb bt11\" data-order-num=\"1\"><div class=\"btTileBox\"><div class=\"bpgPhoto \" > \r\n\t\t\t\t\t<a href=\"https:\/\/mojateporlavida.org\/wp-content\/uploads\/2017\/09\/E5IMG_0749L.jpg\" class=\"lightbox\" data-title=\"Emoci\u00f3n Navarra\"><\/a>\r\n\t\t\t\t\t<div class=\"boldPhotoBox\"><div class=\"bpbItem\"><div class = \"btImage\"><img src=\"https:\/\/mojateporlavida.org\/wp-content\/uploads\/2017\/09\/E5IMG_0749L-640x640.jpg\" alt=\"\" title=\"Emoci\u00f3n Navarra\"><\/div><\/div><\/div>\r\n\t\t\t\t\t<div class=\"captionPane btDarkSkin btTextCenter\">\r\n\t\t\t\t\t\t<div class=\"captionTable\">\r\n\t\t\t\t\t\t\t<div class=\"captionCell\">\r\n\t\t\t\t\t\t\t\t<div class=\"captionTxt\"><header class=\"header btClear extrasmall\" ><div class=\"dash\"><h4><span class=\"headline\">Emoci\u00f3n Navarra<\/span><\/h4><\/div><\/header><\/div>\r\n\t\t\t\t\t\t\t<\/div>\r\n\t\t\t\t\t\t<\/div>\r\n\t\t\t\t\t<\/div><\/div><\/div><\/div><div class=\"gridItem btGhostSliderThumb bt11\" data-order-num=\"2\"><div class=\"btTileBox\"><div class=\"bpgPhoto \" > \r\n\t\t\t\t\t<a href=\"https:\/\/mojateporlavida.org\/wp-content\/uploads\/2017\/09\/E5IMG_0753L.jpg\" class=\"lightbox\" data-title=\"Terminamos\n\"><\/a>\r\n\t\t\t\t\t<div class=\"boldPhotoBox\"><div class=\"bpbItem\"><div class = \"btImage\"><img src=\"https:\/\/mojateporlavida.org\/wp-content\/uploads\/2017\/09\/E5IMG_0753L-640x640.jpg\" alt=\"\" title=\"Terminamos\n\"><\/div><\/div><\/div>\r\n\t\t\t\t\t<div class=\"captionPane btDarkSkin btTextCenter\">\r\n\t\t\t\t\t\t<div class=\"captionTable\">\r\n\t\t\t\t\t\t\t<div class=\"captionCell\">\r\n\t\t\t\t\t\t\t\t<div class=\"captionTxt\"><header class=\"header btClear extrasmall\" ><div class=\"dash\"><h4><span class=\"headline\">Terminamos\n<\/span><\/h4><\/div><\/header><\/div>\r\n\t\t\t\t\t\t\t<\/div>\r\n\t\t\t\t\t\t<\/div>\r\n\t\t\t\t\t<\/div><\/div><\/div><\/div><div class=\"gridItem btGhostSliderThumb bt11\" data-order-num=\"3\"><div class=\"btTileBox\"><div class=\"bpgPhoto \" > \r\n\t\t\t\t\t<a href=\"https:\/\/mojateporlavida.org\/wp-content\/uploads\/2017\/09\/E5IMG_0754L.jpg\" class=\"lightbox\" data-title=\"Emoci\u00f3n Almeriense\"><\/a>\r\n\t\t\t\t\t<div class=\"boldPhotoBox\"><div class=\"bpbItem\"><div class = \"btImage\"><img src=\"https:\/\/mojateporlavida.org\/wp-content\/uploads\/2017\/09\/E5IMG_0754L-640x640.jpg\" alt=\"\" title=\"Emoci\u00f3n Almeriense\"><\/div><\/div><\/div>\r\n\t\t\t\t\t<div class=\"captionPane btDarkSkin btTextCenter\">\r\n\t\t\t\t\t\t<div class=\"captionTable\">\r\n\t\t\t\t\t\t\t<div class=\"captionCell\">\r\n\t\t\t\t\t\t\t\t<div class=\"captionTxt\"><header class=\"header btClear extrasmall\" ><div class=\"dash\"><h4><span class=\"headline\">Emoci\u00f3n Almeriense<\/span><\/h4><\/div><\/header><\/div>\r\n\t\t\t\t\t\t\t<\/div>\r\n\t\t\t\t\t\t<\/div>\r\n\t\t\t\t\t<\/div><\/div><\/div><\/div><div class=\"gridItem btGhostSliderThumb bt11\" data-order-num=\"4\"><div class=\"btTileBox\"><div class=\"bpgPhoto \" > \r\n\t\t\t\t\t<a href=\"https:\/\/mojateporlavida.org\/wp-content\/uploads\/2017\/09\/E5IMG_0757L.jpg\" class=\"lightbox\" data-title=\"Deber cumplido\"><\/a>\r\n\t\t\t\t\t<div class=\"boldPhotoBox\"><div class=\"bpbItem\"><div class = \"btImage\"><img src=\"https:\/\/mojateporlavida.org\/wp-content\/uploads\/2017\/09\/E5IMG_0757L-640x640.jpg\" alt=\"\" title=\"Deber cumplido\"><\/div><\/div><\/div>\r\n\t\t\t\t\t<div class=\"captionPane btDarkSkin btTextCenter\">\r\n\t\t\t\t\t\t<div class=\"captionTable\">\r\n\t\t\t\t\t\t\t<div class=\"captionCell\">\r\n\t\t\t\t\t\t\t\t<div class=\"captionTxt\"><header class=\"header btClear extrasmall\" ><div class=\"dash\"><h4><span class=\"headline\">Deber cumplido<\/span><\/h4><\/div><\/header><\/div>\r\n\t\t\t\t\t\t\t<\/div>\r\n\t\t\t\t\t\t<\/div>\r\n\t\t\t\t\t<\/div><\/div><\/div><\/div><div class=\"gridItem btGhostSliderThumb bt11\" data-order-num=\"5\"><div class=\"btTileBox\"><div class=\"bpgPhoto \" > \r\n\t\t\t\t\t<a href=\"https:\/\/mojateporlavida.org\/wp-content\/uploads\/2017\/09\/E5IMG_0758L.jpg\" class=\"lightbox\" data-title=\"\u00a1Felicidad!\"><\/a>\r\n\t\t\t\t\t<div class=\"boldPhotoBox\"><div class=\"bpbItem\"><div class = \"btImage\"><img src=\"https:\/\/mojateporlavida.org\/wp-content\/uploads\/2017\/09\/E5IMG_0758L-640x640.jpg\" alt=\"\" title=\"\u00a1Felicidad!\"><\/div><\/div><\/div>\r\n\t\t\t\t\t<div class=\"captionPane btDarkSkin btTextCenter\">\r\n\t\t\t\t\t\t<div class=\"captionTable\">\r\n\t\t\t\t\t\t\t<div class=\"captionCell\">\r\n\t\t\t\t\t\t\t\t<div class=\"captionTxt\"><header class=\"header btClear extrasmall\" ><div class=\"dash\"><h4><span class=\"headline\">\u00a1Felicidad!<\/span><\/h4><\/div><\/header><\/div>\r\n\t\t\t\t\t\t\t<\/div>\r\n\t\t\t\t\t\t<\/div>\r\n\t\t\t\t\t<\/div><\/div><\/div><\/div><div class=\"gridItem btGhostSliderThumb bt11\" data-order-num=\"6\"><div class=\"btTileBox\"><div class=\"bpgPhoto \" > \r\n\t\t\t\t\t<a href=\"https:\/\/mojateporlavida.org\/wp-content\/uploads\/2017\/09\/E5IMG_0760L.jpg\" class=\"lightbox\" data-title=\"LLegamos\"><\/a>\r\n\t\t\t\t\t<div class=\"boldPhotoBox\"><div class=\"bpbItem\"><div class = \"btImage\"><img src=\"https:\/\/mojateporlavida.org\/wp-content\/uploads\/2017\/09\/E5IMG_0760L-640x640.jpg\" alt=\"\" title=\"LLegamos\"><\/div><\/div><\/div>\r\n\t\t\t\t\t<div class=\"captionPane btDarkSkin btTextCenter\">\r\n\t\t\t\t\t\t<div class=\"captionTable\">\r\n\t\t\t\t\t\t\t<div class=\"captionCell\">\r\n\t\t\t\t\t\t\t\t<div class=\"captionTxt\"><header class=\"header btClear extrasmall\" ><div class=\"dash\"><h4><span class=\"headline\">LLegamos<\/span><\/h4><\/div><\/header><\/div>\r\n\t\t\t\t\t\t\t<\/div>\r\n\t\t\t\t\t\t<\/div>\r\n\t\t\t\t\t<\/div><\/div><\/div><\/div><div class=\"gridItem btGhostSliderThumb bt11\" data-order-num=\"7\"><div class=\"btTileBox\"><div class=\"bpgPhoto \" > \r\n\t\t\t\t\t<a href=\"https:\/\/mojateporlavida.org\/wp-content\/uploads\/2017\/09\/E5IMG_0762L.jpg\" class=\"lightbox\" data-title=\"\u00a1Alegr\u00eda!\"><\/a>\r\n\t\t\t\t\t<div class=\"boldPhotoBox\"><div class=\"bpbItem\"><div class = \"btImage\"><img src=\"https:\/\/mojateporlavida.org\/wp-content\/uploads\/2017\/09\/E5IMG_0762L-640x640.jpg\" alt=\"\" title=\"\u00a1Alegr\u00eda!\"><\/div><\/div><\/div>\r\n\t\t\t\t\t<div class=\"captionPane btDarkSkin btTextCenter\">\r\n\t\t\t\t\t\t<div class=\"captionTable\">\r\n\t\t\t\t\t\t\t<div class=\"captionCell\">\r\n\t\t\t\t\t\t\t\t<div class=\"captionTxt\"><header class=\"header btClear extrasmall\" ><div class=\"dash\"><h4><span class=\"headline\">\u00a1Alegr\u00eda!<\/span><\/h4><\/div><\/header><\/div>\r\n\t\t\t\t\t\t\t<\/div>\r\n\t\t\t\t\t\t<\/div>\r\n\t\t\t\t\t<\/div><\/div><\/div><\/div><div class=\"gridItem btGhostSliderThumb bt11\" data-order-num=\"8\"><div class=\"btTileBox\"><div class=\"bpgPhoto \" > \r\n\t\t\t\t\t<a href=\"https:\/\/mojateporlavida.org\/wp-content\/uploads\/2017\/09\/E5IMG_0764L.jpg\" class=\"lightbox\" data-title=\"Te he estado esperando\"><\/a>\r\n\t\t\t\t\t<div class=\"boldPhotoBox\"><div class=\"bpbItem\"><div class = \"btImage\"><img src=\"https:\/\/mojateporlavida.org\/wp-content\/uploads\/2017\/09\/E5IMG_0764L-640x640.jpg\" alt=\"\" title=\"Te he estado esperando\"><\/div><\/div><\/div>\r\n\t\t\t\t\t<div class=\"captionPane btDarkSkin btTextCenter\">\r\n\t\t\t\t\t\t<div class=\"captionTable\">\r\n\t\t\t\t\t\t\t<div class=\"captionCell\">\r\n\t\t\t\t\t\t\t\t<div class=\"captionTxt\"><header class=\"header btClear extrasmall\" ><div class=\"dash\"><h4><span class=\"headline\">Te he estado esperando<\/span><\/h4><\/div><\/header><\/div>\r\n\t\t\t\t\t\t\t<\/div>\r\n\t\t\t\t\t\t<\/div>\r\n\t\t\t\t\t<\/div><\/div><\/div><\/div><div class=\"gridItem btGhostSliderThumb bt11\" data-order-num=\"9\"><div class=\"btTileBox\"><div class=\"bpgPhoto \" > \r\n\t\t\t\t\t<a href=\"https:\/\/mojateporlavida.org\/wp-content\/uploads\/2017\/09\/E5IMG_0765L.jpg\" class=\"lightbox\" data-title=\"\u00a1Emoci\u00f3n!\"><\/a>\r\n\t\t\t\t\t<div class=\"boldPhotoBox\"><div class=\"bpbItem\"><div class = \"btImage\"><img src=\"https:\/\/mojateporlavida.org\/wp-content\/uploads\/2017\/09\/E5IMG_0765L-640x640.jpg\" alt=\"\" title=\"\u00a1Emoci\u00f3n!\"><\/div><\/div><\/div>\r\n\t\t\t\t\t<div class=\"captionPane btDarkSkin btTextCenter\">\r\n\t\t\t\t\t\t<div class=\"captionTable\">\r\n\t\t\t\t\t\t\t<div class=\"captionCell\">\r\n\t\t\t\t\t\t\t\t<div class=\"captionTxt\"><header class=\"header btClear extrasmall\" ><div class=\"dash\"><h4><span class=\"headline\">\u00a1Emoci\u00f3n!<\/span><\/h4><\/div><\/header><\/div>\r\n\t\t\t\t\t\t\t<\/div>\r\n\t\t\t\t\t\t<\/div>\r\n\t\t\t\t\t<\/div><\/div><\/div><\/div><div class=\"gridItem btGhostSliderThumb bt11\" data-order-num=\"10\"><div class=\"btTileBox\"><div class=\"bpgPhoto \" > \r\n\t\t\t\t\t<a href=\"https:\/\/mojateporlavida.org\/wp-content\/uploads\/2017\/09\/E5IMG_0796L.jpg\" class=\"lightbox\" data-title=\"Organizaci\u00f3n\"><\/a>\r\n\t\t\t\t\t<div class=\"boldPhotoBox\"><div class=\"bpbItem\"><div class = \"btImage\"><img src=\"https:\/\/mojateporlavida.org\/wp-content\/uploads\/2017\/09\/E5IMG_0796L-640x640.jpg\" alt=\"\" title=\"Organizaci\u00f3n\"><\/div><\/div><\/div>\r\n\t\t\t\t\t<div class=\"captionPane btDarkSkin btTextCenter\">\r\n\t\t\t\t\t\t<div class=\"captionTable\">\r\n\t\t\t\t\t\t\t<div class=\"captionCell\">\r\n\t\t\t\t\t\t\t\t<div class=\"captionTxt\"><header class=\"header btClear extrasmall\" ><div class=\"dash\"><h4><span class=\"headline\">Organizaci\u00f3n<\/span><\/h4><\/div><\/header><\/div>\r\n\t\t\t\t\t\t\t<\/div>\r\n\t\t\t\t\t\t<\/div>\r\n\t\t\t\t\t<\/div><\/div><\/div><\/div><div class=\"gridItem btGhostSliderThumb bt11\" data-order-num=\"11\"><div class=\"btTileBox\"><div class=\"bpgPhoto \" > \r\n\t\t\t\t\t<a href=\"https:\/\/mojateporlavida.org\/wp-content\/uploads\/2017\/09\/E5IMG_0822L-e1505946700616.jpg\" class=\"lightbox\" data-title=\"M\u00f3jate por la Vida\"><\/a>\r\n\t\t\t\t\t<div class=\"boldPhotoBox\"><div class=\"bpbItem\"><div class = \"btImage\"><img src=\"https:\/\/mojateporlavida.org\/wp-content\/uploads\/2017\/09\/E5IMG_0822L-e1505946700616-640x604.jpg\" alt=\"\" title=\"M\u00f3jate por la Vida\"><\/div><\/div><\/div>\r\n\t\t\t\t\t<div class=\"captionPane btDarkSkin btTextCenter\">\r\n\t\t\t\t\t\t<div class=\"captionTable\">\r\n\t\t\t\t\t\t\t<div class=\"captionCell\">\r\n\t\t\t\t\t\t\t\t<div class=\"captionTxt\"><header class=\"header btClear extrasmall\" ><div class=\"dash\"><h4><span class=\"headline\">M\u00f3jate por la Vida<\/span><\/h4><\/div><\/header><\/div>\r\n\t\t\t\t\t\t\t<\/div>\r\n\t\t\t\t\t\t<\/div>\r\n\t\t\t\t\t<\/div><\/div><\/div><\/div><div class=\"gridItem btGhostSliderThumb bt11\" data-order-num=\"12\"><div class=\"btTileBox\"><div class=\"bpgPhoto \" > \r\n\t\t\t\t\t<a href=\"https:\/\/mojateporlavida.org\/wp-content\/uploads\/2017\/09\/E5IMG_0828L.jpg\" class=\"lightbox\" data-title=\"\u00a1Lo consiguieron!\"><\/a>\r\n\t\t\t\t\t<div class=\"boldPhotoBox\"><div class=\"bpbItem\"><div class = \"btImage\"><img src=\"https:\/\/mojateporlavida.org\/wp-content\/uploads\/2017\/09\/E5IMG_0828L-640x640.jpg\" alt=\"\" title=\"\u00a1Lo consiguieron!\"><\/div><\/div><\/div>\r\n\t\t\t\t\t<div class=\"captionPane btDarkSkin btTextCenter\">\r\n\t\t\t\t\t\t<div class=\"captionTable\">\r\n\t\t\t\t\t\t\t<div class=\"captionCell\">\r\n\t\t\t\t\t\t\t\t<div class=\"captionTxt\"><header class=\"header btClear extrasmall\" ><div class=\"dash\"><h4><span class=\"headline\">\u00a1Lo consiguieron!<\/span><\/h4><\/div><\/header><\/div>\r\n\t\t\t\t\t\t\t<\/div>\r\n\t\t\t\t\t\t<\/div>\r\n\t\t\t\t\t<\/div><\/div><\/div><\/div><div class=\"gridItem btGhostSliderThumb bt11\" data-order-num=\"13\"><div class=\"btTileBox\"><div class=\"bpgPhoto \" > \r\n\t\t\t\t\t<a href=\"https:\/\/mojateporlavida.org\/wp-content\/uploads\/2017\/09\/E5IMG_0834L.jpg\" class=\"lightbox\" data-title=\"Almer\u00eda\"><\/a>\r\n\t\t\t\t\t<div class=\"boldPhotoBox\"><div class=\"bpbItem\"><div class = \"btImage\"><img src=\"https:\/\/mojateporlavida.org\/wp-content\/uploads\/2017\/09\/E5IMG_0834L-640x640.jpg\" alt=\"\" title=\"Almer\u00eda\"><\/div><\/div><\/div>\r\n\t\t\t\t\t<div class=\"captionPane btDarkSkin btTextCenter\">\r\n\t\t\t\t\t\t<div class=\"captionTable\">\r\n\t\t\t\t\t\t\t<div class=\"captionCell\">\r\n\t\t\t\t\t\t\t\t<div class=\"captionTxt\"><header class=\"header btClear extrasmall\" ><div class=\"dash\"><h4><span class=\"headline\">Almer\u00eda<\/span><\/h4><\/div><\/header><\/div>\r\n\t\t\t\t\t\t\t<\/div>\r\n\t\t\t\t\t\t<\/div>\r\n\t\t\t\t\t<\/div><\/div><\/div><\/div><div class=\"gridItem btGhostSliderThumb bt11\" data-order-num=\"14\"><div class=\"btTileBox\"><div class=\"bpgPhoto \" > \r\n\t\t\t\t\t<a href=\"https:\/\/mojateporlavida.org\/wp-content\/uploads\/2017\/09\/E5IMG_0836L.jpg\" class=\"lightbox\" data-title=\"Orgullosos\"><\/a>\r\n\t\t\t\t\t<div class=\"boldPhotoBox\"><div class=\"bpbItem\"><div class = \"btImage\"><img src=\"https:\/\/mojateporlavida.org\/wp-content\/uploads\/2017\/09\/E5IMG_0836L-640x640.jpg\" alt=\"\" title=\"Orgullosos\"><\/div><\/div><\/div>\r\n\t\t\t\t\t<div class=\"captionPane btDarkSkin btTextCenter\">\r\n\t\t\t\t\t\t<div class=\"captionTable\">\r\n\t\t\t\t\t\t\t<div class=\"captionCell\">\r\n\t\t\t\t\t\t\t\t<div class=\"captionTxt\"><header class=\"header btClear extrasmall\" ><div class=\"dash\"><h4><span class=\"headline\">Orgullosos<\/span><\/h4><\/div><\/header><\/div>\r\n\t\t\t\t\t\t\t<\/div>\r\n\t\t\t\t\t\t<\/div>\r\n\t\t\t\t\t<\/div><\/div><\/div><\/div><div class=\"gridItem btGhostSliderThumb bt11\" data-order-num=\"15\"><div class=\"btTileBox\"><div class=\"bpgPhoto \" > \r\n\t\t\t\t\t<a href=\"https:\/\/mojateporlavida.org\/wp-content\/uploads\/2017\/09\/E5IMG_0843L.jpg\" class=\"lightbox\" data-title=\"C\u00f3rdoba\"><\/a>\r\n\t\t\t\t\t<div class=\"boldPhotoBox\"><div class=\"bpbItem\"><div class = \"btImage\"><img src=\"https:\/\/mojateporlavida.org\/wp-content\/uploads\/2017\/09\/E5IMG_0843L-640x640.jpg\" alt=\"\" title=\"C\u00f3rdoba\"><\/div><\/div><\/div>\r\n\t\t\t\t\t<div class=\"captionPane btDarkSkin btTextCenter\">\r\n\t\t\t\t\t\t<div class=\"captionTable\">\r\n\t\t\t\t\t\t\t<div class=\"captionCell\">\r\n\t\t\t\t\t\t\t\t<div class=\"captionTxt\"><header class=\"header btClear extrasmall\" ><div class=\"dash\"><h4><span class=\"headline\">C\u00f3rdoba<\/span><\/h4><\/div><\/header><\/div>\r\n\t\t\t\t\t\t\t<\/div>\r\n\t\t\t\t\t\t<\/div>\r\n\t\t\t\t\t<\/div><\/div><\/div><\/div><div class=\"gridItem btGhostSliderThumb bt11\" data-order-num=\"16\"><div class=\"btTileBox\"><div class=\"bpgPhoto \" > \r\n\t\t\t\t\t<a href=\"https:\/\/mojateporlavida.org\/wp-content\/uploads\/2017\/09\/E5IMG_0861L.jpg\" class=\"lightbox\" data-title=\"Tranquilidad\"><\/a>\r\n\t\t\t\t\t<div class=\"boldPhotoBox\"><div class=\"bpbItem\"><div class = \"btImage\"><img src=\"https:\/\/mojateporlavida.org\/wp-content\/uploads\/2017\/09\/E5IMG_0861L-640x640.jpg\" alt=\"\" title=\"Tranquilidad\"><\/div><\/div><\/div>\r\n\t\t\t\t\t<div class=\"captionPane btDarkSkin btTextCenter\">\r\n\t\t\t\t\t\t<div class=\"captionTable\">\r\n\t\t\t\t\t\t\t<div class=\"captionCell\">\r\n\t\t\t\t\t\t\t\t<div class=\"captionTxt\"><header class=\"header btClear extrasmall\" ><div class=\"dash\"><h4><span class=\"headline\">Tranquilidad<\/span><\/h4><\/div><\/header><\/div>\r\n\t\t\t\t\t\t\t<\/div>\r\n\t\t\t\t\t\t<\/div>\r\n\t\t\t\t\t<\/div><\/div><\/div><\/div><div class=\"gridItem btGhostSliderThumb bt11\" data-order-num=\"17\"><div class=\"btTileBox\"><div class=\"bpgPhoto \" > \r\n\t\t\t\t\t<a href=\"https:\/\/mojateporlavida.org\/wp-content\/uploads\/2017\/09\/E5DSC_3157Asasi-min.jpg\" class=\"lightbox\" data-title=\"Sasi\"><\/a>\r\n\t\t\t\t\t<div class=\"boldPhotoBox\"><div class=\"bpbItem\"><div class = \"btImage\"><img src=\"https:\/\/mojateporlavida.org\/wp-content\/uploads\/2017\/09\/E5DSC_3157Asasi-min-640x605.jpg\" alt=\"\" title=\"Sasi\"><\/div><\/div><\/div>\r\n\t\t\t\t\t<div class=\"captionPane btDarkSkin btTextCenter\">\r\n\t\t\t\t\t\t<div class=\"captionTable\">\r\n\t\t\t\t\t\t\t<div class=\"captionCell\">\r\n\t\t\t\t\t\t\t\t<div class=\"captionTxt\"><header class=\"header btClear extrasmall\" ><div class=\"dash\"><h4><span class=\"headline\">Sasi<\/span><\/h4><\/div><\/header><\/div>\r\n\t\t\t\t\t\t\t<\/div>\r\n\t\t\t\t\t\t<\/div>\r\n\t\t\t\t\t<\/div><\/div><\/div><\/div><div class=\"gridItem btGhostSliderThumb bt11\" data-order-num=\"18\"><div class=\"btTileBox\"><div class=\"bpgPhoto \" > \r\n\t\t\t\t\t<a href=\"https:\/\/mojateporlavida.org\/wp-content\/uploads\/2017\/09\/E5DSC_3010A-alexi-min.jpeg\" class=\"lightbox\" data-title=\"N\u00edjar\"><\/a>\r\n\t\t\t\t\t<div class=\"boldPhotoBox\"><div class=\"bpbItem\"><div class = \"btImage\"><img src=\"https:\/\/mojateporlavida.org\/wp-content\/uploads\/2017\/09\/E5DSC_3010A-alexi-min-563x640.jpeg\" alt=\"\" title=\"N\u00edjar\"><\/div><\/div><\/div>\r\n\t\t\t\t\t<div class=\"captionPane btDarkSkin btTextCenter\">\r\n\t\t\t\t\t\t<div class=\"captionTable\">\r\n\t\t\t\t\t\t\t<div class=\"captionCell\">\r\n\t\t\t\t\t\t\t\t<div class=\"captionTxt\"><header class=\"header btClear extrasmall\" ><div class=\"dash\"><h4><span class=\"headline\">N\u00edjar<\/span><\/h4><\/div><\/header><\/div>\r\n\t\t\t\t\t\t\t<\/div>\r\n\t\t\t\t\t\t<\/div>\r\n\t\t\t\t\t<\/div><\/div><\/div><\/div><div class=\"gridItem btGhostSliderThumb bt11\" data-order-num=\"19\"><div class=\"btTileBox\"><div class=\"bpgPhoto \" > \r\n\t\t\t\t\t<a href=\"https:\/\/mojateporlavida.org\/wp-content\/uploads\/2017\/09\/E5DSC_3078A-mofli-min.jpg\" class=\"lightbox\" data-title=\"\"><\/a>\r\n\t\t\t\t\t<div class=\"boldPhotoBox\"><div class=\"bpbItem\"><div class = \"btImage\"><img src=\"https:\/\/mojateporlavida.org\/wp-content\/uploads\/2017\/09\/E5DSC_3078A-mofli-min-640x600.jpg\" alt=\"\" title=\"\"><\/div><\/div><\/div>\r\n\t\t\t\t\t<div class=\"captionPane btDarkSkin btTextCenter\">\r\n\t\t\t\t\t\t<div class=\"captionTable\">\r\n\t\t\t\t\t\t\t<div class=\"captionCell\">\r\n\t\t\t\t\t\t\t\t<div class=\"captionTxt\"><\/div>\r\n\t\t\t\t\t\t\t<\/div>\r\n\t\t\t\t\t\t<\/div>\r\n\t\t\t\t\t<\/div><\/div><\/div><\/div><div class=\"gridItem btGhostSliderThumb bt11\" data-order-num=\"20\"><div class=\"btTileBox\"><div class=\"bpgPhoto \" > \r\n\t\t\t\t\t<a href=\"https:\/\/mojateporlavida.org\/wp-content\/uploads\/2017\/09\/E5AranchainhoauredeA-min.jpg\" class=\"lightbox\" data-title=\"Navarras\"><\/a>\r\n\t\t\t\t\t<div class=\"boldPhotoBox\"><div class=\"bpbItem\"><div class = \"btImage\"><img src=\"https:\/\/mojateporlavida.org\/wp-content\/uploads\/2017\/09\/E5AranchainhoauredeA-min-640x640.jpg\" alt=\"\" title=\"Navarras\"><\/div><\/div><\/div>\r\n\t\t\t\t\t<div class=\"captionPane btDarkSkin btTextCenter\">\r\n\t\t\t\t\t\t<div class=\"captionTable\">\r\n\t\t\t\t\t\t\t<div class=\"captionCell\">\r\n\t\t\t\t\t\t\t\t<div class=\"captionTxt\"><header class=\"header btClear extrasmall\" ><div class=\"dash\"><h4><span class=\"headline\">Navarras<\/span><\/h4><\/div><\/header><\/div>\r\n\t\t\t\t\t\t\t<\/div>\r\n\t\t\t\t\t\t<\/div>\r\n\t\t\t\t\t<\/div><\/div><\/div><\/div><div class=\"gridItem btGhostSliderThumb bt11\" data-order-num=\"21\"><div class=\"btTileBox\"><div class=\"bpgPhoto \" > \r\n\t\t\t\t\t<a href=\"https:\/\/mojateporlavida.org\/wp-content\/uploads\/2017\/09\/E5DSC_3350Ateru-min.jpg\" class=\"lightbox\" data-title=\"Pescartes\"><\/a>\r\n\t\t\t\t\t<div class=\"boldPhotoBox\"><div class=\"bpbItem\"><div class = \"btImage\"><img src=\"https:\/\/mojateporlavida.org\/wp-content\/uploads\/2017\/09\/E5DSC_3350Ateru-min-640x640.jpg\" alt=\"\" title=\"Pescartes\"><\/div><\/div><\/div>\r\n\t\t\t\t\t<div class=\"captionPane btDarkSkin btTextCenter\">\r\n\t\t\t\t\t\t<div class=\"captionTable\">\r\n\t\t\t\t\t\t\t<div class=\"captionCell\">\r\n\t\t\t\t\t\t\t\t<div class=\"captionTxt\"><header class=\"header btClear extrasmall\" ><div class=\"dash\"><h4><span class=\"headline\">Pescartes<\/span><\/h4><\/div><\/header><\/div>\r\n\t\t\t\t\t\t\t<\/div>\r\n\t\t\t\t\t\t<\/div>\r\n\t\t\t\t\t<\/div><\/div><\/div><\/div><div class=\"gridItem btGhostSliderThumb bt11\" data-order-num=\"22\"><div class=\"btTileBox\"><div class=\"bpgPhoto \" > \r\n\t\t\t\t\t<a href=\"https:\/\/mojateporlavida.org\/wp-content\/uploads\/2017\/09\/E5NavarricasA-min.jpg\" class=\"lightbox\" data-title=\"\"><\/a>\r\n\t\t\t\t\t<div class=\"boldPhotoBox\"><div class=\"bpbItem\"><div class = \"btImage\"><img src=\"https:\/\/mojateporlavida.org\/wp-content\/uploads\/2017\/09\/E5NavarricasA-min-544x640.jpg\" alt=\"\" title=\"\"><\/div><\/div><\/div>\r\n\t\t\t\t\t<div class=\"captionPane btDarkSkin btTextCenter\">\r\n\t\t\t\t\t\t<div class=\"captionTable\">\r\n\t\t\t\t\t\t\t<div class=\"captionCell\">\r\n\t\t\t\t\t\t\t\t<div class=\"captionTxt\"><\/div>\r\n\t\t\t\t\t\t\t<\/div>\r\n\t\t\t\t\t\t<\/div>\r\n\t\t\t\t\t<\/div><\/div><\/div><\/div><div class=\"gridItem btGhostSliderThumb bt11\" data-order-num=\"23\"><div class=\"btTileBox\"><div class=\"bpgPhoto \" > \r\n\t\t\t\t\t<a href=\"https:\/\/mojateporlavida.org\/wp-content\/uploads\/2017\/09\/vertical-con-web.png\" class=\"lightbox\" data-title=\"\"><\/a>\r\n\t\t\t\t\t<div class=\"boldPhotoBox\"><div class=\"bpbItem\"><div class = \"btImage\"><img src=\"https:\/\/mojateporlavida.org\/wp-content\/uploads\/2017\/09\/vertical-con-web-640x640.png\" alt=\"\" title=\"\"><\/div><\/div><\/div>\r\n\t\t\t\t\t<div class=\"captionPane btDarkSkin btTextCenter\">\r\n\t\t\t\t\t\t<div class=\"captionTable\">\r\n\t\t\t\t\t\t\t<div class=\"captionCell\">\r\n\t\t\t\t\t\t\t\t<div class=\"captionTxt\"><\/div>\r\n\t\t\t\t\t\t\t<\/div>\r\n\t\t\t\t\t\t<\/div>\r\n\t\t\t\t\t<\/div><\/div><\/div><\/div><\/div><\/div><\/div><\/div><\/div><\/div><\/div><\/div><\/section>","protected":false},"excerpt":{"rendered":"<p>5\u00aa y \u00faltima etapa del Reto: 10 personas normales nadan la franja costera del Parque Natural Cabo de Gata \u2013 N\u00efjar por la investigaci\u00f3n contra el c\u00e1ncer infantil.<\/p>\n","protected":false},"author":2,"featured_media":6169,"comment_status":"open","ping_status":"open","sticky":false,"template":"","format":"audio","meta":[],"categories":[83,127,130,126,131,129,121,133,85,247,248,81,128,125],"tags":[114,243,257,263,86,82,51],"_links":{"self":[{"href":"https:\/\/mojateporlavida.org\/index.php?rest_route=\/wp\/v2\/posts\/6156"}],"collection":[{"href":"https:\/\/mojateporlavida.org\/index.php?rest_route=\/wp\/v2\/posts"}],"about":[{"href":"https:\/\/mojateporlavida.org\/index.php?rest_route=\/wp\/v2\/types\/post"}],"author":[{"embeddable":true,"href":"https:\/\/mojateporlavida.org\/index.php?rest_route=\/wp\/v2\/users\/2"}],"replies":[{"embeddable":true,"href":"https:\/\/mojateporlavida.org\/index.php?rest_route=%2Fwp%2Fv2%2Fcomments&post=6156"}],"version-history":[{"count":14,"href":"https:\/\/mojateporlavida.org\/index.php?rest_route=\/wp\/v2\/posts\/6156\/revisions"}],"predecessor-version":[{"id":6201,"href":"https:\/\/mojateporlavida.org\/index.php?rest_route=\/wp\/v2\/posts\/6156\/revisions\/6201"}],"wp:featuredmedia":[{"embeddable":true,"href":"https:\/\/mojateporlavida.org\/index.php?rest_route=\/wp\/v2\/media\/6169"}],"wp:attachment":[{"href":"https:\/\/mojateporlavida.org\/index.php?rest_route=%2Fwp%2Fv2%2Fmedia&parent=6156"}],"wp:term":[{"taxonomy":"category","embeddable":true,"href":"https:\/\/mojateporlavida.org\/index.php?rest_route=%2Fwp%2Fv2%2Fcategories&post=6156"},{"taxonomy":"post_tag","embeddable":true,"href":"https:\/\/mojateporlavida.org\/index.php?rest_route=%2Fwp%2Fv2%2Ftags&post=6156"}],"curies":[{"name":"wp","href":"https:\/\/api.w.org\/{rel}","templated":true}]}}