{"id":5989,"date":"2017-08-22T23:08:00","date_gmt":"2017-08-22T21:08:00","guid":{"rendered":"http:\/\/mojateporlavida.org\/?p=5989"},"modified":"2018-05-13T20:35:56","modified_gmt":"2018-05-13T18:35:56","slug":"primera-etapa-de-la-travesia-por-la-investigacion-contra-el-cancer-infantil","status":"publish","type":"post","link":"https:\/\/mojateporlavida.org\/?p=5989","title":{"rendered":"Primera etapa de la Traves\u00eda por la Investigaci\u00f3n contra el c\u00e1ncer infantil"},"content":{"rendered":"<section id=\"bt_section69ef94d913339\"  class=\"boldSection gutter\" ><div class=\"port\"><div class=\"boldCell\"><div class=\"boldCellInner\"><div class=\"boldRow \" ><div class=\"boldRowInner\"><div class=\"rowItem col-md-12 col-ms-12  btTextLeft\"  data-width=\"12\"><div class=\"rowItemContent\" ><header class=\"header btClear medium\" ><div class=\"dash\"><h3><span class=\"headline\">El Faro Mesa Rold\u00e1n ha sido el protector de la primera etapa de la traves\u00eda por la investigaci\u00f3n contra el c\u00e1ncer infantil.<\/span><\/h3><\/div><\/header><div class=\"bpgPhoto \" ><div class = \"btImage\"><img src=\"https:\/\/mojateporlavida.org\/wp-content\/uploads\/2017\/08\/salida.jpg\" alt=\"\" title=\"Todos en la Salida\"><\/div><\/div><div class=\"btText\" ><p><strong>El para\u00edso recibe a los campeones<\/strong><\/p>\n<p><a href=\"http:\/\/www.turismodecarboneras.com\/index.php\/es\/playa-cala-el-corral-carboneras\">La playa del Corral de Carboneras<\/a> ha sido el punto de inicio del Reto Deportivo Solidario \u201cM\u00f3jate por la vida\u201d; reto que durante los pr\u00f3ximos 5 d\u00edas recorrer\u00e1 a nado 60 kil\u00f3metros de litoral del Parque Mar\u00edtimo \u2013 Terrestre Cabo de Gata N\u00edjar por la investigaci\u00f3n contra el c\u00e1ncer infantil. Patricia Senarega Responsable de Proyectos la Fundaci\u00f3n Cris ha acompa\u00f1ado a los nadadores en su primera salida, que se ha iniciado justo en los l\u00edmites de la franja marina del Parque Natural.<br \/>\nCon un parte de salida por parte de Capitan\u00eda Mar\u00edtima de 5,6 m\/s de viento y altura de ola de 0,98 metros, a las 8:30 los nadadores acompa\u00f1ados de los palistas del Club de Pirag\u00fc\u00edsmo Los Troncos y el Leontino de PESCARTES se han lanzado al agua iniciar \u201cCabo de Gata \u2013 N\u00edjar Swim Project\u201d.<\/p>\n<p>Inicialmente la salida estaba prevista en la Playa de Los Cocones pero para salvaguardar la zona de m\u00e1xima exposici\u00f3n de los nadadores, por los tres puertos mar\u00edtimo-comerciales del municipio, se ha trasladado hasta la playa del Corral.<\/p>\n<\/div><\/div><\/div><\/div><\/div><\/div><\/div><\/div><\/section><section id=\"bt_section69ef94d913c62\"  class=\"boldSection gutter\" ><div class=\"port\"><div class=\"boldCell\"><div class=\"boldCellInner\"><div class=\"boldRow \" ><div class=\"boldRowInner\"><div class=\"rowItem col-md-12 col-ms-12  btTextLeft\"  data-width=\"12\"><div class=\"rowItemContent\" ><div class=\"bpgPhoto \" ><div class = \"btImage\"><img src=\"https:\/\/mojateporlavida.org\/wp-content\/uploads\/2017\/08\/recorrido.jpg\" alt=\"\" title=\"\"><\/div><\/div><\/div><\/div><\/div><\/div><\/div><\/div><\/div><\/section><section id=\"bt_section69ef94d91412b\"  class=\"boldSection gutter\" ><div class=\"port\"><div class=\"boldCell\"><div class=\"boldCellInner\"><div class=\"boldRow \" ><div class=\"boldRowInner\"><div class=\"rowItem col-md-12 col-ms-12  btTextLeft\"  data-width=\"12\"><div class=\"rowItemContent\" ><div class=\"btClear btSeparator topSmallSpaced bottomSmallSpaced noBorder\" ><hr><\/div><header class=\"header btClear small  btHeaderAccent2\" ><div class=\"dash\"><h4><span class=\"headline\">La Etapa<\/span><\/h4><\/div><\/header><div class=\"btText\" ><p class=\"Normal1\" style=\"text-align: justify; line-height: normal;\"><span lang=\"ES\" style=\"font-size: 12.0pt;\">Los 10 nadadores del reto y 5 invitados han iniciado sus brazadas por la investigaci\u00f3n contra el c\u00e1ncer infantil rumbo a poniente en uno de los litorales mejor conservados del Mediterr\u00e1neo Occidental. El primer punto emblem\u00e1tico del parque que han atravesado ha sido la playa de Los Muertos, la mayor playa del Parque Natural Cabo de Gata \u2013 N\u00edjar y considerada la mejor de la pen\u00ednsula, de la que han podido disfrutar desde una perspectiva \u00fanica. <\/span><\/p>\n<\/div><div class=\"btText\" ><p class=\"Normal1\" style=\"text-align: justify; line-height: normal;\"><span lang=\"ES\" style=\"font-size: 12.0pt;\">Atravesar Cala Castillo, Cala Sorbas, Cala de la Media Naranja y Cala Arena, situadas en las faldas de Mesa Rold\u00e1n ha sido la parte m\u00e1s complicada, pero el entusiasmo y la fuerza de emprender esta traves\u00eda ha hecho que todos los nadadores sobrepasaran la punta de la media Naranja, primera de las 5 reservas marinas que se atravesar\u00e1n en este reto. <\/span><\/p>\n<p class=\"Normal1\" style=\"text-align: justify; line-height: normal;\"><span lang=\"ES\" style=\"font-size: 12.0pt;\">El domo volc\u00e1nico de Mesa Rold\u00e1n ha sido el protector de los nadadores, tras atravesar su falda, el viento de levante ha menguado y ha permitido a los nadadores nadar hacia el norte rumbo a Agua Amarga antes de lo previsto. Llegando los nadadores a la playa urbana de esta pedan\u00eda a las 11:30, arropados por todas las personas que estaban disfrutando en la misma. <\/span><\/p>\n<\/div><div class=\"btText\" ><p class=\"Normal1\" style=\"text-align: justify; line-height: normal;\"><span lang=\"ES\" style=\"font-size: 12.0pt;\">En la playa esperaban a estos deportistas el Concejal de Turismo, Patrimonio Cultural, Playas y Oficina de la Transparencia de N\u00edjar, Alexis Pineda D\u00edaz y el Alcalde y Concejal de Deportes de Carboneras, Salvador Hern\u00e1ndez Hern\u00e1ndez y Pedro Jos\u00e9 Venzal Per\u00e9z respectivamente. As\u00ed como Patricia Senarega de la Fundaci\u00f3n Cris, muy emocionada por todo lo vivido en el d\u00eda de hoy, siendo sus palabras de agradecimiento \u201ccada brazada de cada uno de estos incre\u00edbles nadadores nos acerca hacia el final de esta terrible enfermedad\u201d. <\/span><\/p>\n<p class=\"Normal1\" style=\"text-align: justify; line-height: normal;\"><span lang=\"ES\" style=\"font-size: 12.0pt;\">Alexis Pineda, ha a\u00f1adido que estaba muy satisfecho por c\u00f3mo se hab\u00eda vivido esta llegada a la playa de Agua Amarga y que en el Ayuntamiento de N\u00edjar est\u00e1n emocionados con este reto que se sustenta en los valores por los que apuesta este municipio: solidaridad, respeto al medio ambiente y seguridad mar\u00edtima. <\/span><\/p>\n<p class=\"Normal1\" style=\"text-align: justify; line-height: normal;\"><span lang=\"ES\" style=\"font-size: 12.0pt;\">La etapa entre Carboneras y Agua Amarga se ha realizado en un tiempo de 3 horas recorri\u00e9ndose una distancia final de 6,5 kil\u00f3metros, no habi\u00e9ndose producido incidencia alguna. Luis Rodr\u00edguez, Presidente de PESCARTES y responsable de la seguridad en el agua de este reto, ha comentado con los participantes que para \u00e9l, es un privilegio poder compartir con ellos algo que el disfruta cada d\u00eda. <\/span><\/p>\n<p class=\"Normal1\" style=\"text-align: justify; line-height: normal;\"><span lang=\"ES\" style=\"font-size: 12.0pt;\">Hoy ha sido una etapa para poner a punto el equipo que afronta este reto: los nadadores, los palistas del Club de Pirag\u00fcismo Los Troncos, las embarcaciones de Pescartes y la organizaci\u00f3n del CDTurAniAnA. Todo preparado, por mar y por tierra, para continuar este sue\u00f1o que contribuir\u00e1 a que la reforma de la 8\u00aa Planta del Hospital La Paz sea una realidad. <\/span><\/p>\n<\/div><div class=\"bpgPhoto \" ><div class = \"btImage\"><img src=\"https:\/\/mojateporlavida.org\/wp-content\/uploads\/2017\/08\/llegada.jpg\" alt=\"\" title=\"\"><\/div><\/div><header class=\"header btClear small  btHeaderAccent3\" ><div class=\"dash\"><h4><span class=\"headline\">Brazadas de solidaridad en el Parque Natural Cabo de Gata \u2013 N\u00edjar <\/span><\/h4><\/div><\/header><div class=\"btText\" ><p>Esta etapa se ha realizado gracias al apoyo de la empresa Psa Retail, en concreto a su sede en Almer\u00eda.<\/p>\n<p>M\u00f3jate por la vida es una idea que surge de un grupo de 10 nadadores de varias provincias espa\u00f1olas (Albacete, Almer\u00eda, C\u00f3rdoba, Madrid y Navarra) que tras haber participado, tanto a nivel organizativo como deportivo, en numerosas traves\u00edas en aguas abiertas, han decidido sumar esfuerzos por un fin solidario: colaborar con la Fundaci\u00f3n Cris contra el C\u00e1ncer en la creaci\u00f3n de la Unidad de Terapias Avanzadas para C\u00e1ncer Infantil en el Hospital de la Paz en Madrid, haciendo lo que m\u00e1s les gusta: nadar en aguas abiertas. Se han fijado como objetivo recaudar 60.000,00 euros para este proyecto, realizando para ello varias actividades a lo largo de este a\u00f1o. Esta campa\u00f1a se ha organizado a trav\u00e9s del Club Deportivo TurAniAnA de Roquetas de Mar (Almer\u00eda).<\/p>\n<p>La actividad principal de \u201cM\u00f3jate por la vida\u201d es \u201cCabo de Gata \u2013 N\u00edjar Swim Project\u201d: nadar 60 kil\u00f3metros del litoral del Parque Natural Cabo de Gata \u2013 N\u00edjar con el apoyo de la Asociaci\u00f3n de Pescadores Artesanales \u2013 PESCARTES y el club de pirag\u00fcismo Los Troncos. Esta ha sido dise\u00f1ada y planificada para que sea un ejemplo de que se pueden hacer actividades deportivas respetando el medio ambiente y entendiendo sus l\u00edmites, ayudando as\u00ed a conectar a las personas con la naturaleza. Por ello, La Delegaci\u00f3n Territorial de Medio Ambiente y Ordenaci\u00f3n del Territorio a trav\u00e9s de la Junta Rectora del Parque Natural Cabo de Gata \u2013 N\u00edjar, ha incluido este reto como actividad del 30 aniversario de este espacio natural y 20 aniversario de la reserva marina.<\/p>\n<p>Los Ayuntamientos de Carboneras, N\u00edjar y Almer\u00eda as\u00ed como la Diputaci\u00f3n de Almer\u00eda se han mojado con estos deportistas desde el momento en el que conocieron el reto solidario, facilit\u00e1ndoles todo lo necesario para que esta actividad se realice en este marco incomparable.<\/p>\n<\/div><\/div><\/div><\/div><\/div><div class=\"boldRow \" ><div class=\"boldRowInner\"><div class=\"rowItem col-md-12 col-ms-12  btTextLeft\"  data-width=\"12\"><div class=\"rowItemContent\" ><header class=\"header btClear medium  btHeaderAccent1\" ><div class=\"dash\"><h3><span class=\"headline\">Un poco de historia y cultura<\/span><\/h3><\/div><\/header><div class=\"btText\" ><p><b>Un poco de historia y cultura<\/b><\/p>\n<p>La denominaci\u00f3n de \u201cCarboneras\u201d surge por la existencia de unos hornos que se construyeron en el S XVI para la fabricaci\u00f3n de carb\u00f3n vegetal. El litoral comprendido desde \u00c1guilas a Cabo de Gata estaba casi despoblada por los saqueos constantes que se produc\u00edan por piratas de los barcos en mar y de las fincas en tierra para llevarse v\u00edveres y comida, y a los supervivientes se les hac\u00eda esclavos.<\/p>\n<p>En el S XVIII, se edificaron torres y atalayas defensivas por todo el litoral y se reforz\u00f3 la vigilancia. <b>El Castillo de San Andr\u00e9s<\/b> propici\u00f3 que se empezara a formar un n\u00facleo de poblaci\u00f3n importante. Tras su construcci\u00f3n se repartieron tierras, se daba una contribuci\u00f3n econ\u00f3mica y se construy\u00f3 una almadraba. Posteriormente se levant\u00f3 la <b>fortaleza en Mesa Rold\u00e1n<\/b> y <b>3 atalayas: la del Rayo, la de la rambla de los Moros y la del Pe\u00f1\u00f3n<\/b>.<\/p>\n<p>A principios del S XIX se independiza de Sorbas. Se le conoc\u00eda entonces por \u201cEl pueblecico\u201d. El aislamiento geogr\u00e1fico y la pobreza por la falta de recursos (la pesca y el esparto no daban para mucho) hizo pensar a los pobladores que exist\u00eda una maldici\u00f3n sobre la zona y emigraron a Francia y Alemania sin querer mentar el nombre de su tierra de origen.<\/p>\n<p>En el S XX, en los a\u00f1os setenta, que a mediados de los setenta, empez\u00f3 a crearse un n\u00facleo industrial y productivo que abarca la f\u00e1brica de cemento, la central t\u00e9rmica, la f\u00e1brica de paneles de yeso y dos piscifactor\u00edas. La pesca se reforz\u00f3 con la construcci\u00f3n de un puerto con todos sus servicios (f\u00e1brica de hielo, congeladoras, varadero, calafates, etc.) y la flota actual supera el centenar de barcos tanto de bajura como de altura.<\/p>\n<\/div><header class=\"header btClear medium  btHeaderAccent4\" ><div class=\"dash\"><h3><span class=\"headline\">Patrimonio Natural<\/span><\/h3><\/div><\/header><div class=\"btText\" ><p>El clima y aislamiento de esta zona ha ayudado a mantener sus playas v\u00edrgenes. El 75% de su t\u00e9rmino municipal est\u00e1 incluido dentro del Parque Natural de Cabo de Gata, lo cual ha supuesto un incremento de su valor tur\u00edstico. Cabe destacar:<\/p>\n<ul>\n<li><b>LIC-Monumento Natural del Islote de San Andr\u00e9s<\/b>: isla volc\u00e1nica a unos 400 m de la playa de los Cocones, formada por la Isla Grande e Isla Chica. Contienen una necr\u00f3polis hispano-musulmana.<\/li>\n<\/ul>\n<p>Su aislamiento caracteriza su importancia biol\u00f3gica, ya que en las grietas, cr\u00e1teres y oquedades de sus fondos viven animales como meros, corvinas, sepias, pulpos y cangrejos que desovan y se alimentan en las extensas praderas de Posidonia oce\u00e1nica. En la superficie de la isla nidifican aves marinas. Se pueden observar la gaviota patiamarilla, pardelas, cormoranes o pa\u00ed\u00f1os.<\/p>\n<ul>\n<li><b>LIC-ZEPIM de los Fondos Marinos del Levante Almeriense<\/b>: Las poblaciones costeras del Levante Almeriense (Carboneras, Cuevas de Almanzora, Garrucha, Moj\u00e1car, N\u00edjar, Pulp\u00ed y Vera) comparten, entre otros rasgos principales de su identidad, uno de los litorales mejor conservados del Mediterr\u00e1neo occidental. Los Fondos Marinos del Levante Almeriense merecen la declaraci\u00f3n de Zona ZEPIM, por la presencia de especies incluidas en el anexo II y III del Protocolo Sobre Zonas Especialmente Protegidas y la Diversidad Biol\u00f3gica en el Mediterr\u00e1neo.<\/li>\n<\/ul>\n<\/div><\/div><\/div><\/div><\/div><\/div><\/div><\/div><\/section><section id=\"bt_section69ef94d914c33\"  class=\"boldSection gutter\" ><div class=\"port\"><div class=\"boldCell\"><div class=\"boldCellInner\"><div class=\"boldRow \" ><div class=\"boldRowInner\"><div class=\"rowItem col-md-12 col-ms-12  btTextLeft\"  data-width=\"12\"><div class=\"rowItemContent\" ><div class=\"btText\" ><p><iframe loading=\"lazy\" src=\"https:\/\/www.youtube.com\/embed\/b-imYFOF8BM\" width=\"560\" height=\"315\" frameborder=\"0\" allowfullscreen=\"allowfullscreen\"><\/iframe><\/p>\n<\/div><\/div><\/div><\/div><\/div><\/div><\/div><\/div><\/section>","protected":false},"excerpt":{"rendered":"<p>1\u00aa Etapa de la traves\u00eda. Carboneras-Agua Amarga<\/p>\n","protected":false},"author":3,"featured_media":5993,"comment_status":"open","ping_status":"open","sticky":false,"template":"","format":"audio","meta":[],"categories":[83,127,130,126,131,164,129,121,133,231,262,233,85,240,247,248,249,81,203,128,125,250,208],"tags":[114,243,265,264,257,263,86,82,216],"_links":{"self":[{"href":"https:\/\/mojateporlavida.org\/index.php?rest_route=\/wp\/v2\/posts\/5989"}],"collection":[{"href":"https:\/\/mojateporlavida.org\/index.php?rest_route=\/wp\/v2\/posts"}],"about":[{"href":"https:\/\/mojateporlavida.org\/index.php?rest_route=\/wp\/v2\/types\/post"}],"author":[{"embeddable":true,"href":"https:\/\/mojateporlavida.org\/index.php?rest_route=\/wp\/v2\/users\/3"}],"replies":[{"embeddable":true,"href":"https:\/\/mojateporlavida.org\/index.php?rest_route=%2Fwp%2Fv2%2Fcomments&post=5989"}],"version-history":[{"count":15,"href":"https:\/\/mojateporlavida.org\/index.php?rest_route=\/wp\/v2\/posts\/5989\/revisions"}],"predecessor-version":[{"id":6008,"href":"https:\/\/mojateporlavida.org\/index.php?rest_route=\/wp\/v2\/posts\/5989\/revisions\/6008"}],"wp:featuredmedia":[{"embeddable":true,"href":"https:\/\/mojateporlavida.org\/index.php?rest_route=\/wp\/v2\/media\/5993"}],"wp:attachment":[{"href":"https:\/\/mojateporlavida.org\/index.php?rest_route=%2Fwp%2Fv2%2Fmedia&parent=5989"}],"wp:term":[{"taxonomy":"category","embeddable":true,"href":"https:\/\/mojateporlavida.org\/index.php?rest_route=%2Fwp%2Fv2%2Fcategories&post=5989"},{"taxonomy":"post_tag","embeddable":true,"href":"https:\/\/mojateporlavida.org\/index.php?rest_route=%2Fwp%2Fv2%2Ftags&post=5989"}],"curies":[{"name":"wp","href":"https:\/\/api.w.org\/{rel}","templated":true}]}}