{"id":5888,"date":"2017-07-27T06:30:37","date_gmt":"2017-07-27T04:30:37","guid":{"rendered":"http:\/\/mojateporlavida.org\/?p=5888"},"modified":"2017-07-26T12:56:23","modified_gmt":"2017-07-26T10:56:23","slug":"serafin","status":"publish","type":"post","link":"https:\/\/mojateporlavida.org\/?p=5888","title":{"rendered":"Seraf\u00edn Jim\u00e9nez. Presidente del CD TurAniAnA"},"content":{"rendered":"<section id=\"bt_section69efb0b1b169f\"  class=\"boldSection gutter\" ><div class=\"port\"><div class=\"boldCell\"><div class=\"boldCellInner\"><\/div><\/div><\/div><\/section><section id=\"bt_section69efb0b1b19c0\" data-parallax=\"0\" data-parallax-offset=\"0\" class=\"boldSection topSpaced bottomSemiSpaced btDarkSkin gutter inherit btParallax wBackground cover btBackgroundOverlay btSolidDarkBackground\" style=\"background-image:url('https:\/\/mojateporlavida.org\/wp-content\/uploads\/2017\/07\/serafin-escalando.jpg');\"><div class=\"port\"><div class=\"boldCell\"><div class=\"boldCellInner\"><div class=\"boldRow \" ><div class=\"boldRowInner\"><div class=\"rowItem col-md-3 col-sm-6 col-ms-12 btTextLeft animate animate-fadein animate-moveup btMiddleVertical\"  data-width=\"3\"><div class=\"rowItemContent\" ><div class=\"bpgPhoto  btRoundedImage\" ><div class = \"btImage\"><img src=\"https:\/\/mojateporlavida.org\/wp-content\/uploads\/2017\/07\/serafin.jpg\" alt=\"\" title=\"Seraf\u00edn Jim\u00e9nez\"><\/div><\/div><div class=\"btClear btSeparator bottomSemiSpaced noBorder\" ><hr><\/div><\/div><\/div><div class=\"rowItem col-md-6 col-sm-12 btTextLeft animate animate-fadein animate-moveup btMiddleVertical\"  data-width=\"6\"><div class=\"rowItemContent\" ><header class=\"header btClear large  btHeaderAccent3\" ><div class=\"btSuperTitle\"><span>ORGANIZACI\u00d3N<\/span><\/div><div class=\"dash\"><h2><span class=\"headline\">SERAF\u00cdN JIM\u00c9NEZ<\/span><\/h2><\/div><\/header><div class=\"btText\" ><p>Seraf\u00edn, persona seria, responsable y apasionada con lo que hace. No hay persona que tenga m\u00e1s ideas y empe\u00f1os en su cabeza, aunque lo pasa mal por el cargo de su responsabilidad y como es.<\/p>\n<p>Es un gran amigo, sensato y capaz de hacer el agua cerveza para dar una alegr\u00eda a un amigo<\/p>\n<\/div><div class=\"btIconImageRow\" style=\"padding: 1em 0;\"><span class=\"btIco btIcoFilledType btIcoSmallSize btAccent1Icon\"><a href=\"https:\/\/www.facebook.com\/escalada.seron\"  target=\"no_target\" data-ico-fa=\"&#xf09a;\" class=\"btIcoHolder\"><\/a><\/span><\/div><div class=\"btClear btSeparator bottomSemiSpaced noBorder\" ><hr><\/div><\/div><\/div><div class=\"rowItem col-md-3 col-sm-6 col-ms-12 btTextLeft animate animate-fadein animate-moveup btMiddleVertical btDoublePadding\"  data-width=\"3\"><div class=\"rowItemContent\" ><div class=\"btClear btSeparator bottomSemiSpaced noBorder\" ><hr><\/div><a href=\"mailto:seraescalada@gmail.com\" class=\"btBtn btBtn btnOutlineStyle btndefaultColor btnSmall btnFullWidth btnRightPosition btnIco\" ><span class=\"btnInnerText\">CONTACTO<\/span><span class=\"btIco \"><span  data-ico-fa=\"&#xf003;\" class=\"btIcoHolder\"><\/span><\/span><\/a><div class=\"btClear btSeparator topSmallSpaced noBorder\" ><hr><\/div><\/div><\/div><\/div><\/div><\/div><\/div><\/div><\/section><section id=\"bt_section69efb0b1b2585\"  class=\"boldSection gutter\" ><div class=\"port\"><div class=\"boldCell\"><div class=\"boldCellInner\"><div class=\"boldRow \" ><div class=\"boldRowInner\"><div class=\"rowItem col-md-12 col-ms-12  btTextLeft\"  data-width=\"12\"><div class=\"rowItemContent\" ><div class=\"btText\" ><p>\u00bfQuieres saber m\u00e1s sobre <a href=\"http:\/\/mojateporlavida.org\/?page_id=5873\">Seraf\u00edn Jim\u00e9nez<\/a>?<\/p>\n<\/div><div class=\"btIconImageRow\" ><span class=\"btIco btIcoDefaultType btIcoMediumSize btDefaultIcon\"><a href=\"http:\/\/mojateporlavida.org\/?page_id=5873%20\"  target=\"no_target\" data-ico-fa=\"&#xf05a;\" class=\"btIcoHolder\"><span>M\u00e1s sobre Seraf\u00edn Jim\u00e9nez<\/span><\/a><\/span><\/div><\/div><\/div><\/div><\/div><\/div><\/div><\/div><\/section>","protected":false},"excerpt":{"rendered":"<p>Os presentamos al Presidente del Club Deportivo TurAniAnA. Seraf\u00edn Jim\u00e9nez.<\/p>\n","protected":false},"author":2,"featured_media":5876,"comment_status":"open","ping_status":"open","sticky":false,"template":"","format":"audio","meta":[],"categories":[248,249,250],"tags":[114,257,115],"_links":{"self":[{"href":"https:\/\/mojateporlavida.org\/index.php?rest_route=\/wp\/v2\/posts\/5888"}],"collection":[{"href":"https:\/\/mojateporlavida.org\/index.php?rest_route=\/wp\/v2\/posts"}],"about":[{"href":"https:\/\/mojateporlavida.org\/index.php?rest_route=\/wp\/v2\/types\/post"}],"author":[{"embeddable":true,"href":"https:\/\/mojateporlavida.org\/index.php?rest_route=\/wp\/v2\/users\/2"}],"replies":[{"embeddable":true,"href":"https:\/\/mojateporlavida.org\/index.php?rest_route=%2Fwp%2Fv2%2Fcomments&post=5888"}],"version-history":[{"count":5,"href":"https:\/\/mojateporlavida.org\/index.php?rest_route=\/wp\/v2\/posts\/5888\/revisions"}],"predecessor-version":[{"id":5898,"href":"https:\/\/mojateporlavida.org\/index.php?rest_route=\/wp\/v2\/posts\/5888\/revisions\/5898"}],"wp:featuredmedia":[{"embeddable":true,"href":"https:\/\/mojateporlavida.org\/index.php?rest_route=\/wp\/v2\/media\/5876"}],"wp:attachment":[{"href":"https:\/\/mojateporlavida.org\/index.php?rest_route=%2Fwp%2Fv2%2Fmedia&parent=5888"}],"wp:term":[{"taxonomy":"category","embeddable":true,"href":"https:\/\/mojateporlavida.org\/index.php?rest_route=%2Fwp%2Fv2%2Fcategories&post=5888"},{"taxonomy":"post_tag","embeddable":true,"href":"https:\/\/mojateporlavida.org\/index.php?rest_route=%2Fwp%2Fv2%2Ftags&post=5888"}],"curies":[{"name":"wp","href":"https:\/\/api.w.org\/{rel}","templated":true}]}}