{"id":5701,"date":"2017-07-10T07:00:30","date_gmt":"2017-07-10T05:00:30","guid":{"rendered":"http:\/\/mojateporlavida.org\/?p=5701"},"modified":"2017-07-25T12:28:11","modified_gmt":"2017-07-25T10:28:11","slug":"cd-turaniana-y-cn-master-bahia-de-almeria-unidos-contra-el-cancer-infantil","status":"publish","type":"post","link":"https:\/\/mojateporlavida.org\/?p=5701","title":{"rendered":"CD TurAniAnA y CN M\u00e1ster Bah\u00eda de Almer\u00eda unidos contra el c\u00e1ncer infantil"},"content":{"rendered":"<section id=\"bt_section69efb52596a67\"  class=\"boldSection gutter inherit\" ><div class=\"port\"><div class=\"boldCell\"><div class=\"boldCellInner\"><div class=\"boldRow \" ><div class=\"boldRowInner\"><div class=\"rowItem col-md-12 col-ms-12  btTextLeft animate animate-fadein inherit\"  data-width=\"12\"><div class=\"rowItemContent\" ><header class=\"header btClear large\" ><div class=\"dash\"><h2><span class=\"headline\">EL CLUB BAHIA DE ALMERIA NC, SE MOJA POR LA VIDA.<\/span><\/h2><\/div><\/header><\/div><\/div><\/div><\/div><div class=\"boldRow \" ><div class=\"boldRowInner\"><div class=\"rowItem col-md-4 col-ms-12 btTextLeft\"  data-width=\"4\"><div class=\"rowItemContent\" ><div class=\"btClear btSeparator topExtraSmallSpaced bottomExtraSmallSpaced noBorder\" ><hr><\/div><div class=\"bpgPhoto \" ><div class = \"btImage\"><img src=\"https:\/\/mojateporlavida.org\/wp-content\/uploads\/2017\/06\/Logo-Bahia.jpg\" alt=\"\" title=\"\"><\/div><\/div><div class=\"btClear btSeparator topExtraSmallSpaced bottomExtraSmallSpaced noBorder\" ><hr><\/div><\/div><\/div><div class=\"rowItem col-md-8 col-ms-12 btTextLeft\"  data-width=\"8\"><div class=\"rowItemContent\" ><div class=\"btText\" ><p>El CN M\u00e1ster Bah\u00eda de Almer\u00eda es un club de amigos amantes de la nataci\u00f3n que buscan hacer deporte disfrutando de lo que les gusta y participando en competiciones. En este club hay nadadores de todos los niveles y edades, siendo el m\u00e1s joven de 20 a\u00f1os y la m\u00e1s veterana de 87 a\u00f1os. Estos nadadores no son profesionales, tienen vidas y trabajos normales, forman un gran grupo humano sensibilizado con los problemas de nuestra sociedad.<\/p>\n<\/div><\/div><\/div><\/div><\/div><div class=\"boldRow \" ><div class=\"boldRowInner\"><div class=\"rowItem col-md-12 col-ms-12  btTextLeft animate animate-fadein inherit\"  data-width=\"12\"><div class=\"rowItemContent\" ><\/div><\/div><\/div><\/div><div class=\"boldRow \" ><div class=\"boldRowInner\"><div class=\"rowItem col-md-8 col-ms-12 btTextLeft\"  data-width=\"8\"><div class=\"rowItemContent\" ><div class=\"btText\" ><p>Cuando conocieron \u201cM\u00f3jate por la vida\u201d apostaron y apoyaron esta iniciativa desde el primer momento, siendo el club que m\u00e1s metros nado en las 12+1 horas de nataci\u00f3n ininterrumpidas celebradas en la actividad \u201cM\u00f3jate por la vida 12+1\u201d el 25 de marzo en el CDU Juan Gonz\u00e1lez Fern\u00e1ndez de El Parador (Roquetas de Mar).<\/p>\n<\/div><div class=\"btClear btSeparator topExtraSmallSpaced bottomSmallSpaced noBorder\" ><hr><\/div><div class=\"btText\" ><p>Su implicaci\u00f3n no queda ah\u00ed, gracias a la buena relaci\u00f3n existente entre ambos clubes y al fin solidario de \u201cM\u00f3jate por la vida\u201d, en el seno del CN M\u00e1ster Bah\u00eda de Almer\u00eda se decidi\u00f3 asumir el reto \u201cCabo de Gata \u2013 N\u00edjar Swim Project\u201d como club. As\u00ed en su curr\u00edculo como club deportivo aparecer\u00e1 que han completado a nadado los 60 kil\u00f3metros que distan Carboneras y el n\u00facleo pesquero de Cabo de Gata \u2013 N\u00edjar. Para ello, 8 de sus nadadores compartir\u00e1n brazadas con nuestros compa\u00f1eros, os los presentamos:<\/p>\n<\/div><\/div><\/div><div class=\"rowItem col-md-4 col-ms-12 btTextLeft\"  data-width=\"4\"><div class=\"rowItemContent\" ><div class=\"bpgPhoto  btRoundedImage\" ><div class = \"btImage\"><img src=\"https:\/\/mojateporlavida.org\/wp-content\/uploads\/2017\/07\/Serafin-y-adria\u0301n.jpg\" alt=\"\" title=\"\"><\/div><\/div><\/div><\/div><\/div><\/div><\/div><\/div><\/div><\/section><section id=\"bt_section69efb5259790f\"  class=\"boldSection topLargeSpaced bottomLargeSpaced gutter inherit\" ><div class=\"port\"><div class=\"boldCell\"><div class=\"boldCellInner\"><div class=\"boldRow \" ><div class=\"boldRowInner\"><div class=\"rowItem col-md-3 col-sm-6 col-ms-12 btTextLeft animate animate-fadein animate-moveup btTopVertical btTextIndent\"  data-width=\"3\"><div class=\"rowItemContent\" ><div class=\"bpgPhoto  btCircleImage\" > \r\n\t\t\t\t\t<a href=\"http:\/\/mojateporlavida.org\/?portfolio=adrian-a-garcia-maldonado\" target=\"_self\" title=\"ADRI\u00c1N\"><\/a>\r\n\t\t\t\t\t<div class=\"boldPhotoBox\"><div class=\"bpbItem\"><div class = \"btImage\"><img src=\"https:\/\/mojateporlavida.org\/wp-content\/uploads\/2017\/07\/Adrian-e1499378636862.jpg\" alt=\"\" title=\"ADRI\u00c1N\"><\/div><\/div><\/div>\r\n\t\t\t\t\t<div class=\"captionPane btDarkSkin btTextCenter\">\r\n\t\t\t\t\t\t<div class=\"captionTable\">\r\n\t\t\t\t\t\t\t<div class=\"captionCell\">\r\n\t\t\t\t\t\t\t\t<div class=\"captionTxt\"><header class=\"header btClear extrasmall\" ><div class=\"btSuperTitle\"><span>Bah\u00eda ALMER\u00cdA<\/span><\/div><div class=\"dash\"><h4><span class=\"headline\">ADRI\u00c1N<\/span><\/h4><\/div><\/header><\/div>\r\n\t\t\t\t\t\t\t<\/div>\r\n\t\t\t\t\t\t<\/div>\r\n\t\t\t\t\t<\/div>\r\n\t\t\t\t\t\t<div class=\"btShowTitle\">\r\n\t\t\t\t\t\t\t<div class=\"btShowTitleCaptionTxt\"><header class=\"header btClear small\" ><div class=\"btSuperTitle\"><span>Bah\u00eda ALMER\u00cdA<\/span><\/div><div class=\"dash\"><h4><span class=\"headline\">ADRI\u00c1N<\/span><\/h4><\/div><\/header><\/div>\r\n\t\t\t\t\t\t<\/div><\/div><div class=\"boldRow \" style=\"margin-top: -60px;\"><div class=\"boldRowInner\"><div class=\"rowItem rowInnerItem col-lg-12  btTextLeft inherit btNoPadding\" style=\"background-color: rgba(255, 255, 255, 0.7);\" ><div class=\"rowItemContent\"><div class=\"btIconImageRow\" style=\"padding: 1em 0;\"><span class=\"btIco btIcoFilledType btIcoSmallSize btAccent1Icon\"><a href=\"https:\/\/www.facebook.com\/profile.php?id=1452283998&amp;ref=br_rs\"  target=\"no_target\" data-ico-fa=\"&#xf09a;\" class=\"btIcoHolder\"><\/a><\/span><\/div><\/div><\/div><\/div><\/div><div class=\"btClear btSeparator topSmallSpaced bottomSmallSpaced noBorder\" ><hr><\/div><header class=\"header btClear medium  btHeaderAccent1\" ><div class=\"btSuperTitle\"><span>NADADOR INVITADO<\/span><\/div><div class=\"dash\"><h3><span class=\"headline\">ADRI\u00c1N<\/span><\/h3><\/div><div class=\"btSubTitle\">Adri\u00e1n A Garc\u00eda Maldonado (1960).<\/div><\/header><div class=\"btClear btSeparator topSmallSpaced noBorder\" ><hr><\/div><a href=\"http:\/\/mojateporlavida.org\/?portfolio=adrian-a-garcia-maldonado\" class=\"btBtn btBtn btnFilledStyle btnaccent1Color btnSmall btnNormalWidth btnRightPosition btnIco\" ><span class=\"btnInnerText\">CONOCE A ADRI\u00c1N<\/span><span class=\"btIco \"><span  data-ico-fa=\"&#xf105;\" class=\"btIcoHolder\"><\/span><\/span><\/a><div class=\"btClear btSeparator topSmallSpaced noBorder\" ><hr><\/div><\/div><\/div><div class=\"rowItem col-md-3 col-sm-6 col-ms-12 btTextLeft animate animate-fadein animate-moveup btTopVertical btTextIndent\"  data-width=\"3\"><div class=\"rowItemContent\" ><div class=\"bpgPhoto  btCircleImage\" > \r\n\t\t\t\t\t<a href=\"http:\/\/mojateporlavida.org\/?portfolio=fernando-plaza-del-pino-nadador-invitado-al-reto\" target=\"_self\" title=\"FERNANDO\"><\/a>\r\n\t\t\t\t\t<div class=\"boldPhotoBox\"><div class=\"bpbItem\"><div class = \"btImage\"><img src=\"https:\/\/mojateporlavida.org\/wp-content\/uploads\/2017\/07\/Fernando-e1499378448201.jpg\" alt=\"\" title=\"FERNANDO\"><\/div><\/div><\/div>\r\n\t\t\t\t\t<div class=\"captionPane btDarkSkin btTextCenter\">\r\n\t\t\t\t\t\t<div class=\"captionTable\">\r\n\t\t\t\t\t\t\t<div class=\"captionCell\">\r\n\t\t\t\t\t\t\t\t<div class=\"captionTxt\"><header class=\"header btClear extrasmall\" ><div class=\"btSuperTitle\"><span>Bah\u00eda Almer\u00eda<\/span><\/div><div class=\"dash\"><h4><span class=\"headline\">FERNANDO<\/span><\/h4><\/div><\/header><\/div>\r\n\t\t\t\t\t\t\t<\/div>\r\n\t\t\t\t\t\t<\/div>\r\n\t\t\t\t\t<\/div>\r\n\t\t\t\t\t\t<div class=\"btShowTitle\">\r\n\t\t\t\t\t\t\t<div class=\"btShowTitleCaptionTxt\"><header class=\"header btClear small\" ><div class=\"btSuperTitle\"><span>Bah\u00eda Almer\u00eda<\/span><\/div><div class=\"dash\"><h4><span class=\"headline\">FERNANDO<\/span><\/h4><\/div><\/header><\/div>\r\n\t\t\t\t\t\t<\/div><\/div><div class=\"boldRow \" style=\"margin-top: -60px;\"><div class=\"boldRowInner\"><div class=\"rowItem rowInnerItem col-lg-12  btTextLeft inherit btNoPadding\" style=\"background-color: rgba(255, 255, 255, 0.7);\" ><div class=\"rowItemContent\"><div class=\"btIconImageRow\" style=\"padding: 1em 0;\"><span class=\"btIco btIcoFilledType btIcoSmallSize btAccent1Icon\"><a href=\"https:\/\/www.facebook.com\/fernando.p.delpino\"  target=\"no_target\" data-ico-fa=\"&#xf09a;\" class=\"btIcoHolder\"><\/a><\/span><\/div><\/div><\/div><\/div><\/div><div class=\"btClear btSeparator topSmallSpaced bottomSmallSpaced noBorder\" ><hr><\/div><header class=\"header btClear medium  btHeaderAccent1\" ><div class=\"btSuperTitle\"><span>NADADOR INVITADO<\/span><\/div><div class=\"dash\"><h3><span class=\"headline\">FERNANDO<\/span><\/h3><\/div><div class=\"btSubTitle\">Fernando Plaza a del Pino (1968).<\/div><\/header><div class=\"btClear btSeparator topSmallSpaced noBorder\" ><hr><\/div><a href=\"http:\/\/mojateporlavida.org\/?portfolio=fernando-plaza-del-pino-nadador-invitado-al-reto\" class=\"btBtn btBtn btnFilledStyle btnaccent1Color btnSmall btnNormalWidth btnRightPosition btnIco\" ><span class=\"btnInnerText\">CONOCE A FERNANDO<\/span><span class=\"btIco \"><span  data-ico-fa=\"&#xf105;\" class=\"btIcoHolder\"><\/span><\/span><\/a><div class=\"btClear btSeparator topSmallSpaced noBorder\" ><hr><\/div><\/div><\/div><div class=\"rowItem col-md-3 col-sm-6 col-ms-12 btTextLeft animate animate-fadein animate-moveup btTopVertical btTextIndent\"  data-width=\"3\"><div class=\"rowItemContent\" ><div class=\"bpgPhoto  btCircleImage\" > \r\n\t\t\t\t\t<a href=\"http:\/\/mojateporlavida.org\/?portfolio=ana-rocio-cordoba-hernandez-nadadora-invitada-al-reto\" target=\"_self\" title=\"ANA \"><\/a>\r\n\t\t\t\t\t<div class=\"boldPhotoBox\"><div class=\"bpbItem\"><div class = \"btImage\"><img src=\"https:\/\/mojateporlavida.org\/wp-content\/uploads\/2017\/07\/Ana-Rocio-e1499378510215.jpg\" alt=\"\" title=\"ANA \"><\/div><\/div><\/div>\r\n\t\t\t\t\t<div class=\"captionPane btDarkSkin btTextCenter\">\r\n\t\t\t\t\t\t<div class=\"captionTable\">\r\n\t\t\t\t\t\t\t<div class=\"captionCell\">\r\n\t\t\t\t\t\t\t\t<div class=\"captionTxt\"><header class=\"header btClear extrasmall\" ><div class=\"btSuperTitle\"><span>Bah\u00eda de Almer\u00eda<\/span><\/div><div class=\"dash\"><h4><span class=\"headline\">ANA <\/span><\/h4><\/div><\/header><\/div>\r\n\t\t\t\t\t\t\t<\/div>\r\n\t\t\t\t\t\t<\/div>\r\n\t\t\t\t\t<\/div>\r\n\t\t\t\t\t\t<div class=\"btShowTitle\">\r\n\t\t\t\t\t\t\t<div class=\"btShowTitleCaptionTxt\"><header class=\"header btClear small\" ><div class=\"btSuperTitle\"><span>Bah\u00eda de Almer\u00eda<\/span><\/div><div class=\"dash\"><h4><span class=\"headline\">ANA <\/span><\/h4><\/div><\/header><\/div>\r\n\t\t\t\t\t\t<\/div><\/div><div class=\"boldRow \" style=\"margin-top: -60px;\"><div class=\"boldRowInner\"><div class=\"rowItem rowInnerItem col-lg-12  btTextLeft inherit btNoPadding\" style=\"background-color: rgba(255, 255, 255, 0.7);\" ><div class=\"rowItemContent\"><div class=\"btIconImageRow\" style=\"padding: 1em 0;\"><span class=\"btIco btIcoFilledType btIcoSmallSize btAccent1Icon\"><a href=\"https:\/\/www.facebook.com\/anarocio.cordobahernandez\"  target=\"no_target\" data-ico-fa=\"&#xf09a;\" class=\"btIcoHolder\"><\/a><\/span><\/div><\/div><\/div><\/div><\/div><div class=\"btClear btSeparator topSmallSpaced bottomSmallSpaced noBorder\" ><hr><\/div><header class=\"header btClear medium  btHeaderAccent3\" ><div class=\"btSuperTitle\"><span>NADADORA INVITADA<\/span><\/div><div class=\"dash\"><h3><span class=\"headline\">ANA ROC\u00cdO<\/span><\/h3><\/div><\/header><div class=\"btClear btSeparator topSmallSpaced noBorder\" ><hr><\/div><a href=\"http:\/\/mojateporlavida.org\/?portfolio=ana-rocio-cordoba-hernandez-nadadora-invitada-al-reto\" class=\"btBtn btBtn btnFilledStyle btnaccent3Color btnSmall btnNormalWidth btnRightPosition btnIco\" ><span class=\"btnInnerText\">CONOCE A ANA ROC\u00cdO<\/span><span class=\"btIco \"><span  data-ico-fa=\"&#xf105;\" class=\"btIcoHolder\"><\/span><\/span><\/a><div class=\"btClear btSeparator topSmallSpaced noBorder\" ><hr><\/div><\/div><\/div><div class=\"rowItem col-md-3 col-sm-6 col-ms-12 btTextLeft animate animate-fadein animate-moveup btTopVertical btTextIndent\"  data-width=\"3\"><div class=\"rowItemContent\" ><div class=\"bpgPhoto  btCircleImage\" > \r\n\t\t\t\t\t<a href=\"http:\/\/mojateporlavida.org\/?portfolio=alejandro-lopez-teruel-nadador-invitado-al-reto\" target=\"_self\" title=\"ALEJANDRO\"><\/a>\r\n\t\t\t\t\t<div class=\"boldPhotoBox\"><div class=\"bpbItem\"><div class = \"btImage\"><img src=\"https:\/\/mojateporlavida.org\/wp-content\/uploads\/2017\/07\/Alejandro-e1499378571176.jpg\" alt=\"\" title=\"ALEJANDRO\"><\/div><\/div><\/div>\r\n\t\t\t\t\t<div class=\"captionPane btDarkSkin btTextCenter\">\r\n\t\t\t\t\t\t<div class=\"captionTable\">\r\n\t\t\t\t\t\t\t<div class=\"captionCell\">\r\n\t\t\t\t\t\t\t\t<div class=\"captionTxt\"><header class=\"header btClear extrasmall\" ><div class=\"btSuperTitle\"><span>Bah\u00eda Almer\u00eda<\/span><\/div><div class=\"dash\"><h4><span class=\"headline\">ALEJANDRO<\/span><\/h4><\/div><\/header><\/div>\r\n\t\t\t\t\t\t\t<\/div>\r\n\t\t\t\t\t\t<\/div>\r\n\t\t\t\t\t<\/div>\r\n\t\t\t\t\t\t<div class=\"btShowTitle\">\r\n\t\t\t\t\t\t\t<div class=\"btShowTitleCaptionTxt\"><header class=\"header btClear small\" ><div class=\"btSuperTitle\"><span>Bah\u00eda Almer\u00eda<\/span><\/div><div class=\"dash\"><h4><span class=\"headline\">ALEJANDRO<\/span><\/h4><\/div><\/header><\/div>\r\n\t\t\t\t\t\t<\/div><\/div><div class=\"boldRow \" style=\"margin-top: -60px;\"><div class=\"boldRowInner\"><div class=\"rowItem rowInnerItem col-lg-12  btTextLeft inherit btNoPadding\" style=\"background-color: rgba(255, 255, 255, 0.7);\" ><div class=\"rowItemContent\"><div class=\"btIconImageRow\" style=\"padding: 1em 0;\"><span class=\"btIco btIcoFilledType btIcoSmallSize btAccent1Icon\"><a href=\"https:\/\/www.facebook.com\/miguel.lopezteruel\"  target=\"no_target\" data-ico-fa=\"&#xf09a;\" class=\"btIcoHolder\"><\/a><\/span><\/div><\/div><\/div><\/div><\/div><div class=\"btClear btSeparator topSmallSpaced bottomSmallSpaced noBorder\" ><hr><\/div><header class=\"header btClear medium  btHeaderAccent2\" ><div class=\"btSuperTitle\"><span>NADADOR INVITADO<\/span><\/div><div class=\"dash\"><h3><span class=\"headline\">ALEJANDRO<\/span><\/h3><\/div><div class=\"btSubTitle\">Alejandro M L\u00f3pez Teruel (1974).<\/div><\/header><div class=\"btClear btSeparator topSmallSpaced noBorder\" ><hr><\/div><a href=\"http:\/\/mojateporlavida.org\/?portfolio=alejandro-lopez-teruel-nadador-invitado-al-reto\" class=\"btBtn btBtn btnFilledStyle btnaccent2Color btnSmall btnNormalWidth btnRightPosition btnIco\" ><span class=\"btnInnerText\">CONOCE A ALEJANDRO<\/span><span class=\"btIco \"><span  data-ico-fa=\"&#xf105;\" class=\"btIcoHolder\"><\/span><\/span><\/a><div class=\"btClear btSeparator topSmallSpaced noBorder\" ><hr><\/div><\/div><\/div><\/div><\/div><div class=\"boldRow \" ><div class=\"boldRowInner\"><div class=\"rowItem col-md-3 col-sm-6 col-ms-12 btTextLeft animate animate-fadein animate-moveup btTopVertical btTextIndent\"  data-width=\"3\"><div class=\"rowItemContent\" ><div class=\"bpgPhoto  btCircleImage\" > \r\n\t\t\t\t\t<a href=\"http:\/\/mojateporlavida.org\/?portfolio=juan-luis-garcia-nadador-invitado-al-reto\" target=\"_self\" title=\"JUAN LUIS\"><\/a>\r\n\t\t\t\t\t<div class=\"boldPhotoBox\"><div class=\"bpbItem\"><div class = \"btImage\"><img src=\"https:\/\/mojateporlavida.org\/wp-content\/uploads\/2017\/07\/Juan-Luis-e1499378356816.jpg\" alt=\"\" title=\"JUAN LUIS\"><\/div><\/div><\/div>\r\n\t\t\t\t\t<div class=\"captionPane btDarkSkin btTextCenter\">\r\n\t\t\t\t\t\t<div class=\"captionTable\">\r\n\t\t\t\t\t\t\t<div class=\"captionCell\">\r\n\t\t\t\t\t\t\t\t<div class=\"captionTxt\"><header class=\"header btClear extrasmall\" ><div class=\"btSuperTitle\"><span>Bah\u00eda de Almer\u00eda<\/span><\/div><div class=\"dash\"><h4><span class=\"headline\">JUAN LUIS<\/span><\/h4><\/div><\/header><\/div>\r\n\t\t\t\t\t\t\t<\/div>\r\n\t\t\t\t\t\t<\/div>\r\n\t\t\t\t\t<\/div>\r\n\t\t\t\t\t\t<div class=\"btShowTitle\">\r\n\t\t\t\t\t\t\t<div class=\"btShowTitleCaptionTxt\"><header class=\"header btClear small\" ><div class=\"btSuperTitle\"><span>Bah\u00eda de Almer\u00eda<\/span><\/div><div class=\"dash\"><h4><span class=\"headline\">JUAN LUIS<\/span><\/h4><\/div><\/header><\/div>\r\n\t\t\t\t\t\t<\/div><\/div><div class=\"boldRow \" style=\"margin-top: -60px;\"><div class=\"boldRowInner\"><div class=\"rowItem rowInnerItem col-lg-12  btTextLeft inherit btNoPadding\" style=\"background-color: rgba(255, 255, 255, 0.7);\" ><div class=\"rowItemContent\"><div class=\"btIconImageRow\" style=\"padding: 1em 0;\"><span class=\"btIco btIcoFilledType btIcoSmallSize btAccent1Icon\"><a href=\"https:\/\/www.facebook.com\/juanluis.garciacabeo\"  target=\"no_target\" data-ico-fa=\"&#xf09a;\" class=\"btIcoHolder\"><\/a><\/span><\/div><\/div><\/div><\/div><\/div><div class=\"btClear btSeparator topSmallSpaced bottomSmallSpaced noBorder\" ><hr><\/div><header class=\"header btClear medium  btHeaderAccent2\" ><div class=\"btSuperTitle\"><span>NADADOR INVITADO<\/span><\/div><div class=\"dash\"><h3><span class=\"headline\">JUAN LUIS<\/span><\/h3><\/div><div class=\"btSubTitle\">Juan Luis Garc\u00eda Cabeo (1968).<\/div><\/header><div class=\"btClear btSeparator topSmallSpaced noBorder\" ><hr><\/div><a href=\"http:\/\/mojateporlavida.org\/?portfolio=juan-luis-garcia-nadador-invitado-al-reto\" class=\"btBtn btBtn btnFilledStyle btnaccent2Color btnSmall btnNormalWidth btnRightPosition btnIco\" ><span class=\"btnInnerText\">CONOCE A JUAN LUIS<\/span><span class=\"btIco \"><span  data-ico-fa=\"&#xf105;\" class=\"btIcoHolder\"><\/span><\/span><\/a><div class=\"btClear btSeparator topSmallSpaced noBorder\" ><hr><\/div><\/div><\/div><div class=\"rowItem col-md-3 col-sm-6 col-ms-12 btTextLeft animate animate-fadein animate-moveup btTopVertical btTextIndent\"  data-width=\"3\"><div class=\"rowItemContent\" ><div class=\"bpgPhoto  btCircleImage\" > \r\n\t\t\t\t\t<a href=\"http:\/\/mojateporlavida.org\/?portfolio=ruben-rodriguez-nadador-invitado-al-reto\" target=\"_self\" title=\"RUB\u00c9N\"><\/a>\r\n\t\t\t\t\t<div class=\"boldPhotoBox\"><div class=\"bpbItem\"><div class = \"btImage\"><img src=\"https:\/\/mojateporlavida.org\/wp-content\/uploads\/2017\/07\/Ruben-e1499378039813.jpg\" alt=\"\" title=\"RUB\u00c9N\"><\/div><\/div><\/div>\r\n\t\t\t\t\t<div class=\"captionPane btDarkSkin btTextCenter\">\r\n\t\t\t\t\t\t<div class=\"captionTable\">\r\n\t\t\t\t\t\t\t<div class=\"captionCell\">\r\n\t\t\t\t\t\t\t\t<div class=\"captionTxt\"><header class=\"header btClear extrasmall\" ><div class=\"btSuperTitle\"><span>Bah\u00eda de Almer\u00eda<\/span><\/div><div class=\"dash\"><h4><span class=\"headline\">RUB\u00c9N<\/span><\/h4><\/div><\/header><\/div>\r\n\t\t\t\t\t\t\t<\/div>\r\n\t\t\t\t\t\t<\/div>\r\n\t\t\t\t\t<\/div>\r\n\t\t\t\t\t\t<div class=\"btShowTitle\">\r\n\t\t\t\t\t\t\t<div class=\"btShowTitleCaptionTxt\"><header class=\"header btClear small\" ><div class=\"btSuperTitle\"><span>Bah\u00eda de Almer\u00eda<\/span><\/div><div class=\"dash\"><h4><span class=\"headline\">RUB\u00c9N<\/span><\/h4><\/div><\/header><\/div>\r\n\t\t\t\t\t\t<\/div><\/div><div class=\"boldRow \" style=\"margin-top: -60px;\"><div class=\"boldRowInner\"><div class=\"rowItem rowInnerItem col-lg-12  btTextLeft inherit btNoPadding\" style=\"background-color: rgba(255, 255, 255, 0.7);\" ><div class=\"rowItemContent\"><div class=\"btIconImageRow\" style=\"padding: 1em 0;\"><span class=\"btIco btIcoFilledType btIcoSmallSize btAccent1Icon\"><a href=\"https:\/\/www.facebook.com\/rbn.rt.9\"  target=\"no_target\" data-ico-fa=\"&#xf09a;\" class=\"btIcoHolder\"><\/a><\/span><\/div><\/div><\/div><\/div><\/div><div class=\"btClear btSeparator topSmallSpaced bottomSmallSpaced noBorder\" ><hr><\/div><header class=\"header btClear medium  btHeaderAccent2\" ><div class=\"btSuperTitle\"><span>NADADOR INVITADO<\/span><\/div><div class=\"dash\"><h3><span class=\"headline\">RUB\u00c9N<\/span><\/h3><\/div><div class=\"btSubTitle\">Rub\u00e9n Rodr\u00edguez Tamayo (1977).<\/div><\/header><div class=\"btClear btSeparator topSmallSpaced noBorder\" ><hr><\/div><a href=\"http:\/\/mojateporlavida.org\/?portfolio=ruben-rodriguez-nadador-invitado-al-reto\" class=\"btBtn btBtn btnFilledStyle btnaccent2Color btnSmall btnNormalWidth btnRightPosition btnIco\" ><span class=\"btnInnerText\">CONOCE A RUB\u00c9N<\/span><span class=\"btIco \"><span  data-ico-fa=\"&#xf105;\" class=\"btIcoHolder\"><\/span><\/span><\/a><div class=\"btClear btSeparator topSmallSpaced noBorder\" ><hr><\/div><div class=\"btClear btSeparator topSmallSpaced noBorder\" ><hr><\/div><\/div><\/div><div class=\"rowItem col-md-3 col-sm-6 col-ms-12 btTextLeft animate animate-fadein animate-moveup btTopVertical btTextIndent\"  data-width=\"3\"><div class=\"rowItemContent\" ><div class=\"bpgPhoto  btCircleImage\" > \r\n\t\t\t\t\t<a href=\"http:\/\/mojateporlavida.org\/?portfolio=pedro-madrid-nadador-invitado-al-reto\" target=\"_self\" title=\"PEDRO\"><\/a>\r\n\t\t\t\t\t<div class=\"boldPhotoBox\"><div class=\"bpbItem\"><div class = \"btImage\"><img src=\"https:\/\/mojateporlavida.org\/wp-content\/uploads\/2017\/07\/Pedro-e1499378226163.jpg\" alt=\"\" title=\"PEDRO\"><\/div><\/div><\/div>\r\n\t\t\t\t\t<div class=\"captionPane btDarkSkin btTextCenter\">\r\n\t\t\t\t\t\t<div class=\"captionTable\">\r\n\t\t\t\t\t\t\t<div class=\"captionCell\">\r\n\t\t\t\t\t\t\t\t<div class=\"captionTxt\"><header class=\"header btClear extrasmall\" ><div class=\"btSuperTitle\"><span>Bah\u00eda de Almer\u00eda<\/span><\/div><div class=\"dash\"><h4><span class=\"headline\">PEDRO<\/span><\/h4><\/div><\/header><\/div>\r\n\t\t\t\t\t\t\t<\/div>\r\n\t\t\t\t\t\t<\/div>\r\n\t\t\t\t\t<\/div>\r\n\t\t\t\t\t\t<div class=\"btShowTitle\">\r\n\t\t\t\t\t\t\t<div class=\"btShowTitleCaptionTxt\"><header class=\"header btClear small\" ><div class=\"btSuperTitle\"><span>Bah\u00eda de Almer\u00eda<\/span><\/div><div class=\"dash\"><h4><span class=\"headline\">PEDRO<\/span><\/h4><\/div><\/header><\/div>\r\n\t\t\t\t\t\t<\/div><\/div><div class=\"boldRow \" style=\"margin-top: -60px;\"><div class=\"boldRowInner\"><div class=\"rowItem rowInnerItem col-lg-12  btTextLeft inherit btNoPadding\" style=\"background-color: rgba(255, 255, 255, 0.7);\" ><div class=\"rowItemContent\"><div class=\"btIconImageRow\" style=\"padding: 1em 0;\"><span class=\"btIco btIcoFilledType btIcoSmallSize btAccent1Icon\"><a href=\"https:\/\/www.facebook.com\/pamadridcarri\"  target=\"no_target\" data-ico-fa=\"&#xf09a;\" class=\"btIcoHolder\"><\/a><\/span><\/div><\/div><\/div><\/div><\/div><div class=\"btClear btSeparator topSmallSpaced bottomSmallSpaced noBorder\" ><hr><\/div><header class=\"header btClear medium  btHeaderAccent1\" ><div class=\"btSuperTitle\"><span>NADADOR INVITADO<\/span><\/div><div class=\"dash\"><h3><span class=\"headline\">PEDRO<\/span><\/h3><\/div><div class=\"btSubTitle\">Pedro Madrid Carricondo (1975).<\/div><\/header><div class=\"btClear btSeparator topSmallSpaced noBorder\" ><hr><\/div><a href=\"http:\/\/mojateporlavida.org\/?portfolio=pedro-madrid-nadador-invitado-al-reto\" class=\"btBtn btBtn btnFilledStyle btnaccent1Color btnSmall btnNormalWidth btnRightPosition btnIco\" ><span class=\"btnInnerText\">CONOCE A PEDRO<\/span><span class=\"btIco \"><span  data-ico-fa=\"&#xf105;\" class=\"btIcoHolder\"><\/span><\/span><\/a><div class=\"btClear btSeparator topSmallSpaced noBorder\" ><hr><\/div><div class=\"btClear btSeparator topSmallSpaced noBorder\" ><hr><\/div><\/div><\/div><div class=\"rowItem col-md-3 col-sm-6 col-ms-12 btTextLeft animate animate-fadein animate-moveup btTopVertical btTextIndent\"  data-width=\"3\"><div class=\"rowItemContent\" ><div class=\"bpgPhoto  btCircleImage\" > \r\n\t\t\t\t\t<a href=\"http:\/\/mojateporlavida.org\/?portfolio=lazaro-peraltares-nadador-invitado-al-reto\" target=\"_self\" title=\"L\u00c1ZARO\"><\/a>\r\n\t\t\t\t\t<div class=\"boldPhotoBox\"><div class=\"bpbItem\"><div class = \"btImage\"><img src=\"https:\/\/mojateporlavida.org\/wp-content\/uploads\/2017\/07\/Lazaro-e1499378269192.jpg\" alt=\"\" title=\"L\u00c1ZARO\"><\/div><\/div><\/div>\r\n\t\t\t\t\t<div class=\"captionPane btDarkSkin btTextCenter\">\r\n\t\t\t\t\t\t<div class=\"captionTable\">\r\n\t\t\t\t\t\t\t<div class=\"captionCell\">\r\n\t\t\t\t\t\t\t\t<div class=\"captionTxt\"><header class=\"header btClear extrasmall\" ><div class=\"btSuperTitle\"><span>Bah\u00eda de Almer\u00eda<\/span><\/div><div class=\"dash\"><h4><span class=\"headline\">L\u00c1ZARO<\/span><\/h4><\/div><\/header><\/div>\r\n\t\t\t\t\t\t\t<\/div>\r\n\t\t\t\t\t\t<\/div>\r\n\t\t\t\t\t<\/div>\r\n\t\t\t\t\t\t<div class=\"btShowTitle\">\r\n\t\t\t\t\t\t\t<div class=\"btShowTitleCaptionTxt\"><header class=\"header btClear small\" ><div class=\"btSuperTitle\"><span>Bah\u00eda de Almer\u00eda<\/span><\/div><div class=\"dash\"><h4><span class=\"headline\">L\u00c1ZARO<\/span><\/h4><\/div><\/header><\/div>\r\n\t\t\t\t\t\t<\/div><\/div><div class=\"boldRow \" style=\"margin-top: -60px;\"><div class=\"boldRowInner\"><div class=\"rowItem rowInnerItem col-lg-12  btTextLeft inherit btNoPadding\" style=\"background-color: rgba(255, 255, 255, 0.7);\" ><div class=\"rowItemContent\"><div class=\"btIconImageRow\" style=\"padding: 1em 0;\"><span class=\"btIco btIcoFilledType btIcoSmallSize btAccent1Icon\"><a href=\"https:\/\/www.facebook.com\/alfredo.castilla2\"  target=\"no_target\" data-ico-fa=\"&#xf09a;\" class=\"btIcoHolder\"><\/a><\/span><\/div><\/div><\/div><\/div><\/div><div class=\"btClear btSeparator topSmallSpaced bottomSmallSpaced noBorder\" ><hr><\/div><header class=\"header btClear medium  btHeaderAccent3\" ><div class=\"btSuperTitle\"><span>NADADOR INVITADO<\/span><\/div><div class=\"dash\"><h3><span class=\"headline\">L\u00c1ZARO<\/span><\/h3><\/div><div class=\"btSubTitle\">L\u00e1zaro Peralvar\u00e9z Caler (1975).<\/div><\/header><div class=\"btClear btSeparator topSmallSpaced noBorder\" ><hr><\/div><a href=\"http:\/\/mojateporlavida.org\/?portfolio=lazaro-peraltares-nadador-invitado-al-reto\" class=\"btBtn btBtn btnFilledStyle btnaccent3Color btnSmall btnNormalWidth btnRightPosition btnIco\" ><span class=\"btnInnerText\">CONOCE A L\u00c1ZARO<\/span><span class=\"btIco \"><span  data-ico-fa=\"&#xf105;\" class=\"btIcoHolder\"><\/span><\/span><\/a><div class=\"btClear btSeparator topSmallSpaced noBorder\" ><hr><\/div><\/div><\/div><\/div><\/div><div class=\"boldRow \" ><div class=\"boldRowInner\"><div class=\"rowItem col-md-12 col-ms-12  btTextLeft animate animate-fadein animate-moveup btTopVertical btTextIndent\"  data-width=\"12\"><div class=\"rowItemContent\" ><div class=\"btText\" ><p>Amigos gracias por formar parte de este sue\u00f1o y ayudarnos en este reto, la solidaridad nos ha unido por una gran causa.<\/p>\n<h2 style=\"text-align: center;\"><strong>Yo me mojo por la vida, y t\u00fa? #mojateporlavida<\/strong><\/h2>\n<\/div><div class=\"btClear btSeparator topSmallSpaced bottomSmallSpaced noBorder\" ><hr><\/div><\/div><\/div><\/div><\/div><div class=\"boldRow \" ><div class=\"boldRowInner\"><div class=\"rowItem col-md-12 col-ms-12  btTextLeft\"  data-width=\"12\"><div class=\"rowItemContent\" ><div class=\"btClear btSeparator topSpaced bottomSpaced noBorder\" ><hr><\/div><div class=\"servicesItem  btServicesDefault btIcoSmallSizeIcon \"><div class=\"sIcon\"><span class=\"btIco btIcoSmallSize btIcoDefaultType btDefaultIcon\"><a href=\"https:\/\/solidarios.criscancer.org\/fundraisers\/cabo-de-gata-swim-project-mojate-por-la-vida\" target=\"_self\" data-ico-fa=\"&#xf1ae;\" class=\"btIcoHolder\"><\/a><\/span><\/div><div class=\"sTxt\"><header class=\"header btClear small\" ><div class=\"dash\"><h4><span class=\"headline\">\u00bfC\u00d3MO COLABORAR?<\/span><\/h4><\/div><\/header><\/div><\/div><\/div><\/div><\/div><\/div><\/div><\/div><\/div><\/section><section id=\"bt_section69efb5259a69e\"  class=\"boldSection bottomLargeSpaced gutter inherit\" style=\"background-color:#f1f1f1;\"><div class=\"port\"><div class=\"boldCell\"><div class=\"boldCellInner\"><div class=\"boldRow \" style=\"margin-top: -40px;\"><div class=\"boldRowInner\"><\/div><\/div><\/div><\/div><\/div><\/section><section id=\"bt_section69efb5259a7c0\"  class=\"boldSection gutter\" ><div class=\"port\"><div class=\"boldCell\"><div class=\"boldCellInner\"><\/div><\/div><\/div><\/section>","protected":false},"excerpt":{"rendered":"<p>7 de sus nadadores y nadadoras del Club compartir\u00e1n brazadas con nuestros compa\u00f1eros\/as, os los presentamos:<\/p>\n","protected":false},"author":1,"featured_media":5635,"comment_status":"open","ping_status":"open","sticky":false,"template":"","format":"audio","meta":[],"categories":[85,240,248,249,250],"tags":[114,243,148,244,236,86,82,216],"_links":{"self":[{"href":"https:\/\/mojateporlavida.org\/index.php?rest_route=\/wp\/v2\/posts\/5701"}],"collection":[{"href":"https:\/\/mojateporlavida.org\/index.php?rest_route=\/wp\/v2\/posts"}],"about":[{"href":"https:\/\/mojateporlavida.org\/index.php?rest_route=\/wp\/v2\/types\/post"}],"author":[{"embeddable":true,"href":"https:\/\/mojateporlavida.org\/index.php?rest_route=\/wp\/v2\/users\/1"}],"replies":[{"embeddable":true,"href":"https:\/\/mojateporlavida.org\/index.php?rest_route=%2Fwp%2Fv2%2Fcomments&post=5701"}],"version-history":[{"count":48,"href":"https:\/\/mojateporlavida.org\/index.php?rest_route=\/wp\/v2\/posts\/5701\/revisions"}],"predecessor-version":[{"id":5831,"href":"https:\/\/mojateporlavida.org\/index.php?rest_route=\/wp\/v2\/posts\/5701\/revisions\/5831"}],"wp:featuredmedia":[{"embeddable":true,"href":"https:\/\/mojateporlavida.org\/index.php?rest_route=\/wp\/v2\/media\/5635"}],"wp:attachment":[{"href":"https:\/\/mojateporlavida.org\/index.php?rest_route=%2Fwp%2Fv2%2Fmedia&parent=5701"}],"wp:term":[{"taxonomy":"category","embeddable":true,"href":"https:\/\/mojateporlavida.org\/index.php?rest_route=%2Fwp%2Fv2%2Fcategories&post=5701"},{"taxonomy":"post_tag","embeddable":true,"href":"https:\/\/mojateporlavida.org\/index.php?rest_route=%2Fwp%2Fv2%2Ftags&post=5701"}],"curies":[{"name":"wp","href":"https:\/\/api.w.org\/{rel}","templated":true}]}}