{"id":5639,"date":"2017-07-05T14:06:24","date_gmt":"2017-07-05T12:06:24","guid":{"rendered":"http:\/\/mojateporlavida.org\/?p=5639"},"modified":"2017-07-26T13:06:03","modified_gmt":"2017-07-26T11:06:03","slug":"la-ud-almeria-se-moja-por-la-vida-y-tu","status":"publish","type":"post","link":"https:\/\/mojateporlavida.org\/?p=5639","title":{"rendered":"La UD Almeria se moja por la vida, y t\u00fa?"},"content":{"rendered":"<section id=\"bt_section69f475bdc2878\"  class=\"boldSection gutter\" ><div class=\"port\"><div class=\"boldCell\"><div class=\"boldCellInner\"><\/div><\/div><\/div><\/section><section id=\"bt_section69f475bdc2902\"  class=\"boldSection gutter\" ><div class=\"port\"><div class=\"boldCell\"><div class=\"boldCellInner\"><div class=\"boldRow \" ><div class=\"boldRowInner\"><div class=\"rowItem col-md-8 col-ms-12 btTextLeft\"  data-width=\"8\"><div class=\"rowItemContent\" ><div class=\"btText\" ><p>La UD Almeria se moja por la vida, y t\u00fa?<\/p>\n<p>La solidaridad est\u00e1 formada por unos hilos m\u00e1gicos que unen por un mismo fin a muchas personas. Uno de esos hilos es el que nos llevo hasta la UD Almer\u00eda, de la mano de su ahora Director Deportivo, Miguel \u00c1ngel Corona, este equipo conoci\u00f3 nuestro reto y desde entonces se han mojado con nosotros.<\/p>\n<p>Gracias a la implicaci\u00f3n de esta instituci\u00f3n, realizamos un v\u00eddeo de los jugadores junto con los nadadores de nuestro reto por Almer\u00eda, Gines P\u00e9rez y Gaby Cruz, fueron unos momentos de convivencia, risas y diversi\u00f3n que impregnan todo el material grabado ese d\u00eda y del que podemos disfrutar en el siguiente video:<\/p>\n<p>&nbsp;<\/p>\n<\/div><\/div><\/div><div class=\"rowItem col-md-4 col-ms-12 btTextLeft\"  data-width=\"4\"><div class=\"rowItemContent\" ><div class=\"btClear btSeparator topSpaced bottomSpaced noBorder\" ><hr><\/div><div class=\"bpgPhoto  btRoundedImage\" ><div class = \"btImage\"><img src=\"https:\/\/mojateporlavida.org\/wp-content\/uploads\/2017\/07\/Corona-copia.jpg\" alt=\"\" title=\"\"><\/div><\/div><\/div><\/div><\/div><\/div><div class=\"boldRow \" ><div class=\"boldRowInner\"><div class=\"rowItem col-md-12 col-ms-12  btTextLeft\"  data-width=\"12\"><div class=\"rowItemContent\" ><div class=\"btText\" ><p><iframe loading=\"lazy\" width=\"1200\" height=\"675\" src=\"https:\/\/www.youtube.com\/embed\/NadNZJhTU4k?feature=oembed\" frameborder=\"0\" allowfullscreen><\/iframe><\/p>\n<\/div><\/div><\/div><\/div><\/div><div class=\"boldRow \" ><div class=\"boldRowInner\"><div class=\"rowItem col-md-8 col-ms-12 btTextLeft\"  data-width=\"8\"><div class=\"rowItemContent\" ><div class=\"btText\" ><p>A partir de ese momento, la admiraci\u00f3n del CD TurAniAnA hacia la UD Almer\u00eda se ha incrementado m\u00e1s a\u00fan; hemos vivido el final de la liga como unos fan\u00e1ticos de nuestro equipo, sufriendo un poco, pero al final el resultado ha sido el esperado #Almer\u00edaNuncaseRinde, la UD Almer\u00eda contin\u00faa en 2\u00aa y nosotros somos \u201cDel Almer\u00eda, toda mi vida\u201d.<\/p>\n<\/div><div class=\"btClear btSeparator topSmallSpaced bottomSmallSpaced noBorder\" ><hr><\/div><div class=\"bpgPhoto  btRoundedImage\" ><div class = \"btImage\"><img src=\"https:\/\/mojateporlavida.org\/wp-content\/uploads\/2017\/07\/udalorena2.jpg\" alt=\"\" title=\"\"><\/div><\/div><div class=\"btClear btSeparator topSmallSpaced bottomSmallSpaced noBorder\" ><hr><\/div><div class=\"btText\" ><p>Nuestra gratitud a esta instituci\u00f3n fue mayor a\u00fan, cuando por sorpresa, Lorena Garc\u00eda, a la que agradecemos enormemente su trato humano y apoyo hacia nosotros, nos comunic\u00f3 que gracias a lo recaudado en el partido de la cuadrag\u00e9sima jornada de la Liga 1|2|3 que enfrent\u00f3 al Almer\u00eda con el Mirand\u00e9s y que fue catalogado como ben\u00e9fico por parte del club, \u00edbamos a recibir 3.000,00 euros. Es un privilegio contar con el apoyo de nuestro club, poni\u00e9ndose as\u00ed de manifiesto que en el deporte siempre gana el respeto, el compa\u00f1erismo y la solidaridad #VamosAlmer\u00eda #Almer\u00edasemoja<\/p>\n<\/div><div class=\"btClear btSeparator topSmallSpaced bottomSmallSpaced noBorder\" ><hr><\/div><header class=\"header btClear large  btHeaderAccent3\" ><div class=\"dash\"><h2><span class=\"headline\">Yo me mojo por la vida, y t\u00fa? #mojateporlavida<\/span><\/h2><\/div><\/header><\/div><\/div><div class=\"rowItem col-md-4 col-ms-12 btTextLeft\"  data-width=\"4\"><div class=\"rowItemContent\" ><div class=\"bpgPhoto \" ><div class = \"btImage\"><img src=\"\" alt=\"\" title=\"\"><\/div><\/div><div class=\"btClear btSeparator topSmallSpaced bottomSmallSpaced noBorder\" ><hr><\/div><div class=\"bpgPhoto \" ><div class = \"btImage\"><img src=\"https:\/\/mojateporlavida.org\/wp-content\/uploads\/2017\/07\/Uda1.jpg\" alt=\"\" title=\"\"><\/div><\/div><header class=\"header btClear extrasmall  btHeaderAccent2\" ><div class=\"dash\"><h4><span class=\"headline\">Rosa Onieva, Lorena Garc\u00eda Y Seraf\u00edn Jim\u00e9nez<\/span><\/h4><\/div><\/header><div class=\"btClear btSeparator topSmallSpaced bottomSmallSpaced noBorder\" ><hr><\/div><div class=\"bpgPhoto  btHasTitles\" ><div class = \"btImage\"><img src=\"https:\/\/mojateporlavida.org\/wp-content\/uploads\/2017\/07\/uda2.jpg\" alt=\"\" title=\"Lorena Garc\u00eda Y Ainhoa Ruiz\"><\/div><\/div><header class=\"header btClear extrasmall  btHeaderAccent2\" ><div class=\"dash\"><h4><span class=\"headline\">Lorena Garc\u00eda Y Ainhoa Ruiz<\/span><\/h4><\/div><\/header><div class=\"btClear btSeparator topSmallSpaced bottomSmallSpaced noBorder\" ><hr><\/div><\/div><\/div><\/div><\/div><\/div><\/div><\/div><\/section><section id=\"bt_section69f475bdc3dfa\"  class=\"boldSection gutter\" ><div class=\"port\"><div class=\"boldCell\"><div class=\"boldCellInner\"><div class=\"boldRow \" ><div class=\"boldRowInner\"><div class=\"rowItem col-md-6 col-sm-12 btTextLeft\"  data-width=\"6\"><div class=\"rowItemContent\" ><div class=\"btClear btSeparator topSmallSpaced bottomSmallSpaced noBorder\" ><hr><\/div><div class=\"bpgPhoto \" ><div class = \"btImage\"><img src=\"https:\/\/mojateporlavida.org\/wp-content\/uploads\/2017\/07\/donacion-uda1.png\" alt=\"\" title=\"\"><\/div><\/div><\/div><\/div><div class=\"rowItem col-md-6 col-sm-12 btTextLeft\"  data-width=\"6\"><div class=\"rowItemContent\" ><div class=\"btClear btSeparator topSmallSpaced bottomSmallSpaced noBorder\" ><hr><\/div><div class=\"bpgPhoto \" ><div class = \"btImage\"><img src=\"https:\/\/mojateporlavida.org\/wp-content\/uploads\/2017\/07\/donacion-uda-2.png\" alt=\"\" title=\"\"><\/div><\/div><\/div><\/div><\/div><\/div><\/div><\/div><\/div><\/section><section id=\"bt_section69f475bdc4500\"  class=\"boldSection gutter\" ><div class=\"port\"><div class=\"boldCell\"><div class=\"boldCellInner\"><div class=\"boldRow \" ><div class=\"boldRowInner\"><div class=\"rowItem col-md-12 col-ms-12  btTextLeft\"  data-width=\"12\"><div class=\"rowItemContent\" ><div class=\"btClear btSeparator topSmallSpaced bottomSmallSpaced noBorder\" ><hr><\/div><div class=\"bpgPhoto  btRoundedImage\" ><div class = \"btImage\"><img src=\"https:\/\/mojateporlavida.org\/wp-content\/uploads\/2017\/07\/Udaalmeria-donacion-4.jpg\" alt=\"\" title=\"\"><\/div><\/div><div class=\"btClear btSeparator topSmallSpaced bottomSmallSpaced noBorder\" ><hr><\/div><a href=\"http:\/\/www.udalmeriasad.com\/noticia\/el-club-hace-entrega-de-6-000-euros-a-las-asociaciones-argar-y-mojate-por-la-vida\" class=\"btBtn btBtn btnOutlineStyle btnaccent2Color btnBig btnNormalWidth btnRightPosition btnIco\" ><span class=\"btnInnerText\">Ver noticia en la web de la UD Almer\u00eda<\/span><span class=\"btIco \"><span  data-ico-fa=\"&#xf1e3;\" class=\"btIcoHolder\"><\/span><\/span><\/a><\/div><\/div><\/div><\/div><\/div><\/div><\/div><\/section>","protected":false},"excerpt":{"rendered":"<p>La Uni\u00f3n Deportiva Almer\u00eda se moja por la vida. Desde el principio nos han acogido con gran cari\u00f1o y se han implicado de forma activa en el mismo. La UD Almer\u00eda se muestra como un Club solidario y comprometido con la sociedad. Entra para ver detalles de su colaboraci\u00f3n. #UDAlmer\u00eda<\/p>\n","protected":false},"author":2,"featured_media":5647,"comment_status":"open","ping_status":"open","sticky":false,"template":"","format":"audio","meta":[],"categories":[84,169,250],"tags":[114,95,239,258,216,251,238,237],"_links":{"self":[{"href":"https:\/\/mojateporlavida.org\/index.php?rest_route=\/wp\/v2\/posts\/5639"}],"collection":[{"href":"https:\/\/mojateporlavida.org\/index.php?rest_route=\/wp\/v2\/posts"}],"about":[{"href":"https:\/\/mojateporlavida.org\/index.php?rest_route=\/wp\/v2\/types\/post"}],"author":[{"embeddable":true,"href":"https:\/\/mojateporlavida.org\/index.php?rest_route=\/wp\/v2\/users\/2"}],"replies":[{"embeddable":true,"href":"https:\/\/mojateporlavida.org\/index.php?rest_route=%2Fwp%2Fv2%2Fcomments&post=5639"}],"version-history":[{"count":19,"href":"https:\/\/mojateporlavida.org\/index.php?rest_route=\/wp\/v2\/posts\/5639\/revisions"}],"predecessor-version":[{"id":5901,"href":"https:\/\/mojateporlavida.org\/index.php?rest_route=\/wp\/v2\/posts\/5639\/revisions\/5901"}],"wp:featuredmedia":[{"embeddable":true,"href":"https:\/\/mojateporlavida.org\/index.php?rest_route=\/wp\/v2\/media\/5647"}],"wp:attachment":[{"href":"https:\/\/mojateporlavida.org\/index.php?rest_route=%2Fwp%2Fv2%2Fmedia&parent=5639"}],"wp:term":[{"taxonomy":"category","embeddable":true,"href":"https:\/\/mojateporlavida.org\/index.php?rest_route=%2Fwp%2Fv2%2Fcategories&post=5639"},{"taxonomy":"post_tag","embeddable":true,"href":"https:\/\/mojateporlavida.org\/index.php?rest_route=%2Fwp%2Fv2%2Ftags&post=5639"}],"curies":[{"name":"wp","href":"https:\/\/api.w.org\/{rel}","templated":true}]}}