{"id":5628,"date":"2017-06-27T07:00:59","date_gmt":"2017-06-27T05:00:59","guid":{"rendered":"http:\/\/mojateporlavida.org\/?p=5628"},"modified":"2017-07-19T18:36:33","modified_gmt":"2017-07-19T16:36:33","slug":"5o-nadador-invitado-miguel-angel-navarro-mofli-nadador-por-almeria","status":"publish","type":"post","link":"https:\/\/mojateporlavida.org\/?p=5628","title":{"rendered":"6\u00ba Nadador invitado. Miguel \u00c1ngel Navarro \u00abMofli\u00bb. Nadador por Almer\u00eda."},"content":{"rendered":"<section id=\"bt_section69f000d32c93d\" data-parallax=\"0\" data-parallax-offset=\"0\" class=\"boldSection topSpaced bottomSemiSpaced btDarkSkin gutter inherit btParallax wBackground cover btBackgroundOverlay btSolidDarkBackground\" style=\"background-image:url('https:\/\/mojateporlavida.org\/wp-content\/uploads\/2017\/06\/mofliagua.jpg');\"><div class=\"port\"><div class=\"boldCell\"><div class=\"boldCellInner\"><div class=\"boldRow \" ><div class=\"boldRowInner\"><div class=\"rowItem col-md-6 col-sm-12 btTextLeft animate animate-fadein animate-moveup btMiddleVertical\"  data-width=\"6\"><div class=\"rowItemContent\" ><div class=\"bpgPhoto  btRoundedImage\" ><div class = \"btImage\"><img src=\"https:\/\/mojateporlavida.org\/wp-content\/uploads\/2017\/06\/mofligorro1.jpg\" alt=\"\" title=\"\"><\/div><\/div><div class=\"btClear btSeparator bottomSemiSpaced noBorder\" ><hr><\/div><\/div><\/div><div class=\"rowItem col-md-6 col-sm-12 btTextLeft animate animate-fadein animate-moveup btMiddleVertical\"  data-width=\"6\"><div class=\"rowItemContent\" ><header class=\"header btClear large  btHeaderAccent3\" ><div class=\"btSuperTitle\"><span>NADADOR INVITADO POR ALMER\u00cdA<\/span><\/div><div class=\"dash\"><h2><span class=\"headline\">Miguel \u00c1ngel Navarro<\/span><\/h2><\/div><\/header><div class=\"btText\" ><div dir=\"auto\">\n<div dir=\"auto\">\n<p>Miguel \u00c1ngel Navarro Mart\u00ednez, Mofli para los amigos, nadador desde joven, Almeriense.<\/p>\n<p>Miguel es de aquellas personas que transmiten buenas sensaciones nada m\u00e1s conocerlas. Alegre por naturaleza siempre camina all\u00e1 d\u00f3nde vaya con una gran sonrisa y buen humor. Trabajador, perseverante, organizado, con mucho talento. Es capaz de encontrar un hueco en su incesante d\u00eda para nadar. Debido a su trabajo y a su afici\u00f3n conoce la mayor\u00eda de las piscinas de este pa\u00eds dejando huella y buenos amigos por donde pasa.<\/p>\n<p>Adicto al agua y en especial a las traves\u00edas por mar, su car\u00e1cter luchador le confiere seguridad para afrontar cualquier prueba \u00a0que se le ponga por delante.<\/p>\n<\/div>\n<div dir=\"auto\">Su gran pasi\u00f3n por la nataci\u00f3n le viene pr\u00e1cticamente desde la cuna, siendo nadador desde muy peque\u00f1ito del club natacion Almeria y que ha llevado a otro nivel al poder realizarla en el mar, al que procesa un gran respeto, amor, y al que ha querido homenajear llamando a su hija Marina.<\/div>\n<div dir=\"auto\">Su gran motivaci\u00f3n es la superaci\u00f3n personal basada en la cultura del esfuerzo y sacrificio que son valores en los que se fundamenta la nataci\u00f3n.\u00bb<\/div>\n<\/div>\n<p style=\"text-align: center;\"><strong><em>Miguel \u00c1ngel se moja por la Vida. Y t\u00fa?<\/em><\/strong><\/p>\n<\/div><div class=\"btIconImageRow\" style=\"padding: 1em 0;\"><span class=\"btIco btIcoFilledType btIcoSmallSize btAccent1Icon\"><a href=\"https:\/\/www.facebook.com\/Mofli\"  target=\"no_target\" data-ico-fa=\"&#xf09a;\" class=\"btIcoHolder\"><\/a><\/span><span class=\"btIco btIcoDefaultType btIcoSmallSize btAccent3Icon\"><a href=\"https:\/\/www.instagram.com\/moflipando\/?hl=es\"  target=\"no_target\" data-ico-fa=\"&#xf16d;\" class=\"btIcoHolder\"><\/a><\/span><\/div><div class=\"btClear btSeparator bottomSemiSpaced noBorder\" ><hr><\/div><a href=\"mailto:miguelnavarroaudiovisuales@gmail.com\" class=\"btBtn btBtn btnOutlineStyle btndefaultColor btnSmall btnFullWidth btnRightPosition btnIco\" ><span class=\"btnInnerText\">CONTACT<\/span><span class=\"btIco \"><span  data-ico-fa=\"&#xf003;\" class=\"btIcoHolder\"><\/span><\/span><\/a><\/div><\/div><\/div><\/div><\/div><\/div><\/div><\/section><section id=\"bt_section69f000d32d724\"  class=\"boldSection gutter\" ><div class=\"port\"><div class=\"boldCell\"><div class=\"boldCellInner\"><div class=\"boldRow \" ><div class=\"boldRowInner\"><div class=\"rowItem col-md-12 col-ms-12  btTextLeft\"  data-width=\"12\"><div class=\"rowItemContent\" ><div class=\"btText\" ><p>\u00bfQuieres saber m\u00e1s sobre Miguel \u00c1ngel Navarro?<\/p>\n<\/div><div class=\"btIconImageRow\" ><span class=\"btIco btIcoDefaultType btIcoMediumSize btDefaultIcon\"><a href=\"http:\/\/mojateporlavida.org\/?page_id=5609%20\"  target=\"no_target\" data-ico-fa=\"&#xf05a;\" class=\"btIcoHolder\"><span>M\u00e1s sobre Miguel \u00c1ngel Navarro<\/span><\/a><\/span><\/div><\/div><\/div><\/div><\/div><\/div><\/div><\/div><\/section>","protected":false},"excerpt":{"rendered":"<p>Conoce a Miguel \u00c1ngel Navarro. Otro de los nadadores invitados al reto.<\/p>\n","protected":false},"author":2,"featured_media":5614,"comment_status":"open","ping_status":"open","sticky":false,"template":"","format":"audio","meta":[],"categories":[233,240],"tags":[114,124,236,234,235,86,216],"_links":{"self":[{"href":"https:\/\/mojateporlavida.org\/index.php?rest_route=\/wp\/v2\/posts\/5628"}],"collection":[{"href":"https:\/\/mojateporlavida.org\/index.php?rest_route=\/wp\/v2\/posts"}],"about":[{"href":"https:\/\/mojateporlavida.org\/index.php?rest_route=\/wp\/v2\/types\/post"}],"author":[{"embeddable":true,"href":"https:\/\/mojateporlavida.org\/index.php?rest_route=\/wp\/v2\/users\/2"}],"replies":[{"embeddable":true,"href":"https:\/\/mojateporlavida.org\/index.php?rest_route=%2Fwp%2Fv2%2Fcomments&post=5628"}],"version-history":[{"count":6,"href":"https:\/\/mojateporlavida.org\/index.php?rest_route=\/wp\/v2\/posts\/5628\/revisions"}],"predecessor-version":[{"id":5839,"href":"https:\/\/mojateporlavida.org\/index.php?rest_route=\/wp\/v2\/posts\/5628\/revisions\/5839"}],"wp:featuredmedia":[{"embeddable":true,"href":"https:\/\/mojateporlavida.org\/index.php?rest_route=\/wp\/v2\/media\/5614"}],"wp:attachment":[{"href":"https:\/\/mojateporlavida.org\/index.php?rest_route=%2Fwp%2Fv2%2Fmedia&parent=5628"}],"wp:term":[{"taxonomy":"category","embeddable":true,"href":"https:\/\/mojateporlavida.org\/index.php?rest_route=%2Fwp%2Fv2%2Fcategories&post=5628"},{"taxonomy":"post_tag","embeddable":true,"href":"https:\/\/mojateporlavida.org\/index.php?rest_route=%2Fwp%2Fv2%2Ftags&post=5628"}],"curies":[{"name":"wp","href":"https:\/\/api.w.org\/{rel}","templated":true}]}}