{"id":5536,"date":"2017-06-05T07:00:55","date_gmt":"2017-06-05T05:00:55","guid":{"rendered":"http:\/\/mojateporlavida.org\/?p=5536"},"modified":"2017-07-26T13:11:44","modified_gmt":"2017-07-26T11:11:44","slug":"mojate-por-la-vida-en-el-parque-natural-cabo-de-gata-nijar","status":"publish","type":"post","link":"https:\/\/mojateporlavida.org\/?p=5536","title":{"rendered":"M\u00f3jate por la vida  en el Parque Natural Cabo de Gata- N\u00edjar"},"content":{"rendered":"<section id=\"bt_section69efb09af0362\"  class=\"boldSection gutter\" ><div class=\"port\"><div class=\"boldCell\"><div class=\"boldCellInner\"><div class=\"boldRow \" ><div class=\"boldRowInner\"><div class=\"rowItem col-md-12 col-ms-12  btTextLeft\"  data-width=\"12\"><div class=\"rowItemContent\" ><div class=\"btClear btSeparator topSmallSpaced bottomSmallSpaced noBorder\" ><hr><\/div><div class=\"bpgPhoto \" ><div class = \"btImage\"><img src=\"https:\/\/mojateporlavida.org\/wp-content\/uploads\/2017\/06\/IWN_spanish_green.jpg\" alt=\"\" title=\"\"><\/div><\/div><\/div><\/div><\/div><\/div><\/div><\/div><\/div><\/section><section id=\"bt_section69efb09af0934\"  class=\"boldSection gutter\" ><div class=\"port\"><div class=\"boldCell\"><div class=\"boldCellInner\"><div class=\"boldRow \" ><div class=\"boldRowInner\"><div class=\"rowItem col-md-8 col-ms-12 btTextLeft\"  data-width=\"8\"><div class=\"rowItemContent\" ><div class=\"btText\" ><p>Como bien sab\u00e9is hoy, 5 de junio, es el D\u00eda del Medio Ambiente y no pod\u00edamos dejar pasar esta fecha para poner en valor el espacio natural que van a recorrer nuestros nadadores.<\/p>\n<p>La degradaci\u00f3n de h\u00e1bitat, la contaminaci\u00f3n la sobreexplotaci\u00f3n y todos los ataques que est\u00e1 sufriendo el medio ambiente hacen que los espacios protegidos como el de Cabo de Gata-Nijar adquieran una enorme importancia para nuestro futuro<\/p>\n<p>Este espacio fue declarado Parque Natural en 1987, fue el primer parque mar\u00edtimo terrestre que se declar\u00f3 en Espa\u00f1a. Abarca tres municipios con una ocupaci\u00f3n de territorio desigual, Almer\u00eda (9%), \u00a0Nijar (71%) \u00a0y Carboneras (20%)<\/p>\n<p>Adem\u00e1s de esta figura de protecci\u00f3n tiene tambi\u00e9n otros reconocimientos que poner de manifiesto la importancia de este espacio: reserva de la biosfera, zona de especial protecci\u00f3n para las aves (ZEPA), lugar de inter\u00e9s comunitario (LIC), Forma parque de la Red Europea de Geoparques, Las salinas est\u00e1n incluidas en el Convenio RAMSAR, la franja marina est\u00e1 considerada zona de especial inter\u00e9s en el Mediterr\u00e1neo (ZEPIM), las aguas exteriores est\u00e1n declaradas Reserva Marina de Inter\u00e9s Pesquero<\/p>\n<p>M\u00e1s all\u00e1 del significado de cada una de estas declaraciones, s\u00ed que podemos hacernos una idea de la importancia ambiental de este espacio.<\/p>\n<\/div><\/div><\/div><div class=\"rowItem col-md-4 col-ms-12 btTextLeft\"  data-width=\"4\"><div class=\"rowItemContent\" ><div class=\"bpgPhoto \" ><div class = \"btImage\"><img src=\"https:\/\/mojateporlavida.org\/wp-content\/uploads\/2017\/06\/WorldEnvironmentDay_Social_01.jpg\" alt=\"\" title=\"\"><\/div><\/div><div class=\"bpgPhoto \" ><div class = \"btImage\"><img src=\"https:\/\/mojateporlavida.org\/wp-content\/uploads\/2017\/06\/cropped-logo-parque.png\" alt=\"\" title=\"\"><\/div><\/div><div class=\"bpgPhoto \" ><div class = \"btImage\"><img src=\"https:\/\/mojateporlavida.org\/wp-content\/uploads\/2017\/06\/tira_unesco.jpg\" alt=\"\" title=\"\"><\/div><\/div><\/div><\/div><\/div><\/div><\/div><\/div><\/div><\/section><section id=\"bt_section69efb09af17f7\"  class=\"boldSection gutter\" ><div class=\"port\"><div class=\"boldCell\"><div class=\"boldCellInner\"><div class=\"boldRow \" ><div class=\"boldRowInner\"><div class=\"rowItem col-md-12 col-ms-12  btTextLeft\"  data-width=\"12\"><div class=\"rowItemContent\" ><div class=\"btClear btSeparator topSmallSpaced bottomSmallSpaced noBorder\" ><hr><\/div><\/div><\/div><\/div><\/div><\/div><\/div><\/div><\/section><section id=\"bt_section69efb09af1aa9\"  class=\"boldSection gutter\" ><div class=\"port\"><div class=\"boldCell\"><div class=\"boldCellInner\"><div class=\"boldRow \" ><div class=\"boldRowInner\"><div class=\"rowItem col-md-4 col-ms-12 btTextLeft\"  data-width=\"4\"><div class=\"rowItemContent\" ><div class=\"btText\" ><p>Aqu\u00ed podremos encontrar especies de plantas que no existen en ning\u00fan otro lugar del planeta (endemismos) y que para subsistir han tenido que desarrollar estrategias de supervivencia espectaculares y de las que podremos aprender mucho. Un dato llamativo respecto a las plantas es que muchas de ellas florecen en oto\u00f1o, por lo que visitar el parque en esta estaci\u00f3n del a\u00f1o puede sorprendernos<\/p>\n<\/div><\/div><\/div><div class=\"rowItem col-md-8 col-ms-12 btTextLeft\"  data-width=\"8\"><div class=\"rowItemContent\" ><div class=\"bpgPhoto \" ><div class = \"btImage\"><img src=\"https:\/\/mojateporlavida.org\/wp-content\/uploads\/2017\/06\/1200px-Antirrhinum_charidemi1.jpg\" alt=\"\" title=\"\"><\/div><\/div><header class=\"header btClear small\" ><div class=\"btSuperTitle\"><span>dragoncillo del Cabo de Gata, boca de drag\u00f3n, conejito del Cabo, perrito<\/span><\/div><div class=\"dash\"><h4><span class=\"headline\">Antirrhinum charidemi<\/span><\/h4><\/div><div class=\"btSubTitle\">Wikipedia<\/div><\/header><\/div><\/div><\/div><\/div><\/div><\/div><\/div><\/section><section id=\"bt_section69efb09af220d\"  class=\"boldSection gutter\" ><div class=\"port\"><div class=\"boldCell\"><div class=\"boldCellInner\"><div class=\"boldRow \" ><div class=\"boldRowInner\"><div class=\"rowItem col-md-12 col-ms-12  btTextLeft\"  data-width=\"12\"><div class=\"rowItemContent\" ><div class=\"btClear btSeparator topSmallSpaced bottomSmallSpaced noBorder\" ><hr><\/div><\/div><\/div><\/div><\/div><\/div><\/div><\/div><\/section><section id=\"bt_section69efb09af2375\"  class=\"boldSection gutter\" ><div class=\"port\"><div class=\"boldCell\"><div class=\"boldCellInner\"><div class=\"boldRow \" ><div class=\"boldRowInner\"><div class=\"rowItem col-md-8 col-ms-12 btTextLeft\"  data-width=\"8\"><div class=\"rowItemContent\" ><div class=\"btText\" ><p>Podremos encontrar animales (lagartijas, erizos, culebras, etc.), que se refugian en uno de los pocos espacios inalterado que les quedan. Los aficionados a las aves tambi\u00e9n tienen su peque\u00f1o para\u00edso aqu\u00ed en Cabo de Gata-N\u00edjar, a los p\u00e1jaros que residen aqu\u00ed todo el a\u00f1o se le suman las especies que pasan en su viaje hacia \u00c1frica o Europa en las migraciones y que usan este espacio como parada de avituallamiento antes o despu\u00e9s de enfrentarse al mar<\/p>\n<\/div><\/div><\/div><div class=\"rowItem col-md-4 col-ms-12 btTextLeft\"  data-width=\"4\"><div class=\"rowItemContent\" ><div class=\"bpgPhoto \" ><div class = \"btImage\"><img src=\"https:\/\/mojateporlavida.org\/wp-content\/uploads\/2017\/06\/Benny_Trapp_Acanthodactylus_erythrurus.jpg\" alt=\"\" title=\"\"><\/div><\/div><\/div><\/div><\/div><\/div><\/div><\/div><\/div><\/section><section id=\"bt_section69efb09af293c\"  class=\"boldSection gutter\" ><div class=\"port\"><div class=\"boldCell\"><div class=\"boldCellInner\"><div class=\"boldRow \" ><div class=\"boldRowInner\"><div class=\"rowItem col-md-12 col-ms-12  btTextLeft\"  data-width=\"12\"><div class=\"rowItemContent\" ><div class=\"btClear btSeparator topSmallSpaced bottomSmallSpaced noBorder\" ><hr><\/div><\/div><\/div><\/div><\/div><\/div><\/div><\/div><\/section><section id=\"bt_section69efb09af2b3b\"  class=\"boldSection gutter\" ><div class=\"port\"><div class=\"boldCell\"><div class=\"boldCellInner\"><div class=\"boldRow \" ><div class=\"boldRowInner\"><div class=\"rowItem col-md-4 col-ms-12 btTextLeft\"  data-width=\"4\"><div class=\"rowItemContent\" ><div class=\"bpgPhoto \" ><div class = \"btImage\"><img src=\"https:\/\/mojateporlavida.org\/wp-content\/uploads\/2017\/06\/21-Palmito.jpg\" alt=\"\" title=\"\"><\/div><\/div><\/div><\/div><div class=\"rowItem col-md-8 col-ms-12 btTextLeft\"  data-width=\"8\"><div class=\"rowItemContent\" ><div class=\"btText\" ><p>La vegetaci\u00f3n que predomina es de tipo matorral lo que nos permite apreciar los detalles del paisaje (rocas, formaciones geol\u00f3gicas, etc.) por lo que es importante aprender a identificar esos elementos y disfrutarlos.<\/p>\n<\/div><\/div><\/div><\/div><\/div><\/div><\/div><\/div><\/section><section id=\"bt_section69efb09af31c9\"  class=\"boldSection gutter\" ><div class=\"port\"><div class=\"boldCell\"><div class=\"boldCellInner\"><div class=\"boldRow \" ><div class=\"boldRowInner\"><div class=\"rowItem col-md-12 col-ms-12  btTextLeft\"  data-width=\"12\"><div class=\"rowItemContent\" ><div class=\"btClear btSeparator topSmallSpaced bottomSmallSpaced noBorder\" ><hr><\/div><\/div><\/div><\/div><\/div><\/div><\/div><\/div><\/section><section id=\"bt_section69efb09af33cd\"  class=\"boldSection gutter\" ><div class=\"port\"><div class=\"boldCell\"><div class=\"boldCellInner\"><div class=\"boldRow \" ><div class=\"boldRowInner\"><div class=\"rowItem col-md-8 col-ms-12 btTextLeft\"  data-width=\"8\"><div class=\"rowItemContent\" ><div class=\"btText\" ><p>El paisaje en s\u00ed mismo ya es un lujo por su variedad (sierra, estepa, playa, acantilados, etc..) su colorido\u00a0 y las emociones que nos embargan al mirar con detenimiento.<\/p>\n<p>Dentro de la franja marina podremos disfrutar de h\u00e1bitats inalterados, cangrejos corriendo por la roca, lapas de diferentes tipos, b\u00edgaros, etc. Imposibles de encontrar en la mayor\u00eda del litoral espa\u00f1ol por la degradaci\u00f3n que han sufrido estas zonas en pro del turismo en la mayor\u00eda de las ocasiones<\/p>\n<\/div><\/div><\/div><div class=\"rowItem col-md-4 col-ms-12 btTextLeft\"  data-width=\"4\"><div class=\"rowItemContent\" ><div class=\"bpgPhoto \" ><div class = \"btImage\"><img src=\"https:\/\/mojateporlavida.org\/wp-content\/uploads\/2017\/06\/Cabo_gata_monsul.jpg\" alt=\"\" title=\"\"><\/div><\/div><\/div><\/div><\/div><\/div><\/div><\/div><\/div><\/section><section id=\"bt_section69efb09af3a56\"  class=\"boldSection gutter\" ><div class=\"port\"><div class=\"boldCell\"><div class=\"boldCellInner\"><div class=\"boldRow \" ><div class=\"boldRowInner\"><div class=\"rowItem col-md-12 col-ms-12  btTextLeft\"  data-width=\"12\"><div class=\"rowItemContent\" ><div class=\"btClear btSeparator topSmallSpaced bottomSmallSpaced noBorder\" ><hr><\/div><\/div><\/div><\/div><\/div><\/div><\/div><\/div><\/section><section id=\"bt_section69efb09af3c63\"  class=\"boldSection gutter\" ><div class=\"port\"><div class=\"boldCell\"><div class=\"boldCellInner\"><div class=\"boldRow \" ><div class=\"boldRowInner\"><div class=\"rowItem col-md-4 col-ms-12 btTextLeft\"  data-width=\"4\"><div class=\"rowItemContent\" ><div class=\"bpgPhoto \" ><div class = \"btImage\"><img src=\"https:\/\/mojateporlavida.org\/wp-content\/uploads\/2017\/06\/29676_030810mediterrano2.jpg\" alt=\"\" title=\"\"><\/div><\/div><\/div><\/div><div class=\"rowItem col-md-8 col-ms-12 btTextLeft\"  data-width=\"8\"><div class=\"rowItemContent\" ><div class=\"btText\" ><p>Bajo el agua nos esperan fondo de arena, de roca y de praderas de posidonia con toda la biodiversidad que albergan. La trasparencia de las aguas, la intensidad del sol y la temperatura del agua hacen que un simple ba\u00f1o con unas gafas se convierta en una experiencia \u00fanica<\/p>\n<\/div><\/div><\/div><\/div><\/div><\/div><\/div><\/div><\/section><section id=\"bt_section69efb09b00020\"  class=\"boldSection gutter\" ><div class=\"port\"><div class=\"boldCell\"><div class=\"boldCellInner\"><div class=\"boldRow \" ><div class=\"boldRowInner\"><div class=\"rowItem col-md-12 col-ms-12  btTextLeft\"  data-width=\"12\"><div class=\"rowItemContent\" ><div class=\"btClear btSeparator topSmallSpaced bottomSmallSpaced noBorder\" ><hr><\/div><\/div><\/div><\/div><\/div><\/div><\/div><\/div><\/section><section id=\"bt_section69efb09b00226\"  class=\"boldSection gutter\" ><div class=\"port\"><div class=\"boldCell\"><div class=\"boldCellInner\"><div class=\"boldRow \" ><div class=\"boldRowInner\"><div class=\"rowItem col-md-12 col-ms-12  btTextLeft\"  data-width=\"12\"><div class=\"rowItemContent\" ><div class=\"btText\" ><p>Tampoco debemos olvidar a las personas que habitan este parque natural. Dentro de \u00e9l existen algunos n\u00facleos de poblaci\u00f3n peque\u00f1os donde la vida trascurre en armon\u00eda con el paisaje realizando las tareas tradicionales (agricultura, ganader\u00eda, pesca, artesan\u00eda, etc.) que han aportado al paisaje un buen n\u00famero de elementos patrimoniales de primer orden a lo largo de los siglos (aljibes, sesteros, embarcaderos, etc.) Las actividades humanas han dejado huella en el territorio&#8230;lo que tambi\u00e9n nos ayuda a entender nuestro pasado\u2026<\/p>\n<\/div><\/div><\/div><\/div><\/div><\/div><\/div><\/div><\/section><section id=\"bt_section69efb09b00600\"  class=\"boldSection gutter\" ><div class=\"port\"><div class=\"boldCell\"><div class=\"boldCellInner\"><div class=\"boldRow \" ><div class=\"boldRowInner\"><div class=\"rowItem col-md-12 col-ms-12  btTextLeft\"  data-width=\"12\"><div class=\"rowItemContent\" ><div class=\"btClear btSeparator topSmallSpaced bottomSmallSpaced noBorder\" ><hr><\/div><\/div><\/div><\/div><\/div><\/div><\/div><\/div><\/section><section id=\"bt_section69efb09b00830\"  class=\"boldSection gutter\" ><div class=\"port\"><div class=\"boldCell\"><div class=\"boldCellInner\"><div class=\"boldRow \" ><div class=\"boldRowInner\"><div class=\"rowItem col-md-4 col-ms-12 btTextLeft\"  data-width=\"4\"><div class=\"rowItemContent\" ><div class=\"bpgPhoto \" ><div class = \"btImage\"><img src=\"https:\/\/mojateporlavida.org\/wp-content\/uploads\/2017\/06\/ganaderia.jpg\" alt=\"\" title=\"\"><\/div><\/div><\/div><\/div><div class=\"rowItem col-md-4 col-ms-12 btTextLeft\"  data-width=\"4\"><div class=\"rowItemContent\" ><div class=\"bpgPhoto \" ><div class = \"btImage\"><img src=\"https:\/\/mojateporlavida.org\/wp-content\/uploads\/2017\/06\/caminata-san-jose-playa-de-los-genoveses-cabo-de-gata-img_20170325_131600871-copia-1024.jpg\" alt=\"\" title=\"\"><\/div><\/div><\/div><\/div><div class=\"rowItem col-md-4 col-ms-12 btTextLeft\"  data-width=\"4\"><div class=\"rowItemContent\" ><div class=\"bpgPhoto \" ><div class = \"btImage\"><img src=\"https:\/\/mojateporlavida.org\/wp-content\/uploads\/2017\/06\/cortijo.jpg\" alt=\"\" title=\"\"><\/div><\/div><\/div><\/div><\/div><\/div><\/div><\/div><\/div><\/section><section id=\"bt_section69efb09b01446\"  class=\"boldSection gutter\" ><div class=\"port\"><div class=\"boldCell\"><div class=\"boldCellInner\"><div class=\"boldRow \" ><div class=\"boldRowInner\"><div class=\"rowItem col-md-12 col-ms-12  btTextLeft\"  data-width=\"12\"><div class=\"rowItemContent\" ><div class=\"btClear btSeparator topSmallSpaced bottomSmallSpaced noBorder\" ><hr><\/div><\/div><\/div><\/div><\/div><\/div><\/div><\/div><\/section><section id=\"bt_section69efb09b01565\"  class=\"boldSection gutter\" ><div class=\"port\"><div class=\"boldCell\"><div class=\"boldCellInner\"><div class=\"boldRow \" ><div class=\"boldRowInner\"><div class=\"rowItem col-md-12 col-ms-12  btTextLeft\"  data-width=\"12\"><div class=\"rowItemContent\" ><div class=\"btText\" ><p>La poblaci\u00f3n residente es muy baja, pero en \u00e9poca estival el n\u00famero de visitantes se dispara sometiendo\u00a0 este espacio a una presi\u00f3n absoluta, especialmente la franja litoral, donde la presencia humana se intensifica modific\u00e1ndolo todo (coches, basuras, servicios, etc.)<\/p>\n<p>No hay duda de que el turismo es una gran oportunidad para este espacio, pero tambi\u00e9n este espacio es una gran oportunidad para el ser humano y debamos trabajar entre todos, concienciarnos de su importancia y colaborar en su conservaci\u00f3n.<\/p>\n<\/div><header class=\"header btClear medium  btHeaderAccent2\" ><div class=\"dash\"><h3><span class=\"headline\">Queremos que \u201cOWS Cabo de Gata-Nijar Swin Project\u201d sea un ejemplo de que se pueden hacer las cosas respetando el medio ambiente y entendiendo sus l\u00edmites, ayudando as\u00ed a \u00abconectar a las personas con la naturaleza\u00ab.\r<br>Yo me mojo por la vida, y t\u00fa? #mojateporlavida<\/span><\/h3><\/div><div class=\"btSubTitle\">#DiaMundialdelMedioAmbiente<\/div><\/header><div class=\"bpgPhoto \" ><div class = \"btImage\"><img src=\"https:\/\/mojateporlavida.org\/wp-content\/uploads\/2017\/06\/IWN_WED_UNEP_spanish_fullcolor.jpg\" alt=\"\" title=\"\"><\/div><\/div><\/div><\/div><\/div><\/div><\/div><\/div><\/div><\/section>","protected":false},"excerpt":{"rendered":"<p>Seguro que has oido hablar del Cabo de Gata. Para nosotros y nosotras es un privilegio poder desarrollar nuestro reto deportivo en el Parque Natural Cabo de Gata-N\u00edjar. Coincidiendo con el D\u00eda Mundial del Medio Ambiente, hablamos sobre este espacio natural.<\/p>\n","protected":false},"author":2,"featured_media":5541,"comment_status":"open","ping_status":"open","sticky":false,"template":"","format":"audio","meta":[],"categories":[156],"tags":[223,219,226,227,224,225,228],"_links":{"self":[{"href":"https:\/\/mojateporlavida.org\/index.php?rest_route=\/wp\/v2\/posts\/5536"}],"collection":[{"href":"https:\/\/mojateporlavida.org\/index.php?rest_route=\/wp\/v2\/posts"}],"about":[{"href":"https:\/\/mojateporlavida.org\/index.php?rest_route=\/wp\/v2\/types\/post"}],"author":[{"embeddable":true,"href":"https:\/\/mojateporlavida.org\/index.php?rest_route=\/wp\/v2\/users\/2"}],"replies":[{"embeddable":true,"href":"https:\/\/mojateporlavida.org\/index.php?rest_route=%2Fwp%2Fv2%2Fcomments&post=5536"}],"version-history":[{"count":19,"href":"https:\/\/mojateporlavida.org\/index.php?rest_route=\/wp\/v2\/posts\/5536\/revisions"}],"predecessor-version":[{"id":5905,"href":"https:\/\/mojateporlavida.org\/index.php?rest_route=\/wp\/v2\/posts\/5536\/revisions\/5905"}],"wp:featuredmedia":[{"embeddable":true,"href":"https:\/\/mojateporlavida.org\/index.php?rest_route=\/wp\/v2\/media\/5541"}],"wp:attachment":[{"href":"https:\/\/mojateporlavida.org\/index.php?rest_route=%2Fwp%2Fv2%2Fmedia&parent=5536"}],"wp:term":[{"taxonomy":"category","embeddable":true,"href":"https:\/\/mojateporlavida.org\/index.php?rest_route=%2Fwp%2Fv2%2Fcategories&post=5536"},{"taxonomy":"post_tag","embeddable":true,"href":"https:\/\/mojateporlavida.org\/index.php?rest_route=%2Fwp%2Fv2%2Ftags&post=5536"}],"curies":[{"name":"wp","href":"https:\/\/api.w.org\/{rel}","templated":true}]}}