{"id":5507,"date":"2017-07-12T07:00:35","date_gmt":"2017-07-12T05:00:35","guid":{"rendered":"http:\/\/mojateporlavida.org\/?p=5507"},"modified":"2017-07-19T13:37:48","modified_gmt":"2017-07-19T11:37:48","slug":"pescartes-se-moja-por-la-vida","status":"publish","type":"post","link":"https:\/\/mojateporlavida.org\/?p=5507","title":{"rendered":"\u00abPESCARTES\u00bb se moja por la vida, y t\u00fa?"},"content":{"rendered":"<section id=\"bt_section69efac83ebd2b\"  class=\"boldSection gutter\" ><div class=\"port\"><div class=\"boldCell\"><div class=\"boldCellInner\"><\/div><\/div><\/div><\/section><section id=\"bt_section69efac83ebea6\"  class=\"boldSection gutter\" ><div class=\"port\"><div class=\"boldCell\"><div class=\"boldCellInner\"><div class=\"boldRow \" ><div class=\"boldRowInner\"><div class=\"rowItem col-md-4 col-ms-12 btTextLeft\"  data-width=\"4\"><div class=\"rowItemContent\" ><div class=\"bpgPhoto \" ><div class = \"btImage\"><img src=\"https:\/\/mojateporlavida.org\/wp-content\/uploads\/2017\/01\/PESCARTES.jpg\" alt=\"\" title=\"\"><\/div><\/div><div class=\"btClear btSeparator topExtraSmallSpaced bottomExtraSmallSpaced noBorder\" ><hr><\/div><div class=\"bpgPhoto \" ><div class = \"btImage\"><img src=\"https:\/\/mojateporlavida.org\/wp-content\/uploads\/2017\/07\/pescartes-1.jpg\" alt=\"\" title=\"\"><\/div><\/div><div class=\"btClear btSeparator topExtraSmallSpaced bottomExtraSmallSpaced noBorder\" ><hr><\/div><div class=\"bpgPhoto \" ><div class = \"btImage\"><img src=\"https:\/\/mojateporlavida.org\/wp-content\/uploads\/2017\/07\/Pulpo-seco-027.jpg\" alt=\"\" title=\"\"><\/div><\/div><div class=\"btClear btSeparator topExtraSmallSpaced bottomExtraSmallSpaced noBorder\" ><hr><\/div><div class=\"bpgPhoto \" ><div class = \"btImage\"><img src=\"https:\/\/mojateporlavida.org\/wp-content\/uploads\/2017\/07\/100_0608.jpg\" alt=\"\" title=\"\"><\/div><\/div><\/div><\/div><div class=\"rowItem col-md-8 col-ms-12 btTextLeft\"  data-width=\"8\"><div class=\"rowItemContent\" ><header class=\"header btClear medium  btHeaderAccent1\" ><div class=\"dash\"><h3><span class=\"headline\">Asociaci\u00f3n de Pescadores Artesanales del\r<br>Parque Natural de Cabo de Gata-Nijar:\r<br>\u00abPESCARTES\u00ab<\/span><\/h3><\/div><\/header><div class=\"btText\" ><p>Pescartes es una asociaci\u00f3n de pescadores profesionales de artes menores que faenan en las aguas del Parque Natural de Cabo de Gata-Nijar.<\/p>\n<p>Naci\u00f3 en 2004 por iniciativa de los pescadores, con el af\u00e1n de defender esta forma de vida tradicional y muy arraigada en el territorio.<\/p>\n<\/div><div class=\"btClear btSeparator topExtraSmallSpaced bottomExtraSmallSpaced noBorder\" ><hr><\/div><div class=\"bpgPhoto \" ><div class = \"btImage\"><img src=\"https:\/\/mojateporlavida.org\/wp-content\/uploads\/2017\/07\/Barcas-del-cabo-100_0542.jpg\" alt=\"\" title=\"\"><\/div><\/div><div class=\"btClear btSeparator topExtraSmallSpaced bottomExtraSmallSpaced noBorder\" ><hr><\/div><div class=\"btText\" ><p>Los pescadores est\u00e1n muy orgullosos de su labor y quieren abrirse a la sociedad y ser conocidos.\u00a0 Tambi\u00e9n quieren respeto y el reconocimiento a una forma de vida milenaria, sostenible y en armon\u00eda con el mar.<\/p>\n<p>Desde su creaci\u00f3n, la asociaci\u00f3n ha llevado a cabo multitud de iniciativas en relaci\u00f3n a la pesca artesanal, pero sin dejar de lado tampoco, la protecci\u00f3n del medio ambiente y su compromiso con el territorio. Para ello, los propios pescadores, han realizado campa\u00f1as de sensibilizaci\u00f3n ambiental a trav\u00e9s de la pesca y han colaborado con otras entidades en los programas de desarrollo sostenible, e investigaci\u00f3n dentro del espacio natural, en el que desarrollan su trabajo y su vida.<\/p>\n<p>Siempre se muestra generosos compartiendo el conocimiento profundo de este mar que atesoran.<\/p>\n<p>En nuestro reto, se han comprometido desde el inicio, aportando recursos\u00a0 y entusiasmo. Adem\u00e1s son los responsables de orientarnos en la manera de conducirnos dentro de un espacio natural, ense\u00f1\u00e1ndonos a valorarlo a trav\u00e9s del conocimiento. Sus barcos ser\u00e1n los que nos acompa\u00f1en durante todo el recorrido y su conocimiento de las aguas y del parque ser\u00e1 vital para llegar a buen puerto.<\/p>\n<\/div><div class=\"btClear btSeparator topExtraSmallSpaced bottomExtraSmallSpaced noBorder\" ><hr><\/div><div class=\"bpgPhoto \" ><div class = \"btImage\"><img src=\"https:\/\/mojateporlavida.org\/wp-content\/uploads\/2017\/07\/Moruna-Instalacio\u0301n-050507-013.jpg\" alt=\"\" title=\"\"><\/div><\/div><div class=\"btClear btSeparator topExtraSmallSpaced bottomExtraSmallSpaced noBorder\" ><hr><\/div><\/div><\/div><\/div><\/div><\/div><\/div><\/div><\/section><section id=\"bt_section69efac83ee4d6\"  class=\"boldSection gutter\" ><div class=\"port\"><div class=\"boldCell\"><div class=\"boldCellInner\"><div class=\"boldRow \" ><div class=\"boldRowInner\"><div class=\"rowItem col-md-12 col-ms-12  btTextLeft\"  data-width=\"12\"><div class=\"rowItemContent\" ><div class=\"btText\" ><p><iframe loading=\"lazy\" width=\"1200\" height=\"675\" src=\"https:\/\/www.youtube.com\/embed\/cxLvTkmfIww?feature=oembed\" frameborder=\"0\" allowfullscreen><\/iframe><\/p>\n<\/div><\/div><\/div><\/div><\/div><\/div><\/div><\/div><\/section><section id=\"bt_section69efac83ee936\"  class=\"boldSection gutter\" ><div class=\"port\"><div class=\"boldCell\"><div class=\"boldCellInner\"><div class=\"boldRow \" ><div class=\"boldRowInner\"><div class=\"rowItem col-md-12 col-ms-12  btTextLeft\"  data-width=\"12\"><div class=\"rowItemContent\" ><header class=\"header btClear large  btHeaderAccent3\" ><div class=\"dash\"><h2><span class=\"headline\">\u00a1\u00a1Muchas gracias a Pescartes por mojarse por la vida!!\r<br>\r<br>Yo me mojo por la vida, y t\u00fa? #mojateporlavida <\/span><\/h2><\/div><\/header><\/div><\/div><\/div><\/div><\/div><\/div><\/div><\/section>","protected":false},"excerpt":{"rendered":"<p>Pescartes es una asociaci\u00f3n de pescadores profesionales de artes menores que faenan en las aguas del Parque Natural de Cabo de Gata-Nijar. Nos acompa\u00f1ar\u00e1n en el reto con sus barcos.<\/p>\n","protected":false},"author":1,"featured_media":3958,"comment_status":"open","ping_status":"open","sticky":false,"template":"","format":"video","meta":[],"categories":[84,169],"tags":[114,243,217,220,93,219,218,216],"_links":{"self":[{"href":"https:\/\/mojateporlavida.org\/index.php?rest_route=\/wp\/v2\/posts\/5507"}],"collection":[{"href":"https:\/\/mojateporlavida.org\/index.php?rest_route=\/wp\/v2\/posts"}],"about":[{"href":"https:\/\/mojateporlavida.org\/index.php?rest_route=\/wp\/v2\/types\/post"}],"author":[{"embeddable":true,"href":"https:\/\/mojateporlavida.org\/index.php?rest_route=\/wp\/v2\/users\/1"}],"replies":[{"embeddable":true,"href":"https:\/\/mojateporlavida.org\/index.php?rest_route=%2Fwp%2Fv2%2Fcomments&post=5507"}],"version-history":[{"count":10,"href":"https:\/\/mojateporlavida.org\/index.php?rest_route=\/wp\/v2\/posts\/5507\/revisions"}],"predecessor-version":[{"id":5828,"href":"https:\/\/mojateporlavida.org\/index.php?rest_route=\/wp\/v2\/posts\/5507\/revisions\/5828"}],"wp:featuredmedia":[{"embeddable":true,"href":"https:\/\/mojateporlavida.org\/index.php?rest_route=\/wp\/v2\/media\/3958"}],"wp:attachment":[{"href":"https:\/\/mojateporlavida.org\/index.php?rest_route=%2Fwp%2Fv2%2Fmedia&parent=5507"}],"wp:term":[{"taxonomy":"category","embeddable":true,"href":"https:\/\/mojateporlavida.org\/index.php?rest_route=%2Fwp%2Fv2%2Fcategories&post=5507"},{"taxonomy":"post_tag","embeddable":true,"href":"https:\/\/mojateporlavida.org\/index.php?rest_route=%2Fwp%2Fv2%2Ftags&post=5507"}],"curies":[{"name":"wp","href":"https:\/\/api.w.org\/{rel}","templated":true}]}}