{"id":5476,"date":"2017-05-29T08:00:05","date_gmt":"2017-05-29T06:00:05","guid":{"rendered":"http:\/\/mojateporlavida.org\/?p=5476"},"modified":"2017-05-28T23:59:29","modified_gmt":"2017-05-28T21:59:29","slug":"ii-edicion-de-la-mediterranean-coast-challenge-altea","status":"publish","type":"post","link":"https:\/\/mojateporlavida.org\/?p=5476","title":{"rendered":"II Edici\u00f3n de la Mediterranean  Coast Challenge (ALTEA)"},"content":{"rendered":"<section id=\"bt_section69ef977d582aa\"  class=\"boldSection gutter\" ><div class=\"port\"><div class=\"boldCell\"><div class=\"boldCellInner\"><div class=\"boldRow \" ><div class=\"boldRowInner\"><div class=\"rowItem col-md-4 col-ms-12 btTextLeft\"  data-width=\"4\"><div class=\"rowItemContent\" ><div class=\"bpgPhoto \" ><div class = \"btImage\"><img src=\"https:\/\/mojateporlavida.org\/wp-content\/uploads\/2016\/11\/SASI.jpg\" alt=\"\" title=\"\"><\/div><\/div><\/div><\/div><div class=\"rowItem col-md-8 col-ms-12 btTextLeft\"  data-width=\"8\"><div class=\"rowItemContent\" ><header class=\"header btClear small\" ><div class=\"btSuperTitle\"><span>Cr\u00f3nica de la traves\u00eda<\/span><\/div><div class=\"dash\"><h4><span class=\"headline\">SASI BARROSO<\/span><\/h4><\/div><\/header><div class=\"btText\" ><p>Sasi Barroso, una de nuestras nadadoras del reto, nos hace su cr\u00f3nica particular de esta estupenda traves\u00eda.<\/p>\n<\/div><\/div><\/div><\/div><\/div><\/div><\/div><\/div><\/section><section id=\"bt_section69ef977d58f02\"  class=\"boldSection topSpaced gutter inherit\" ><div class=\"port\"><div class=\"boldCell\"><div class=\"boldCellInner\"><div class=\"boldRow visible-md visible-lg visible-xl\" ><div class=\"boldRowInner\"><div class=\"rowItem col-md-3 col-sm-6 col-ms-12 btTextLeft animate animate-fadein animate-moveright inherit\" style=\"background-color: rgba(79, 180, 205, 1); \" data-width=\"3\"><div class=\"rowItemContent\" ><div class=\"btClear btSeparator topExtraSmallSpaced noBorder\"  style=\"padding-top: 4px;\"><hr><\/div><\/div><\/div><div class=\"rowItem col-md-3 col-sm-6 col-ms-12 btTextLeft animate animate-fadein animate-moveright inherit\" style=\"background-color: rgba(68, 194, 115, 1); \" data-width=\"3\"><div class=\"rowItemContent\" ><div class=\"btClear btSeparator topExtraSmallSpaced noBorder\"  style=\"padding-top: 4px;\"><hr><\/div><\/div><\/div><div class=\"rowItem col-md-3 col-sm-6 col-ms-12 btTextLeft animate animate-fadein animate-moveright inherit\" style=\"background-color: rgba(219, 94, 55, 1); \" data-width=\"3\"><div class=\"rowItemContent\" ><div class=\"btClear btSeparator topExtraSmallSpaced noBorder\"  style=\"padding-top: 4px;\"><hr><\/div><\/div><\/div><div class=\"rowItem col-md-3 col-sm-6 col-ms-12 btTextLeft animate animate-fadein animate-moveright inherit\" style=\"background-color: rgba(218, 167, 34, 1); \" data-width=\"3\"><div class=\"rowItemContent\" ><div class=\"btClear btSeparator topExtraSmallSpaced noBorder\"  style=\"padding-top: 4px;\"><hr><\/div><\/div><\/div><\/div><\/div><\/div><\/div><\/div><\/section><section id=\"bt_section69ef977d592d2\"  class=\"boldSection gutter\" ><div class=\"port\"><div class=\"boldCell\"><div class=\"boldCellInner\"><div class=\"boldRow \" ><div class=\"boldRowInner\"><div class=\"rowItem col-md-4 col-ms-12 btTextLeft\"  data-width=\"4\"><div class=\"rowItemContent\" ><div class=\"btClear btSeparator topExtraSmallSpaced bottomExtraSmallSpaced noBorder\" ><hr><\/div><div class=\"bpgPhoto \" ><div class = \"btImage\"><img src=\"https:\/\/mojateporlavida.org\/wp-content\/uploads\/2017\/05\/mediterraneancoastchallenge17.jpg\" alt=\"\" title=\"\"><\/div><\/div><div class=\"btClear btSeparator topExtraSmallSpaced bottomExtraSmallSpaced noBorder\" ><hr><\/div><\/div><\/div><div class=\"rowItem col-md-8 col-ms-12 btTextLeft\"  data-width=\"8\"><div class=\"rowItemContent\" ><div class=\"btClear btSeparator topExtraSmallSpaced bottomExtraSmallSpaced noBorder\" ><hr><\/div><div class=\"btText\" ><p>Llegamos el s\u00e1bado 13 de mayo por la tarde a Altea, con un tiempo espectacular.<br \/>\nRecogimos las bolsas de nadadores, escuchamos la presentaci\u00f3n de la prueba y recibimos informaci\u00f3n del reto de \u201cBrazadas de vida\u201d. La organizaci\u00f3n colabor\u00f3 con este reto solidario y se present\u00f3 su video promocional.<br \/>\nDespu\u00e9s un peque\u00f1o aperitivo al aire libre, que nos sirvi\u00f3 de cena y un poquito de ruido valenciano, unos petardicos, nos fuimos a tomar un helado al paseo mar\u00edtimo, nos asomamos al mar y estaba muy tranquilo, sin viento, sin olas.<br \/>\nNos dirigimos al hotel y nos acostamos con la esperanza que esta segunda edici\u00f3n de la Mediterranean Coast Challenge, el mar nos diera tregua. El a\u00f1o pasado hice la de 5,5 km con mi amiga y compa\u00f1era TurAniAnA Ainhoa, y fue dur\u00edsima. Olas, corrientes, picadura de medusa en la frente, fr\u00edo, mar turbio, poca visibilidad de las boyas de se\u00f1alizaci\u00f3n de la prueba, toda una odisea, pero conseguimos terminar la prueba las dos muy orgullosas de nuestro sacrificio.<\/p>\n<\/div><\/div><\/div><\/div><\/div><\/div><\/div><\/div><\/section><section id=\"bt_section69ef977d59a94\"  class=\"boldSection gutter\" ><div class=\"port\"><div class=\"boldCell\"><div class=\"boldCellInner\"><div class=\"boldRow \" ><div class=\"boldRowInner\"><div class=\"rowItem col-md-8 col-ms-12 btTextLeft\"  data-width=\"8\"><div class=\"rowItemContent\" ><div class=\"bpgPhoto \" ><div class = \"btImage\"><img src=\"https:\/\/mojateporlavida.org\/wp-content\/uploads\/2017\/05\/todos-mediteraneanturaniana.jpg\" alt=\"\" title=\"\"><\/div><\/div><div class=\"btClear btSeparator topSmallSpaced bottomSmallSpaced noBorder\" ><hr><\/div><\/div><\/div><div class=\"rowItem col-md-4 col-ms-12 btTextLeft\"  data-width=\"4\"><div class=\"rowItemContent\" ><div class=\"btClear btSeparator topExtraSmallSpaced bottomExtraSmallSpaced noBorder\" ><hr><\/div><div class=\"btText\" ><p>Este a\u00f1o, me estrenaba con 10 km al lado de mis compa\u00f1eros del CD TurAniAnA: Sagrario, Antonio y Gaby. La MediterraneanPRO personalmente ser\u00eda crucial para sentirme capaz de afrontar el reto de este verano, nadar 60 km de la costa del Parque Natural del Cabo de Gata en 5 etapas.<\/p>\n<\/div><\/div><\/div><\/div><\/div><\/div><\/div><\/div><\/section><section id=\"bt_section69ef977d59f80\"  class=\"boldSection gutter\" ><div class=\"port\"><div class=\"boldCell\"><div class=\"boldCellInner\"><div class=\"boldRow \" ><div class=\"boldRowInner\"><div class=\"rowItem col-md-12 col-ms-12  btTextLeft\"  data-width=\"12\"><div class=\"rowItemContent\" ><div class=\"btClear btSeparator topSmallSpaced bottomSmallSpaced noBorder\" ><hr><\/div><div class=\"btText\" ><p>La MediterraneanPRO transcurri\u00f3 por la bah\u00eda que une el Alf\u00e0s del Pi y\u00a0 Altea. Es de agradecer a la organizaci\u00f3n el prop\u00f3sito de mejora contemplando las quejas recibidas en la encuesta del a\u00f1o pasado por la falta de boyas en el recorrido. Este a\u00f1o hab\u00eda boyas cada 500-600 m y Adem\u00e1s, el circuito de 10 km este a\u00f1o era lineal.<br \/>\nEl domingo 14 de mayo, con un poco de retraso sobre el horario previsto, nos recog\u00eda un autob\u00fas en el puerto de Altea para llevarnos a la zona de la salida, la playa de la Olla, y solo pod\u00edamos llevar lo indispensable para nadar.<\/p>\n<p>De primeras, parec\u00eda que el tiempo estaba tranquilo. Salimos sobre las 8:30 y ten\u00edamos que nadar de frente hasta un islote y dejarlo a nuestra derecha para seguir direcci\u00f3n a Punta Bombarda dejando por seguridad las boyas a la izquierda hasta llegar a la zona d\u00f3nde nos solap\u00e1bamos con el circuito de los nadadores de 5,5 km, d\u00f3nde hab\u00eda que dejar ya las boyas a la derecha.<\/p>\n<p>Este a\u00f1o, las boyas personales eran obligatorias para garantizar la seguridad de los participantes, y la verdad, era de agradecer. Cuando levantabas la cabeza se divisaba f\u00e1cilmente a los nadadores por los colores fosforitos de las boyas y de los gorros verdes de la prueba.<\/p>\n<\/div><div class=\"btClear btSeparator topSmallSpaced bottomSmallSpaced noBorder\" ><hr><\/div><\/div><\/div><\/div><\/div><\/div><\/div><\/div><\/section><section id=\"bt_section69ef977d5a380\"  class=\"boldSection gutter\" ><div class=\"port\"><div class=\"boldCell\"><div class=\"boldCellInner\"><div class=\"boldRow \" ><div class=\"boldRowInner\"><div class=\"rowItem col-md-4 col-ms-12 btTextLeft\"  data-width=\"4\"><div class=\"rowItemContent\" ><div class=\"btClear btSeparator topSemiSpaced bottomSemiSpaced noBorder\" ><hr><\/div><div class=\"bpgPhoto \" ><div class = \"btImage\"><img src=\"https:\/\/mojateporlavida.org\/wp-content\/uploads\/2017\/05\/sasimediterranean.jpg\" alt=\"\" title=\"\"><\/div><\/div><div class=\"btClear btSeparator topSemiSpaced bottomSemiSpaced noBorder\" ><hr><\/div><div class=\"bpgPhoto \" ><div class = \"btImage\"><img src=\"https:\/\/mojateporlavida.org\/wp-content\/uploads\/2017\/05\/Posidonia.jpg\" alt=\"\" title=\"Pradera de Posidonia oceanica en Formentera.\npradera de Posidonia donde hemos encontrado los organismos m\u00e1s longevos del planeta, clones de Posidonia de cerca de 100,000 a\u00f1os de edad.\"><\/div><\/div><\/div><\/div><div class=\"rowItem col-md-8 col-ms-12 btTextLeft\"  data-width=\"8\"><div class=\"rowItemContent\" ><div class=\"btText\" ><p>En la salida, hab\u00eda algo de visibilidad. Un fondo de posidonias muy bonito, con las praderas de un verde intenso y largas hojas movi\u00e9ndose por debajo de nosotros al ritmo de las olas. Hecho predecible por el arribaz\u00f3n tan espectacular que hab\u00eda en la playa de la Olla, lleno de hojas, algas, moluscos y he de decir, que apenas se ve\u00eda basura. Al pasar el islote, el mar empez\u00f3 a cambiar: corriente en contra y mar picado, y a ratos olas grandes laterales. As\u00ed 8 km. Llevaba el reloj y era como si solo funcionara la hora. El tiempo corr\u00eda y los metros no andaban. A pesar de haber m\u00e1s boyas que el a\u00f1o pasado, el movimiento del mar no te dejaba ver con facilidad. Tanto bracear en balde me cargo los hombros much\u00edsimo, que junto a levantar la cabeza para ver a d\u00f3nde dirigirme, me hizo que las lumbares me empezaran a doler por estar arqueando la espalda constantemente.<\/p>\n<p>Al pasar por la Punta del Faro, llevaba unos 8 km y le pregunt\u00e9 a una\u00a0 embarcaci\u00f3n que como andaba de tiempo, pues ya no ve\u00eda a nadie y llevaba m\u00e1s de 3 horas y media nadando. Despu\u00e9s de tanto esfuerzo estaba preocupada por si me ten\u00edan que sacar sin terminar la prueba. Pero me animaron a continuar y me dijeron que no me preocupara, que llegaba.<br \/>\nPensaba que ahora, al virar en la Punta ser\u00eda m\u00e1s f\u00e1cil y llevar\u00eda la corriente a favor, pero no, ahora el mar me pegaba por el lateral y me pillaba ya cansada.<\/p>\n<\/div><\/div><\/div><\/div><\/div><div class=\"boldRow \" ><div class=\"boldRowInner\"><div class=\"rowItem col-md-4 col-ms-12 btTextLeft\"  data-width=\"4\"><div class=\"rowItemContent\" ><div class=\"bpgPhoto \" ><div class = \"btImage\"><img src=\"https:\/\/mojateporlavida.org\/wp-content\/uploads\/2017\/05\/480px-Ctenoforo.jpg\" alt=\"\" title=\"\"><\/div><\/div><div class=\"btClear btSeparator topSpaced bottomSpaced noBorder\" ><hr><\/div><div class=\"bpgPhoto \" ><div class = \"btImage\"><img src=\"https:\/\/mojateporlavida.org\/wp-content\/uploads\/2017\/05\/sagrario-mediterranean.jpg\" alt=\"\" title=\"\"><\/div><\/div><div class=\"btClear btSeparator topSpaced bottomSpaced noBorder\" ><hr><\/div><div class=\"bpgPhoto  btHasTitles\" > \r\n\t\t\t\t\t<a href=\"http:\/\/mojateporlavida.org\/?p=4926\" target=\"_self\" title=\"\u00bfC\u00f3mo mojarte?\"><\/a>\r\n\t\t\t\t\t<div class=\"boldPhotoBox\"><div class=\"bpbItem\"><div class = \"btImage\"><img src=\"https:\/\/mojateporlavida.org\/wp-content\/uploads\/2017\/03\/metros-sasi.png\" alt=\"\" title=\"\u00bfC\u00f3mo mojarte?\"><\/div><\/div><\/div>\r\n\t\t\t\t\t<div class=\"captionPane btDarkSkin btTextCenter\">\r\n\t\t\t\t\t\t<div class=\"captionTable\">\r\n\t\t\t\t\t\t\t<div class=\"captionCell\">\r\n\t\t\t\t\t\t\t\t<div class=\"captionTxt\"><header class=\"header btClear extrasmall\" ><div class=\"dash\"><h4><span class=\"headline\">\u00bfC\u00f3mo mojarte?<\/span><\/h4><\/div><\/header><\/div>\r\n\t\t\t\t\t\t\t<\/div>\r\n\t\t\t\t\t\t<\/div>\r\n\t\t\t\t\t<\/div>\r\n\t\t\t\t\t\t<div class=\"btShowTitle\">\r\n\t\t\t\t\t\t\t<div class=\"btShowTitleCaptionTxt\"><header class=\"header btClear small\" ><div class=\"dash\"><h4><span class=\"headline\">\u00bfC\u00f3mo mojarte?<\/span><\/h4><\/div><\/header><\/div>\r\n\t\t\t\t\t\t<\/div><\/div><\/div><\/div><div class=\"rowItem col-md-8 col-ms-12 btTextLeft\"  data-width=\"8\"><div class=\"rowItemContent\" ><div class=\"btText\" ><p>Por esa zona hab\u00eda algo de visibilidad del fondo otra vez y pude ver algunos <a href=\"https:\/\/es.wikipedia.org\/wiki\/Ctenophora\">pten\u00f3foros<\/a>, animales similares a las medusas, y aunque preciosos y espectaculares, tambi\u00e9n son urticantes, pero no hubo sustos.<\/p>\n<p>La zodiac de la cruz roja se acerc\u00f3 a ver si me encontraba bien, porque ten\u00eda que estirar la columna haci\u00e9ndome un ovillo en el agua en posici\u00f3n fetal para poder continuar y se asustaron pensando que me pasaba algo.<\/p>\n<p>Hab\u00eda 2 puntos de avituallamiento. A mi parecer, muy lejos el primero (mi reloj marcaba a 5,7 Km) y muy apartado del trayecto a seguir el segundo. Me tom\u00e9 un gel que llevaba guardado en el neopreno y a seguir hacia el puerto.<\/p>\n<p>En todo momento las embarcaciones de apoyo nos animaron y preguntaban si necesit\u00e1bamos algo. Al llegar a la playa del Puerto de Altea, me emocion\u00f3 ver a varios participantes animarme a la llegada y acercarse a darme un abrazo por haber terminado.<\/p>\n<p>Mi compa\u00f1era Sagrario me esperaba sentada en la playa y me recibi\u00f3 con un gran abrazo y estaba ya preocupada por m\u00ed. A ella le fue fenomenal y lleg\u00f3 la tercera de su categor\u00eda.<br \/>\nComo me lo tom\u00e9 con calma, a Antonio y Gaby les dio tiempo de cambiarse y pasar por el fisio de la llegada.<\/p>\n<p>La satisfacci\u00f3n fue muy grande. Hab\u00eda sido capaz de terminar la prueba con un mar muy complicado. Mi reloj marcaba 11.300 metros de sufrimiento, porque la realidad es que en esta traves\u00eda, no he disfrutado, ha sido una prueba psicol\u00f3gica muy dura, pero me ha servido para ser consciente que los entrenamientos sirven para que el cuerpo aguante la dureza del mar siempre y cuando tu cabeza se imponga.<\/p>\n<\/div><\/div><\/div><\/div><\/div><\/div><\/div><\/div><\/section><section id=\"bt_section69ef977d5bc86\"  class=\"boldSection gutter\" ><div class=\"port\"><div class=\"boldCell\"><div class=\"boldCellInner\"><\/div><\/div><\/div><\/section>","protected":false},"excerpt":{"rendered":"","protected":false},"author":1,"featured_media":5497,"comment_status":"open","ping_status":"open","sticky":false,"template":"","format":"audio","meta":[],"categories":[126,121,85,96,128,125],"tags":[114,215,106,86,139,89],"_links":{"self":[{"href":"https:\/\/mojateporlavida.org\/index.php?rest_route=\/wp\/v2\/posts\/5476"}],"collection":[{"href":"https:\/\/mojateporlavida.org\/index.php?rest_route=\/wp\/v2\/posts"}],"about":[{"href":"https:\/\/mojateporlavida.org\/index.php?rest_route=\/wp\/v2\/types\/post"}],"author":[{"embeddable":true,"href":"https:\/\/mojateporlavida.org\/index.php?rest_route=\/wp\/v2\/users\/1"}],"replies":[{"embeddable":true,"href":"https:\/\/mojateporlavida.org\/index.php?rest_route=%2Fwp%2Fv2%2Fcomments&post=5476"}],"version-history":[{"count":17,"href":"https:\/\/mojateporlavida.org\/index.php?rest_route=\/wp\/v2\/posts\/5476\/revisions"}],"predecessor-version":[{"id":5506,"href":"https:\/\/mojateporlavida.org\/index.php?rest_route=\/wp\/v2\/posts\/5476\/revisions\/5506"}],"wp:featuredmedia":[{"embeddable":true,"href":"https:\/\/mojateporlavida.org\/index.php?rest_route=\/wp\/v2\/media\/5497"}],"wp:attachment":[{"href":"https:\/\/mojateporlavida.org\/index.php?rest_route=%2Fwp%2Fv2%2Fmedia&parent=5476"}],"wp:term":[{"taxonomy":"category","embeddable":true,"href":"https:\/\/mojateporlavida.org\/index.php?rest_route=%2Fwp%2Fv2%2Fcategories&post=5476"},{"taxonomy":"post_tag","embeddable":true,"href":"https:\/\/mojateporlavida.org\/index.php?rest_route=%2Fwp%2Fv2%2Ftags&post=5476"}],"curies":[{"name":"wp","href":"https:\/\/api.w.org\/{rel}","templated":true}]}}