{"id":5384,"date":"2017-05-19T07:00:24","date_gmt":"2017-05-19T05:00:24","guid":{"rendered":"http:\/\/mojateporlavida.org\/?p=5384"},"modified":"2017-05-19T01:25:45","modified_gmt":"2017-05-18T23:25:45","slug":"jorge-crivilles-se-moja-por-la-vida","status":"publish","type":"post","link":"https:\/\/mojateporlavida.org\/?p=5384","title":{"rendered":"Jorge Crivill\u00e9s se Moja por la Vida."},"content":{"rendered":"<section id=\"bt_section69efb067afbe4\"  class=\"boldSection gutter\" ><div class=\"port\"><div class=\"boldCell\"><div class=\"boldCellInner\"><div class=\"boldRow \" ><div class=\"boldRowInner\"><div class=\"rowItem col-md-12 col-ms-12  btTextLeft\"  data-width=\"12\"><div class=\"rowItemContent\" ><header class=\"header btClear medium  btHeaderAccent2\" ><div class=\"btSuperTitle\"><span>PRIMER ESPA\u00d1OL EN CRUZAR A NADO EL CANAL DE MOLOKAI.<\/span><\/div><div class=\"dash\"><h3><span class=\"headline\">JORGE CRIVILL\u00c9S, <\/span><\/h3><\/div><\/header><div class=\"btClear btSeparator topSemiSpaced bottomSemiSpaced noBorder\" ><hr><\/div><\/div><\/div><\/div><\/div><\/div><\/div><\/div><\/section><section id=\"bt_section69efb067b00d8\"  class=\"boldSection gutter\" ><div class=\"port\"><div class=\"boldCell\"><div class=\"boldCellInner\"><div class=\"boldRow \" ><div class=\"boldRowInner\"><div class=\"rowItem col-md-4 col-ms-12 btTextLeft\"  data-width=\"4\"><div class=\"rowItemContent\" ><div class=\"btText\" ><figure style=\"width: 720px\" class=\"wp-caption aligncenter\"><img decoding=\"async\" loading=\"lazy\" class=\"size-medium\" src=\"http:\/\/jorgecrivilles.es\/wp-content\/uploads\/2015\/03\/12-horas-contra-el-cancer-2015.jpg\" width=\"720\" height=\"432\" \/><figcaption class=\"wp-caption-text\">http:\/\/jorgecrivilles.es\/<\/figcaption><\/figure>\n<\/div><\/div><\/div><div class=\"rowItem col-md-8 col-ms-12 btTextLeft\"  data-width=\"8\"><div class=\"rowItemContent\" ><div class=\"btText\" ><p>Jorge Crivill\u00e9s es un nadador alicantino y soci\u00f3logo con m\u00e1ster en publicidad y marketing. Trabaja como visitador m\u00e9dico en Celgene, multinacional farmac\u00e9utica americana desde 2008. En el a\u00f1o 2009 comenz\u00f3 a nadar a ra\u00edz de una lesi\u00f3n en la espalda. Entr\u00f3 en contacto con un grupo de nadadores y descubri\u00f3 el mundo de la nataci\u00f3n en aguas abiertas.<\/p>\n<p>En 2010 junto con otros nadadores solidarios cre\u00f3 el club de nataci\u00f3n <a href=\"http:\/\/www.rc7alicante.com\/\" target=\"_blank\" rel=\"noopener noreferrer\">RC7<\/a> aunando deporte y solidaridad. Desde el principio el objetivo del club es el de colaborar con <a href=\"http:\/\/www.aeal.es\/\" target=\"_blank\" rel=\"noopener noreferrer\">AEAL (Asociaci\u00f3n espa\u00f1ola de Enfermos de Leucemia, Mieloma y Linfoma)<\/a> dando difusi\u00f3n de la labor que llevan a cabo a trav\u00e9s de sus retos y traves\u00edas.<\/p>\n<\/div><div class=\"btClear btSeparator topSemiSpaced bottomSemiSpaced noBorder\" ><hr><\/div><\/div><\/div><\/div><\/div><\/div><\/div><\/div><\/section><section id=\"bt_section69efb067b0e1b\"  class=\"boldSection gutter\" ><div class=\"port\"><div class=\"boldCell\"><div class=\"boldCellInner\"><div class=\"boldRow \" ><div class=\"boldRowInner\"><div class=\"rowItem col-md-8 col-ms-12 btTextLeft\"  data-width=\"8\"><div class=\"rowItemContent\" ><div class=\"btText\" ><p>Sus principales traves\u00edas y logros son los siguientes:<\/p>\n<ul>\n<li>Traves\u00eda Santa Faz, 9 km. Temperatura del agua 17\u00baC. (2011, 2012 y 2014).<\/li>\n<li>Cruce Estrecho de Gibraltar (2010).<\/li>\n<li>International Crossing Bah\u00eda de Cullera y Campeonato Auton\u00f3mico aguasabiertas (10 km) (2010 y 2011)<\/li>\n<li>Cabo la Nao-Playa Postiguet, Alicante. 65 km por relevo (2011)<\/li>\n<li>Cruce Cabrera-Palma de Mallorca. 25 km (Agosto 2011)<br \/>\n6 horas nado contin\u00fao. Temperatura del agua. 14\u00baC (03\/31\/2012)<\/li>\n<li>Cruce del Canal de la Mancha (46 km). Temperatura del agua 14-16\u00baC. (8\/10\/2012).<\/li>\n<\/ul>\n<p>Como parte del entrenamiento para el Canal de la Mancha:<\/p>\n<ul>\n<li>Benidorm \u2013 San Juan \u2013 31,5 km<\/li>\n<li>Tabarca\u2013Alicante (11\/19\/2011) 21\u20195 km<\/li>\n<li>Alicante \u2013 Tabarca \u2013 23,5 km<\/li>\n<li>Albufera \u2013 Tabarca \u2013 28 km<\/li>\n<li>Cruce J\u00e1vea-Ibiza (105 km) por relevos (4) en 27 horas (27\/06\/2013)<br \/>\n12 horas nadando contra el c\u00e1ncer (Gand\u00eda). 6 continuas (2014)<\/li>\n<li>Manhattan Island Marathon Swim (vuelta a la isla de Manhattan \u2013 55km) (28\/06\/2014)<\/li>\n<li>12 horas de nado contra el c\u00e1ncer (15\/02\/2015)<\/li>\n<li>Canal de Santa Catalina (15\/15\/2015)<\/li>\n<li>Canal de Molokai (18\/08\/2016).<\/li>\n<\/ul>\n<\/div><div class=\"btClear btSeparator topSemiSpaced bottomSemiSpaced noBorder\" ><hr><\/div><\/div><\/div><div class=\"rowItem col-md-4 col-ms-12 btTextLeft\"  data-width=\"4\"><div class=\"rowItemContent\" ><div class=\"btText\" ><p><img decoding=\"async\" loading=\"lazy\" class=\"aligncenter size-medium\" src=\"http:\/\/jorgecrivilles.es\/wp-content\/uploads\/2013\/02\/IMG_2046-200x200.jpg\" width=\"200\" height=\"200\" \/><\/p>\n<\/div><div class=\"btText\" ><p><img decoding=\"async\" loading=\"lazy\" class=\"aligncenter size-medium\" src=\"http:\/\/jorgecrivilles.es\/wp-content\/uploads\/2015\/03\/IMG_12182-200x200.jpg\" width=\"200\" height=\"200\" \/><\/p>\n<\/div><\/div><\/div><\/div><\/div><\/div><\/div><\/div><\/section><section id=\"bt_section69efb067b1674\"  class=\"boldSection gutter\" ><div class=\"port\"><div class=\"boldCell\"><div class=\"boldCellInner\"><div class=\"boldRow \" ><div class=\"boldRowInner\"><div class=\"rowItem col-md-12 col-ms-12  btTextLeft\"  data-width=\"12\"><div class=\"rowItemContent\" ><div class=\"btText\" ><p>Jorge Crivill\u00e9s es el n\u00famero 44 de la lista de deportistas que han nadado el Canal de Molokai desde que se inici\u00f3 esta prueba en el a\u00f1o 1961, siendo el primer espa\u00f1ol en completarla. Tras finalizar esta traves\u00eda, Jorge anunci\u00f3 que centrar\u00e1 sus esfuerzos en conseguir el t\u00edtulo Seven Oceans. Se trata de un reconocimiento que se obtiene tras lograr siete de las traves\u00edas m\u00e1s emblem\u00e1ticas de larga distancia en diferentes partes del mundo. Estas pruebas son: El Canal de Molokai, el de Santa Catalina en California, el de la Mancha, el del Norte en Irlanda, el Estrecho de Gibraltar, el de Tsugaru en Jap\u00f3n y el de Cook en Nueva Zelanda. Actualmente, Jorge ha logrado cuatro de los siete objetivos.<\/p>\n<\/div><div class=\"btClear btSeparator topSemiSpaced bottomSemiSpaced noBorder\" ><hr><\/div><div class=\"btText\" ><p><img decoding=\"async\" loading=\"lazy\" class=\"aligncenter size-medium\" src=\"http:\/\/nadadores.es\/wp-content\/uploads\/2014\/11\/ocean_seven.gif\" width=\"885\" height=\"407\" \/><\/p>\n<\/div><\/div><\/div><\/div><\/div><\/div><\/div><\/div><\/section><section id=\"bt_section69efb067b19e2\"  class=\"boldSection gutter\" ><div class=\"port\"><div class=\"boldCell\"><div class=\"boldCellInner\"><div class=\"boldRow \" ><div class=\"boldRowInner\"><div class=\"rowItem col-md-8 col-ms-12 btTextLeft\"  data-width=\"8\"><div class=\"rowItemContent\" ><div class=\"btClear btSeparator topSemiSpaced bottomSemiSpaced noBorder\" ><hr><\/div><div class=\"btText\" ><p>Crivill\u00e9s es el cuarto espa\u00f1ol y el primer alicantino que ha conseguido el t\u00edtulo de nataci\u00f3n de larga distancia conocido como la Triple Corona, que se otorga tras finalizar las traves\u00edas del Canal de la Mancha, la vuelta a nado de la isla de Manhattan y el Canal de Santa Catalina en California. Todos sus desaf\u00edos siempre los ha realizado a favor de la asociaci\u00f3n de pacientes oncol\u00f3gicos AEAL.<br \/>\nEn junio de 2016, el Grupo Espa\u00f1ol de Pacientes con C\u00e1ncer (GEPAC), que integra a 70 asociaciones espa\u00f1olas, reconoci\u00f3 la labor de Jorge Crivill\u00e9s otorg\u00e1ndole el premio Albert Jovell a la Personalidad Social m\u00e1s Relevante en el \u00c1mbito Oncol\u00f3gico. El galard\u00f3n distingue a la persona que haya desarrollado acciones e iniciativas formativas, de apoyo, de normalizaci\u00f3n o de integraci\u00f3n a favor de los pacientes con c\u00e1ncer y sus familiares.<\/p>\n<\/div><div class=\"btClear btSeparator topSemiSpaced bottomSemiSpaced noBorder\" ><hr><\/div><\/div><\/div><div class=\"rowItem col-md-4 col-ms-12 btTextLeft\"  data-width=\"4\"><div class=\"rowItemContent\" ><div class=\"btClear btSeparator topSemiSpaced bottomSemiSpaced noBorder\" ><hr><\/div><div class=\"bpgPhoto \" ><div class = \"btImage\"><img src=\"https:\/\/mojateporlavida.org\/wp-content\/uploads\/2017\/05\/gpac.jpg\" alt=\"\" title=\"\"><\/div><\/div><\/div><\/div><\/div><\/div><div class=\"boldRow \" ><div class=\"boldRowInner\"><div class=\"rowItem col-md-12 col-ms-12  btTextLeft\"  data-width=\"12\"><div class=\"rowItemContent\" ><div class=\"btText\" ><h2><em>Jorge eres un ejemplo de superaci\u00f3n y de solidaridad, gracias por mojarte con nosotros y demostrar que los sue\u00f1os se pueden hacer realidad.<\/em><\/h2>\n<p><cite>\u00abTodo pasa y todo queda pero lo nuestro es pasar, pasar haciendo caminos, caminos sobre la mar\u00bb<\/cite><\/p>\n<\/div><div class=\"btClear btSeparator topSemiSpaced bottomSemiSpaced noBorder\" ><hr><\/div><div class=\"boldRow \" ><div class=\"boldRowInner\"><div class=\"rowItem rowInnerItem col-lg-4  btTextLeft\"  ><div class=\"rowItemContent\"><div class=\"btIconImageRow\" ><span class=\"btIco btIcoDefaultType btIcoBigSize btDefaultIcon\"><a href=\"https:\/\/twitter.com\/jorgecrivilles?lang=es\"  target=\"no_target\" data-ico-fa=\"&#xf099;\" class=\"btIcoHolder\"><\/a><\/span><\/div><\/div><\/div><div class=\"rowItem rowInnerItem col-lg-4  btTextLeft\"  ><div class=\"rowItemContent\"><div class=\"btIconImageRow\" ><span class=\"btIco btIcoDefaultType btIcoBigSize btDefaultIcon\"><a href=\"https:\/\/www.facebook.com\/jorgecrivilles\/\"  target=\"no_target\" data-ico-fa=\"&#xf082;\" class=\"btIcoHolder\"><\/a><\/span><\/div><\/div><\/div><div class=\"rowItem rowInnerItem col-lg-4  btTextLeft\"  ><div class=\"rowItemContent\"><div class=\"btIconImageRow\" ><span class=\"btIco btIcoDefaultType btIcoBigSize btDefaultIcon\"><a href=\"http:\/\/jorgecrivilles.es\/\"  target=\"no_target\" data-ico-es=\"&#xe99f;\" class=\"btIcoHolder\"><\/a><\/span><\/div><\/div><\/div><\/div><\/div><div class=\"btText\" ><p><iframe loading=\"lazy\" src=\"https:\/\/www.youtube.com\/embed\/x29MeELhqpc\" width=\"560\" height=\"315\" frameborder=\"0\" allowfullscreen=\"allowfullscreen\"><\/iframe><\/p>\n<\/div><div class=\"btClear btSeparator topSemiSpaced bottomSemiSpaced noBorder\" ><hr><\/div><\/div><\/div><\/div><\/div><\/div><\/div><\/div><\/section><section id=\"bt_section69efb067b2cba\"  class=\"boldSection gutter\" ><div class=\"port\"><div class=\"boldCell\"><div class=\"boldCellInner\"><div class=\"boldRow \" ><div class=\"boldRowInner\"><div class=\"rowItem col-md-12 col-ms-12  btTextLeft\"  data-width=\"12\"><div class=\"rowItemContent\" ><div class=\"btText\" ><\/div><\/div><\/div><\/div><\/div><\/div><\/div><\/div><\/section><section id=\"bt_section69efb067b2fcc\"  class=\"boldSection gutter\" ><div class=\"port\"><div class=\"boldCell\"><div class=\"boldCellInner\"><div class=\"boldRow \" ><div class=\"boldRowInner\"><div class=\"rowItem col-md-12 col-ms-12  btTextLeft\"  data-width=\"12\"><div class=\"rowItemContent\" ><div class=\"btClear btSeparator topSemiSpaced bottomSemiSpaced noBorder\" ><hr><\/div><div class=\"bpgPhoto \" > \r\n\t\t\t\t\t<a href=\"http:\/\/rtve.es\/v\/3719580\" target=\"_blank\" title=\"\"><\/a>\r\n\t\t\t\t\t<div class=\"boldPhotoBox\"><div class=\"bpbItem\"><div class = \"btImage\"><img src=\"https:\/\/mojateporlavida.org\/wp-content\/uploads\/2017\/05\/Jorge-crivilles-Tv1.jpg\" alt=\"\" title=\" Jorge Crivill\u00e9s, primer espa\u00f1ol que cruza el Canal de Molokai a nado 13 sep 2016\"><\/div><\/div><\/div>\r\n\t\t\t\t\t<div class=\"captionPane btDarkSkin btTextCenter\">\r\n\t\t\t\t\t\t<div class=\"captionTable\">\r\n\t\t\t\t\t\t\t<div class=\"captionCell\">\r\n\t\t\t\t\t\t\t\t<div class=\"captionTxt\"><header class=\"header btClear extrasmall\" ><div class=\"btSuperTitle\"><span> Jorge Crivill\u00e9s, primer espa\u00f1ol que cruza el Canal de Molokai a nado 13 sep 2016<\/span><\/div><\/header><\/div>\r\n\t\t\t\t\t\t\t<\/div>\r\n\t\t\t\t\t\t<\/div>\r\n\t\t\t\t\t<\/div><\/div><div class=\"btIconImageRow\" ><span class=\"btIco btIcoFilledType btIcoMediumSize btDefaultIcon\"><a href=\"http:\/\/rtve.es\/v\/3719580\"  target=\"_blank\" data-ico-es=\"&#xea67;\" class=\"btIcoHolder\"><span> Jorge Crivill\u00e9s, primer espa\u00f1ol que cruza el Canal de Molokai a nado 13 sep 2016<\/span><\/a><\/span><\/div><\/div><\/div><\/div><\/div><\/div><\/div><\/div><\/section><section id=\"bt_section69efb067b3979\"  class=\"boldSection gutter\" ><div class=\"port\"><div class=\"boldCell\"><div class=\"boldCellInner\"><\/div><\/div><\/div><\/section>","protected":false},"excerpt":{"rendered":"","protected":false},"author":3,"featured_media":5423,"comment_status":"open","ping_status":"open","sticky":false,"template":"","format":"video","meta":[],"categories":[170,169],"tags":[114,207,51],"_links":{"self":[{"href":"https:\/\/mojateporlavida.org\/index.php?rest_route=\/wp\/v2\/posts\/5384"}],"collection":[{"href":"https:\/\/mojateporlavida.org\/index.php?rest_route=\/wp\/v2\/posts"}],"about":[{"href":"https:\/\/mojateporlavida.org\/index.php?rest_route=\/wp\/v2\/types\/post"}],"author":[{"embeddable":true,"href":"https:\/\/mojateporlavida.org\/index.php?rest_route=\/wp\/v2\/users\/3"}],"replies":[{"embeddable":true,"href":"https:\/\/mojateporlavida.org\/index.php?rest_route=%2Fwp%2Fv2%2Fcomments&post=5384"}],"version-history":[{"count":20,"href":"https:\/\/mojateporlavida.org\/index.php?rest_route=\/wp\/v2\/posts\/5384\/revisions"}],"predecessor-version":[{"id":5429,"href":"https:\/\/mojateporlavida.org\/index.php?rest_route=\/wp\/v2\/posts\/5384\/revisions\/5429"}],"wp:featuredmedia":[{"embeddable":true,"href":"https:\/\/mojateporlavida.org\/index.php?rest_route=\/wp\/v2\/media\/5423"}],"wp:attachment":[{"href":"https:\/\/mojateporlavida.org\/index.php?rest_route=%2Fwp%2Fv2%2Fmedia&parent=5384"}],"wp:term":[{"taxonomy":"category","embeddable":true,"href":"https:\/\/mojateporlavida.org\/index.php?rest_route=%2Fwp%2Fv2%2Fcategories&post=5384"},{"taxonomy":"post_tag","embeddable":true,"href":"https:\/\/mojateporlavida.org\/index.php?rest_route=%2Fwp%2Fv2%2Ftags&post=5384"}],"curies":[{"name":"wp","href":"https:\/\/api.w.org\/{rel}","templated":true}]}}