{"id":5235,"date":"2017-04-29T23:00:40","date_gmt":"2017-04-29T21:00:40","guid":{"rendered":"http:\/\/mojateporlavida.org\/?p=5235"},"modified":"2017-04-29T19:05:51","modified_gmt":"2017-04-29T17:05:51","slug":"30-de-abril-dia-internacional-del-jazz","status":"publish","type":"post","link":"https:\/\/mojateporlavida.org\/?p=5235","title":{"rendered":"30 de abril D\u00eda Internacional del Jazz"},"content":{"rendered":"<section id=\"bt_section69f1b404ac392\"  class=\"boldSection gutter inherit\" ><div class=\"port\"><div class=\"boldCell\"><div class=\"boldCellInner\"><div class=\"boldRow \" ><div class=\"boldRowInner\"><div class=\"rowItem col-md-12 col-ms-12  btTextLeft\"  data-width=\"12\"><div class=\"rowItemContent\" ><div class=\"btClear btSeparator topSemiSpaced bottomSemiSpaced noBorder\" ><hr><\/div><div class=\"bpgPhoto \" > \r\n\t\t\t\t\t<a href=\"http:\/\/www.un.org\/es\/events\/jazzday\/assets\/img\/featured-image-index.jpg\" target=\"_self\" title=\"\"><\/a>\r\n\t\t\t\t\t<div class=\"boldPhotoBox\"><div class=\"bpbItem\"><div class = \"btImage\"><img src=\"\" alt=\"\" title=\"\"><\/div><\/div><\/div>\r\n\t\t\t\t\t<div class=\"captionPane btDarkSkin btTextCenter\">\r\n\t\t\t\t\t\t<div class=\"captionTable\">\r\n\t\t\t\t\t\t\t<div class=\"captionCell\">\r\n\t\t\t\t\t\t\t\t<div class=\"captionTxt\"><\/div>\r\n\t\t\t\t\t\t\t<\/div>\r\n\t\t\t\t\t\t<\/div>\r\n\t\t\t\t\t<\/div><\/div><\/div><\/div><\/div><\/div><\/div><\/div><\/div><\/section><section id=\"bt_section69f1b404ac6d6\"  class=\"boldSection gutter inherit\" ><div class=\"port\"><div class=\"boldCell\"><div class=\"boldCellInner\"><div class=\"boldRow \" ><div class=\"boldRowInner\"><div class=\"rowItem col-md-8 col-ms-12 btTextLeft\"  data-width=\"8\"><div class=\"rowItemContent\" ><div class=\"btText\" ><p>En este d\u00eda queremos compartir con vosotros lo que pensamos sobre el jazz: no es s\u00f3lo m\u00fasica, sino una forma de avanzar hacia un modelo social m\u00e1s inclusivo.<br \/>\nSeguro que en m\u00e1s de una ocasi\u00f3n en tertulias con amigos hemos hablado sobre la crisis, pero en esta ocasi\u00f3n no nos referimos a la econ\u00f3mica, sino a la social, por la falta de participaci\u00f3n ciudadana en \u00e1mbitos como la educaci\u00f3n o la pol\u00edtica y la falta de apoyo por parte de las administraciones en sectores como la medicina, la educaci\u00f3n, la investigaci\u00f3n, la cultura, el medio ambiente,&#8230; a pesar de vivir en un pa\u00eds con democracia d\u00f3nde la libertad de expresi\u00f3n y la educaci\u00f3n en valores deber\u00edan ser un pilar para la formaci\u00f3n de nuestros hijos. Por ello, consideramos que la expresi\u00f3n de valores a trav\u00e9s del Jazz, conociendo los or\u00edgenes de este estilo y c\u00f3mo los valores de respeto, de escuchar a los dem\u00e1s y de libertad se reflejan en \u00e9l, son indispensables para generar la necesidad de vivir en armon\u00eda, con tolerancia, en igualdad social y en libertad y nos sirven de herramienta para inculcar en la ciudadan\u00eda y en nuestros dirigentes ese sentimiento de solidaridad y empat\u00eda hacia colectivos m\u00e1s desfavorecidos tan necesario en \u00e9pocas de crisis o en situaci\u00f3n complicadas.<\/p>\n<\/div><\/div><\/div><div class=\"rowItem col-md-4 col-ms-12 btTextLeft\"  data-width=\"4\"><div class=\"rowItemContent\" ><div class=\"btText\" ><p><iframe loading=\"lazy\" src=\"https:\/\/www.youtube.com\/embed\/SVGotpIxkGU\" width=\"560\" height=\"315\" frameborder=\"0\" allowfullscreen=\"allowfullscreen\"><\/iframe><\/p>\n<\/div><div class=\"btClear btSeparator topSmallSpaced bottomSmallSpaced noBorder\" ><hr><\/div><div class=\"btText\" ><p><iframe loading=\"lazy\" src=\"https:\/\/www.youtube.com\/embed\/zqNTltOGh5c\" width=\"560\" height=\"315\" frameborder=\"0\" allowfullscreen=\"allowfullscreen\"><\/iframe><\/p>\n<\/div><div class=\"btClear btSeparator topSmallSpaced bottomSmallSpaced noBorder\" ><hr><\/div><\/div><\/div><\/div><\/div><\/div><\/div><\/div><\/section><section id=\"bt_section69f1b404acda5\"  class=\"boldSection gutter\" ><div class=\"port\"><div class=\"boldCell\"><div class=\"boldCellInner\"><div class=\"boldRow \" ><div class=\"boldRowInner\"><div class=\"rowItem col-md-8 col-ms-12 btTextLeft\"  data-width=\"8\"><div class=\"rowItemContent\" ><header class=\"header btClear large  btHeaderAccent2\" ><div class=\"dash\"><h2><span class=\"headline\">EL PODER DEL JAZZ<\/span><\/h2><\/div><\/header><div class=\"btText\" ><p>El poder del jazz; para crear conciencia social, compartiendo valores, emociones, aspiraciones y sue\u00f1os, ser\u00e1 una de nuestras herramientas para hacer realidad el sue\u00f1o del solidario <strong>\u201cM\u00f3jate por la vida\u201d<\/strong>: construir esa octava planta en el hospital de La Paz para la investigaci\u00f3n del c\u00e1ncer infantil.<br \/>\nEn nuestro concierto solidario, el <strong>20 de mayo<\/strong>, podremos disfrutar de varios temas de jazz, quiz\u00e1s haya alguna que otra sorpresa.<\/p>\n<\/div><div class=\"btIconImageRow\" ><span class=\"btIco btIcoDefaultType btIcoSmallSize btDefaultIcon\"><a href=\"http:\/\/jazzday.com\/\"  target=\"no_target\" data-ico-fa=\"&#xf001;\" class=\"btIcoHolder\"><span>D\u00eda Internaci\u00f3n del Jazz<\/span><\/a><\/span><\/div><\/div><\/div><div class=\"rowItem col-md-4 col-ms-12 btTextLeft\"  data-width=\"4\"><div class=\"rowItemContent\" ><div class=\"bpgPhoto \" ><div class = \"btImage\"><img src=\"https:\/\/mojateporlavida.org\/wp-content\/uploads\/2017\/04\/cartel-teatro-web.jpg\" alt=\"\" title=\"\"><\/div><\/div><\/div><\/div><\/div><\/div><\/div><\/div><\/div><\/section><section id=\"bt_section69f1b404ad78c\"  class=\"boldSection gutter\" ><div class=\"port\"><div class=\"boldCell\"><div class=\"boldCellInner\"><div class=\"boldRow \" ><div class=\"boldRowInner\"><div class=\"rowItem col-md-12 col-ms-12  btTextLeft\"  data-width=\"12\"><div class=\"rowItemContent\" ><div class=\"btText\" ><p><iframe loading=\"lazy\" src=\"https:\/\/www.youtube.com\/embed\/H77fRz1rybs\" width=\"560\" height=\"315\" frameborder=\"0\" allowfullscreen=\"allowfullscreen\"><\/iframe><\/p>\n<\/div><\/div><\/div><\/div><\/div><\/div><\/div><\/div><\/section>","protected":false},"excerpt":{"rendered":"","protected":false},"author":3,"featured_media":4984,"comment_status":"open","ping_status":"open","sticky":false,"template":"","format":"audio","meta":[],"categories":[154],"tags":[114,104,103,187,111,89,51],"_links":{"self":[{"href":"https:\/\/mojateporlavida.org\/index.php?rest_route=\/wp\/v2\/posts\/5235"}],"collection":[{"href":"https:\/\/mojateporlavida.org\/index.php?rest_route=\/wp\/v2\/posts"}],"about":[{"href":"https:\/\/mojateporlavida.org\/index.php?rest_route=\/wp\/v2\/types\/post"}],"author":[{"embeddable":true,"href":"https:\/\/mojateporlavida.org\/index.php?rest_route=\/wp\/v2\/users\/3"}],"replies":[{"embeddable":true,"href":"https:\/\/mojateporlavida.org\/index.php?rest_route=%2Fwp%2Fv2%2Fcomments&post=5235"}],"version-history":[{"count":27,"href":"https:\/\/mojateporlavida.org\/index.php?rest_route=\/wp\/v2\/posts\/5235\/revisions"}],"predecessor-version":[{"id":5269,"href":"https:\/\/mojateporlavida.org\/index.php?rest_route=\/wp\/v2\/posts\/5235\/revisions\/5269"}],"wp:featuredmedia":[{"embeddable":true,"href":"https:\/\/mojateporlavida.org\/index.php?rest_route=\/wp\/v2\/media\/4984"}],"wp:attachment":[{"href":"https:\/\/mojateporlavida.org\/index.php?rest_route=%2Fwp%2Fv2%2Fmedia&parent=5235"}],"wp:term":[{"taxonomy":"category","embeddable":true,"href":"https:\/\/mojateporlavida.org\/index.php?rest_route=%2Fwp%2Fv2%2Fcategories&post=5235"},{"taxonomy":"post_tag","embeddable":true,"href":"https:\/\/mojateporlavida.org\/index.php?rest_route=%2Fwp%2Fv2%2Ftags&post=5235"}],"curies":[{"name":"wp","href":"https:\/\/api.w.org\/{rel}","templated":true}]}}