{"id":5211,"date":"2017-04-23T11:01:13","date_gmt":"2017-04-23T09:01:13","guid":{"rendered":"http:\/\/mojateporlavida.org\/?p=5211"},"modified":"2017-04-23T11:04:29","modified_gmt":"2017-04-23T09:04:29","slug":"nos-mojamos-con-el-banco-de-libros-de-tijola","status":"publish","type":"post","link":"https:\/\/mojateporlavida.org\/?p=5211","title":{"rendered":"Nos mojamos con el Banco de Libros de T\u00edjola"},"content":{"rendered":"<section id=\"bt_section69f4ef296cb09\"  class=\"boldSection gutter\" ><div class=\"port\"><div class=\"boldCell\"><div class=\"boldCellInner\"><\/div><\/div><\/div><\/section><section id=\"bt_section69f4ef296cbb2\"  class=\"boldSection gutter\" ><div class=\"port\"><div class=\"boldCell\"><div class=\"boldCellInner\"><div class=\"boldRow \" ><div class=\"boldRowInner\"><div class=\"rowItem col-md-8 col-ms-12 btTextLeft\"  data-width=\"8\"><div class=\"rowItemContent\" ><div class=\"btText\" ><p>El d\u00eda del libro, queremos reconocer el trabajo que est\u00e1n haciendo los voluntarios de la Asociaci\u00f3n Banco de Libros de Tijola. Una asociaci\u00f3n sin \u00e1nimo de lucro que tiene como objetivo mejorar la vida de los ni\u00f1os y ni\u00f1as sin recursos por medio de la cultura, el conocimiento y la educaci\u00f3n. El Banco de Libros surge para \u201cacercar el mundo de los libros a ni\u00f1os sin recursos de cualquier zona\u201d, seg\u00fan Eugenio Garc\u00eda, del que naci\u00f3 la idea.<\/p>\n<\/div><div class=\"btClear btSeparator topSpaced bottomSpaced noBorder\" ><hr><\/div><\/div><\/div><div class=\"rowItem col-md-4 col-ms-12 btTextLeft\"  data-width=\"4\"><div class=\"rowItemContent\" ><div class=\"bpgPhoto \" ><div class = \"btImage\"><img src=\"https:\/\/mojateporlavida.org\/wp-content\/uploads\/2017\/04\/BANCOLIBROSTIJOLA.png\" alt=\"\" title=\"\"><\/div><\/div><\/div><\/div><\/div><\/div><\/div><\/div><\/div><\/section><section id=\"bt_section69f4ef296d433\"  class=\"boldSection gutter\" ><div class=\"port\"><div class=\"boldCell\"><div class=\"boldCellInner\"><div class=\"boldRow \" ><div class=\"boldRowInner\"><div class=\"rowItem col-md-4 col-ms-12 btTextLeft\"  data-width=\"4\"><div class=\"rowItemContent\" ><div class=\"bpgPhoto \" ><div class = \"btImage\"><img src=\"https:\/\/mojateporlavida.org\/wp-content\/uploads\/2017\/04\/bancolibrostijolagente.png\" alt=\"\" title=\"\"><\/div><\/div><\/div><\/div><div class=\"rowItem col-md-8 col-ms-12 btTextLeft\"  data-width=\"8\"><div class=\"rowItemContent\" ><div class=\"btText\" ><p>Llevan un a\u00f1o y medio funcionando. Sus actividades principales son la recogida de libros que las personas, colegios, instituciones, editoriales,\u2026 les donan y organizar actividades culturales y deportivas; para conseguir fondos para comprar libros, comida, juguetes as\u00ed como para los gastos de env\u00edo del material, el apadrinamiento de ni\u00f1os y ni\u00f1as y para ayudar a la creaci\u00f3n de locales en las zonas marginales, en concreto, escuelas, bibliotecas y salas de ocio.<\/p>\n<\/div><div class=\"btClear btSeparator topSpaced bottomSpaced noBorder\" ><hr><\/div><\/div><\/div><\/div><\/div><\/div><\/div><\/div><\/section><section id=\"bt_section69f4ef296d7d8\"  class=\"boldSection gutter\" ><div class=\"port\"><div class=\"boldCell\"><div class=\"boldCellInner\"><div class=\"boldRow \" ><div class=\"boldRowInner\"><div class=\"rowItem col-md-8 col-ms-12 btTextLeft\"  data-width=\"8\"><div class=\"rowItemContent\" ><div class=\"btText\" ><p>Este material se destina a la <a href=\"http:\/\/www.acoes.org\/\">Ong ACOES<\/a>, dirigida por el Padre Patricio en Honduras, que lleva trabajando en este pa\u00eds desde 1992. ACOES tiene entidad jur\u00eddica como organizaci\u00f3n no gubernamental sin \u00e1nimo de lucro, siendo su objetivo apoyar a los m\u00e1s desfavorecidos en este pa\u00eds. ACOES es candidata al Premio Princesa de Asturias de la Concordia 2017. M\u00e1s informaci\u00f3n en: <a href=\"http:\/\/www.acoes.org\/\">http:\/\/www.acoes.org\/<\/a><\/p>\n<p>Para recaudar fondos, el a\u00f1o pasado realizaron un reto solidario I RETO CICLISTA T\u00cdJOLA-SANTIAGO DE COMPOSTELA que consist\u00eda en llegar desde T\u00edjola a Santiago de Compostela en 100 horas, recaudando los fondos mediante la venta de cada kil\u00f3metro de los 1.200 que comprenden el recorrido. Los ciclistas Jos\u00e9 Ram\u00f3n Mar\u00edn y Francisco Gonz\u00e1lez lo consiguieron y recaudaron 2.600,00 euros, sobrepasando as\u00ed la cantidad prevista.<\/p>\n<p>Este a\u00f1o el reto es II RETO CICLISTA T\u00cdJOLA-ZARAUTZ en 75 horas y la forma de recaudar fondos es la misma, mediante la venta de cada uno de los kil\u00f3metros que recorrer\u00e1n Jos\u00e9 Ramon y Francis. Con la novedad, de que cuando logren la cantidad estimada, unos 1.200 kil\u00f3metros, el dinero recaudado lo destinar\u00e1n a mojarse con nosotros, es decir, a \u201c<a href=\"http:\/\/mojateporlavida.org\/\">M\u00f3jate por la vida<\/a>\u201d.<\/p>\n<\/div><\/div><\/div><div class=\"rowItem col-md-4 col-ms-12 btTextLeft\"  data-width=\"4\"><div class=\"rowItemContent\" ><div class=\"bpgPhoto \" ><div class = \"btImage\"><img src=\"https:\/\/mojateporlavida.org\/wp-content\/uploads\/2017\/04\/logo_honduras_400x400.jpg\" alt=\"\" title=\"\"><\/div><\/div><div class=\"btClear btSeparator topSpaced bottomSpaced noBorder\" ><hr><\/div><div class=\"bpgPhoto \" ><div class = \"btImage\"><img src=\"https:\/\/mojateporlavida.org\/wp-content\/uploads\/2017\/04\/CICLISTATIJOLA.png\" alt=\"\" title=\"\"><\/div><\/div><\/div><\/div><\/div><\/div><\/div><\/div><\/div><\/section><section id=\"bt_section69f4ef296dfbc\"  class=\"boldSection gutter\" ><div class=\"port\"><div class=\"boldCell\"><div class=\"boldCellInner\"><div class=\"boldRow \" ><div class=\"boldRowInner\"><div class=\"rowItem col-md-12 col-ms-12  btTextLeft\"  data-width=\"12\"><div class=\"rowItemContent\" ><div class=\"btClear btSeparator topSpaced bottomSpaced noBorder\" ><hr><\/div><header class=\"header btClear small  btHeaderAccent2\" ><div class=\"dash\"><h4><span class=\"headline\">BANCO DE LIBROS DE T\u00cdJOLA. GRACIAS POR MOJAROS CON NOSOTROS.<\/span><\/h4><\/div><\/header><div class=\"btClear btSeparator topSmallSpaced bottomSmallSpaced noBorder\" ><hr><\/div><\/div><\/div><\/div><\/div><div class=\"boldRow \" ><div class=\"boldRowInner\"><div class=\"rowItem col-md-4 col-ms-12 btTextLeft\"  data-width=\"4\"><div class=\"rowItemContent\" ><header class=\"header btClear medium  btHeaderAccent2\" ><div class=\"dash\"><h3><span class=\"headline\">#mojateporlavida<\/span><\/h3><\/div><\/header><\/div><\/div><div class=\"rowItem col-md-4 col-ms-12 btTextLeft\"  data-width=\"4\"><div class=\"rowItemContent\" ><header class=\"header btClear medium  btHeaderAccent3\" ><div class=\"dash\"><h3><span class=\"headline\">Yo me mojo por la vida. Y t\u00fa?<\/span><\/h3><\/div><\/header><\/div><\/div><div class=\"rowItem col-md-4 col-ms-12 btTextLeft\"  data-width=\"4\"><div class=\"rowItemContent\" ><header class=\"header btClear medium  btHeaderAccent4\" ><div class=\"dash\"><h3><span class=\"headline\">#Almeriasemoja<\/span><\/h3><\/div><\/header><\/div><\/div><\/div><\/div><div class=\"boldRow \" ><div class=\"boldRowInner\"><div class=\"rowItem col-md-12 col-ms-12  btTextLeft\"  data-width=\"12\"><div class=\"rowItemContent\" ><div class=\"btClear btSeparator topSmallSpaced bottomSmallSpaced noBorder\" ><hr><\/div><div class=\"btText\" ><p><iframe loading=\"lazy\" src=\"https:\/\/www.youtube.com\/embed\/0IdTSAycbM0\" width=\"560\" height=\"315\" frameborder=\"0\" allowfullscreen=\"allowfullscreen\"><\/iframe><\/p>\n<\/div><\/div><\/div><\/div><\/div><\/div><\/div><\/div><\/section>","protected":false},"excerpt":{"rendered":"","protected":false},"author":1,"featured_media":5212,"comment_status":"open","ping_status":"open","sticky":false,"template":"","format":"audio","meta":[],"categories":[170,169],"tags":[114,124,183,152],"_links":{"self":[{"href":"https:\/\/mojateporlavida.org\/index.php?rest_route=\/wp\/v2\/posts\/5211"}],"collection":[{"href":"https:\/\/mojateporlavida.org\/index.php?rest_route=\/wp\/v2\/posts"}],"about":[{"href":"https:\/\/mojateporlavida.org\/index.php?rest_route=\/wp\/v2\/types\/post"}],"author":[{"embeddable":true,"href":"https:\/\/mojateporlavida.org\/index.php?rest_route=\/wp\/v2\/users\/1"}],"replies":[{"embeddable":true,"href":"https:\/\/mojateporlavida.org\/index.php?rest_route=%2Fwp%2Fv2%2Fcomments&post=5211"}],"version-history":[{"count":5,"href":"https:\/\/mojateporlavida.org\/index.php?rest_route=\/wp\/v2\/posts\/5211\/revisions"}],"predecessor-version":[{"id":5220,"href":"https:\/\/mojateporlavida.org\/index.php?rest_route=\/wp\/v2\/posts\/5211\/revisions\/5220"}],"wp:featuredmedia":[{"embeddable":true,"href":"https:\/\/mojateporlavida.org\/index.php?rest_route=\/wp\/v2\/media\/5212"}],"wp:attachment":[{"href":"https:\/\/mojateporlavida.org\/index.php?rest_route=%2Fwp%2Fv2%2Fmedia&parent=5211"}],"wp:term":[{"taxonomy":"category","embeddable":true,"href":"https:\/\/mojateporlavida.org\/index.php?rest_route=%2Fwp%2Fv2%2Fcategories&post=5211"},{"taxonomy":"post_tag","embeddable":true,"href":"https:\/\/mojateporlavida.org\/index.php?rest_route=%2Fwp%2Fv2%2Ftags&post=5211"}],"curies":[{"name":"wp","href":"https:\/\/api.w.org\/{rel}","templated":true}]}}