{"id":5187,"date":"2017-04-23T01:02:10","date_gmt":"2017-04-22T23:02:10","guid":{"rendered":"http:\/\/mojateporlavida.org\/?p=5187"},"modified":"2017-04-23T01:30:31","modified_gmt":"2017-04-22T23:30:31","slug":"carlos-y-sagrario-en-la-ii-travessia-playa-les-palmeres-sueca","status":"publish","type":"post","link":"https:\/\/mojateporlavida.org\/?p=5187","title":{"rendered":"Carlos y Sagrario en la II Travessia Playa Les Palmeres, Sueca"},"content":{"rendered":"<section id=\"bt_section69efc84ca7d3c\"  class=\"boldSection gutter\" ><div class=\"port\"><div class=\"boldCell\"><div class=\"boldCellInner\"><\/div><\/div><\/div><\/section><section id=\"bt_section69efc84ca7dd6\"  class=\"boldSection gutter\" ><div class=\"port\"><div class=\"boldCell\"><div class=\"boldCellInner\"><div class=\"boldRow \" ><div class=\"boldRowInner\"><div class=\"rowItem col-md-8 col-ms-12 btTextLeft\"  data-width=\"8\"><div class=\"rowItemContent\" ><div class=\"btText\" ><p>El pasado domingo d\u00eda 2 de abril, dos de nuestros nadadores disputaron la prueba de la II Traves\u00eda Platja Les Palmeres en Sueca en Valencia<br \/>\nNuestra compa\u00f1era Sagrario Carri\u00f3n qued\u00f3 en segunda posici\u00f3n en su categor\u00eda. Carlos G\u00f3mez, fue el \u00fanico nadador que hizo la prueba sin neopreno, con una temperatura del agua de 15 grados.<\/p>\n<\/div><header class=\"header btClear small  btHeaderAccent2\" ><div class=\"dash\"><h4><span class=\"headline\">\u00a1\u00a1\u00a1SEGUIMOS ENTRENANDO PARA LA GRAN SEMANA !!!<\/span><\/h4><\/div><\/header><div class=\"boldRow \" ><div class=\"boldRowInner\"><div class=\"rowItem rowInnerItem col-lg-4  btTextLeft\"  ><div class=\"rowItemContent\"><header class=\"header btClear medium  btHeaderAccent1\" ><div class=\"dash\"><h3><span class=\"headline\">#Albacetesemoja<\/span><\/h3><\/div><\/header><\/div><\/div><div class=\"rowItem rowInnerItem col-lg-4  btTextLeft\"  ><div class=\"rowItemContent\"><header class=\"header btClear medium  btHeaderAccent2\" ><div class=\"dash\"><h3><span class=\"headline\">#memojoconSagrario<\/span><\/h3><\/div><\/header><\/div><\/div><div class=\"rowItem rowInnerItem col-lg-4  btTextLeft\"  ><div class=\"rowItemContent\"><header class=\"header btClear medium  btHeaderAccent3\" ><div class=\"dash\"><h3><span class=\"headline\">#memojoconCarlos<\/span><\/h3><\/div><\/header><\/div><\/div><\/div><\/div><\/div><\/div><div class=\"rowItem col-md-4 col-ms-12 btTextLeft\"  data-width=\"4\"><div class=\"rowItemContent\" ><div class=\"bpgPhoto \" ><div class = \"btImage\"><img src=\"https:\/\/mojateporlavida.org\/wp-content\/uploads\/2017\/04\/iitravesia-platja.jpg\" alt=\"\" title=\"\"><\/div><\/div><\/div><\/div><\/div><\/div><\/div><\/div><\/div><\/section><section id=\"bt_section69efc84ca88b5\"  class=\"boldSection gutter\" ><div class=\"port\"><div class=\"boldCell\"><div class=\"boldCellInner\"><div class=\"boldRow \" ><div class=\"boldRowInner\"><div class=\"rowItem col-md-12 col-ms-12  btTextLeft\"  data-width=\"12\"><div class=\"rowItemContent\" ><div class=\"tilesWall btGridGallery tiled  btGridGap-6 lightbox\" data-col=\"3\"><div class=\"gridSizer\"><\/div><div class=\"gridItem btGhostSliderThumb bt12\" data-order-num=\"-1\"><div class=\"btTileBox\"><div class=\"bpgPhoto \" > \r\n\t\t\t\t\t<a href=\"https:\/\/mojateporlavida.org\/wp-content\/uploads\/2017\/04\/2017-04-23-PHOTO-00001776.jpg\" class=\"lightbox\" data-title=\"\"><\/a>\r\n\t\t\t\t\t<div class=\"boldPhotoBox\"><div class=\"bpbItem\"><div class = \"btImage\"><img src=\"https:\/\/mojateporlavida.org\/wp-content\/uploads\/2017\/04\/2017-04-23-PHOTO-00001776-640x600.jpg\" alt=\"\" title=\"\"><\/div><\/div><\/div>\r\n\t\t\t\t\t<div class=\"captionPane btDarkSkin btTextCenter\">\r\n\t\t\t\t\t\t<div class=\"captionTable\">\r\n\t\t\t\t\t\t\t<div class=\"captionCell\">\r\n\t\t\t\t\t\t\t\t<div class=\"captionTxt\"><\/div>\r\n\t\t\t\t\t\t\t<\/div>\r\n\t\t\t\t\t\t<\/div>\r\n\t\t\t\t\t<\/div><\/div><\/div><\/div><div class=\"gridItem btGhostSliderThumb bt11\" data-order-num=\"0\"><div class=\"btTileBox\"><div class=\"bpgPhoto \" > \r\n\t\t\t\t\t<a href=\"https:\/\/mojateporlavida.org\/wp-content\/uploads\/2017\/04\/2017-04-04-PHOTO-00011946.jpg\" class=\"lightbox\" data-title=\"\"><\/a>\r\n\t\t\t\t\t<div class=\"boldPhotoBox\"><div class=\"bpbItem\"><div class = \"btImage\"><img src=\"https:\/\/mojateporlavida.org\/wp-content\/uploads\/2017\/04\/2017-04-04-PHOTO-00011946-640x480.jpg\" alt=\"\" title=\"\"><\/div><\/div><\/div>\r\n\t\t\t\t\t<div class=\"captionPane btDarkSkin btTextCenter\">\r\n\t\t\t\t\t\t<div class=\"captionTable\">\r\n\t\t\t\t\t\t\t<div class=\"captionCell\">\r\n\t\t\t\t\t\t\t\t<div class=\"captionTxt\"><\/div>\r\n\t\t\t\t\t\t\t<\/div>\r\n\t\t\t\t\t\t<\/div>\r\n\t\t\t\t\t<\/div><\/div><\/div><\/div><div class=\"gridItem btGhostSliderThumb bt11\" data-order-num=\"1\"><div class=\"btTileBox\"><div class=\"bpgPhoto \" > \r\n\t\t\t\t\t<a href=\"https:\/\/mojateporlavida.org\/wp-content\/uploads\/2017\/04\/2017-04-04-PHOTO-00011947.jpg\" class=\"lightbox\" data-title=\"\"><\/a>\r\n\t\t\t\t\t<div class=\"boldPhotoBox\"><div class=\"bpbItem\"><div class = \"btImage\"><img src=\"https:\/\/mojateporlavida.org\/wp-content\/uploads\/2017\/04\/2017-04-04-PHOTO-00011947-640x480.jpg\" alt=\"\" title=\"\"><\/div><\/div><\/div>\r\n\t\t\t\t\t<div class=\"captionPane btDarkSkin btTextCenter\">\r\n\t\t\t\t\t\t<div class=\"captionTable\">\r\n\t\t\t\t\t\t\t<div class=\"captionCell\">\r\n\t\t\t\t\t\t\t\t<div class=\"captionTxt\"><\/div>\r\n\t\t\t\t\t\t\t<\/div>\r\n\t\t\t\t\t\t<\/div>\r\n\t\t\t\t\t<\/div><\/div><\/div><\/div><div class=\"gridItem btGhostSliderThumb bt11\" data-order-num=\"2\"><div class=\"btTileBox\"><div class=\"bpgPhoto \" > \r\n\t\t\t\t\t<a href=\"https:\/\/mojateporlavida.org\/wp-content\/uploads\/2017\/04\/2017-04-04-PHOTO-00011948.jpg\" class=\"lightbox\" data-title=\"\"><\/a>\r\n\t\t\t\t\t<div class=\"boldPhotoBox\"><div class=\"bpbItem\"><div class = \"btImage\"><img src=\"https:\/\/mojateporlavida.org\/wp-content\/uploads\/2017\/04\/2017-04-04-PHOTO-00011948-640x480.jpg\" alt=\"\" title=\"\"><\/div><\/div><\/div>\r\n\t\t\t\t\t<div class=\"captionPane btDarkSkin btTextCenter\">\r\n\t\t\t\t\t\t<div class=\"captionTable\">\r\n\t\t\t\t\t\t\t<div class=\"captionCell\">\r\n\t\t\t\t\t\t\t\t<div class=\"captionTxt\"><\/div>\r\n\t\t\t\t\t\t\t<\/div>\r\n\t\t\t\t\t\t<\/div>\r\n\t\t\t\t\t<\/div><\/div><\/div><\/div><div class=\"gridItem btGhostSliderThumb bt11\" data-order-num=\"3\"><div class=\"btTileBox\"><div class=\"bpgPhoto \" > \r\n\t\t\t\t\t<a href=\"https:\/\/mojateporlavida.org\/wp-content\/uploads\/2017\/04\/2017-04-04-PHOTO-00011949.jpg\" class=\"lightbox\" data-title=\"\"><\/a>\r\n\t\t\t\t\t<div class=\"boldPhotoBox\"><div class=\"bpbItem\"><div class = \"btImage\"><img src=\"https:\/\/mojateporlavida.org\/wp-content\/uploads\/2017\/04\/2017-04-04-PHOTO-00011949-640x480.jpg\" alt=\"\" title=\"\"><\/div><\/div><\/div>\r\n\t\t\t\t\t<div class=\"captionPane btDarkSkin btTextCenter\">\r\n\t\t\t\t\t\t<div class=\"captionTable\">\r\n\t\t\t\t\t\t\t<div class=\"captionCell\">\r\n\t\t\t\t\t\t\t\t<div class=\"captionTxt\"><\/div>\r\n\t\t\t\t\t\t\t<\/div>\r\n\t\t\t\t\t\t<\/div>\r\n\t\t\t\t\t<\/div><\/div><\/div><\/div><\/div><\/div><\/div><\/div><\/div><\/div><\/div><\/div><\/section><section id=\"bt_section69efc84ca98e7\"  class=\"boldSection gutter\" ><div class=\"port\"><div class=\"boldCell\"><div class=\"boldCellInner\"><div class=\"boldRow \" ><div class=\"boldRowInner\"><div class=\"rowItem col-md-12 col-ms-12  btTextLeft animate animate-fadein inherit\"  data-width=\"12\"><div class=\"rowItemContent\" ><div class=\"btClear btSeparator topSemiSpaced bottomSemiSpaced noBorder\" ><hr><\/div><header class=\"header btClear large  btHeaderAccent3\" ><div class=\"dash\"><h2><span class=\"headline\">Noticias en las que aparecen Sagrario y Carlos <\/span><\/h2><\/div><\/header><div class=\"btClear btSeparator bottomSmallSpaced noBorder\" ><hr><\/div><div class=\"btLatestPostsContainer verticalPosts \" >\n\t\t\t\t<div class=\"btSingleLatestPost col-sm-12 col-ms-12  inherit\"><div class=\"btSingleLatestPostImage btTextCenter\"><div class=\"bpgPhoto \" > \r\n\t\t\t\t\t<a href=\"https:\/\/mojateporlavida.org\/?p=6685\" target=\"_self\" title=\"\"><\/a>\r\n\t\t\t\t\t<div class=\"boldPhotoBox\"><div class=\"bpbItem\"><div class = \"btImage\"><img src=\"https:\/\/mojateporlavida.org\/wp-content\/uploads\/2018\/05\/cartel-presentacion-toledo-320x240.jpg\" alt=\"\" title=\"\"><\/div><\/div><\/div>\r\n\t\t\t\t\t<div class=\"captionPane btDarkSkin btTextCenter\">\r\n\t\t\t\t\t\t<div class=\"captionTable\">\r\n\t\t\t\t\t\t\t<div class=\"captionCell\">\r\n\t\t\t\t\t\t\t\t<div class=\"captionTxt\"><\/div>\r\n\t\t\t\t\t\t\t<\/div>\r\n\t\t\t\t\t\t<\/div>\r\n\t\t\t\t\t<\/div><\/div><\/div><div class = \"btSingleLatestPostContent\">\n\t\t\t\t\t\t<header class=\"header btClear small\" ><div class=\"dash\"><h4><span class=\"headline\"><a href=\"https:\/\/mojateporlavida.org\/?p=6685\" target=\"_self\">La \u00abLuz Azul\u00bb inunda  Toledo.<\/a><\/span><\/h4><\/div><div class=\"btSubTitle\"><span class=\"btArticleDate\">30 abril, 2018<\/span><a href=\"https:\/\/mojateporlavida.org\/?author=2\" class=\"btArticleAuthor\">by Agust\u00edn Ram\u00edrez<\/a><\/div><\/header>\n\t\t\t\t<p class=\"btLatestPostContent\">El Documental \u00abLuz Azul, un mar de vida\u00bb se presenta en la Universidad de Toledo<\/p>\n\t\t\t\t\t<\/div>\n\t\t\t\t<\/div>\n\t\t\t\t<div class=\"btSingleLatestPost col-sm-12 col-ms-12  inherit\"><div class=\"btSingleLatestPostImage btTextCenter\"><div class=\"bpgPhoto \" > \r\n\t\t\t\t\t<a href=\"https:\/\/mojateporlavida.org\/?p=6156\" target=\"_self\" title=\"\"><\/a>\r\n\t\t\t\t\t<div class=\"boldPhotoBox\"><div class=\"bpbItem\"><div class = \"btImage\"><img src=\"https:\/\/mojateporlavida.org\/wp-content\/uploads\/2017\/09\/E5IMG_0754L-320x240.jpg\" alt=\"\" title=\"\"><\/div><\/div><\/div>\r\n\t\t\t\t\t<div class=\"captionPane btDarkSkin btTextCenter\">\r\n\t\t\t\t\t\t<div class=\"captionTable\">\r\n\t\t\t\t\t\t\t<div class=\"captionCell\">\r\n\t\t\t\t\t\t\t\t<div class=\"captionTxt\"><\/div>\r\n\t\t\t\t\t\t\t<\/div>\r\n\t\t\t\t\t\t<\/div>\r\n\t\t\t\t\t<\/div><\/div><\/div><div class = \"btSingleLatestPostContent\">\n\t\t\t\t\t\t<header class=\"header btClear small\" ><div class=\"dash\"><h4><span class=\"headline\"><a href=\"https:\/\/mojateporlavida.org\/?p=6156\" target=\"_self\">Quinta Etapa. San Jos\u00e9-San Miguel de Cabo de Gata.<\/a><\/span><\/h4><\/div><div class=\"btSubTitle\"><span class=\"btArticleDate\">26 agosto, 2017<\/span><a href=\"https:\/\/mojateporlavida.org\/?author=2\" class=\"btArticleAuthor\">by Agust\u00edn Ram\u00edrez<\/a><\/div><\/header>\n\t\t\t\t<p class=\"btLatestPostContent\">5\u00aa y \u00faltima etapa del Reto: 10 personas normales nadan la franja costera del Parque Natural Cabo de Gata \u2013 N\u00efjar por la investigaci\u00f3n contra el c\u00e1ncer infantil.<\/p>\n\t\t\t\t\t<\/div>\n\t\t\t\t<\/div>\n\t\t\t\t<div class=\"btSingleLatestPost col-sm-12 col-ms-12  inherit\"><div class=\"btSingleLatestPostImage btTextCenter\"><div class=\"bpgPhoto \" > \r\n\t\t\t\t\t<a href=\"https:\/\/mojateporlavida.org\/?p=6074\" target=\"_self\" title=\"\"><\/a>\r\n\t\t\t\t\t<div class=\"boldPhotoBox\"><div class=\"bpbItem\"><div class = \"btImage\"><img src=\"https:\/\/mojateporlavida.org\/wp-content\/uploads\/2017\/09\/E4angelA-320x240.jpg\" alt=\"\" title=\"\"><\/div><\/div><\/div>\r\n\t\t\t\t\t<div class=\"captionPane btDarkSkin btTextCenter\">\r\n\t\t\t\t\t\t<div class=\"captionTable\">\r\n\t\t\t\t\t\t\t<div class=\"captionCell\">\r\n\t\t\t\t\t\t\t\t<div class=\"captionTxt\"><\/div>\r\n\t\t\t\t\t\t\t<\/div>\r\n\t\t\t\t\t\t<\/div>\r\n\t\t\t\t\t<\/div><\/div><\/div><div class = \"btSingleLatestPostContent\">\n\t\t\t\t\t\t<header class=\"header btClear small\" ><div class=\"dash\"><h4><span class=\"headline\"><a href=\"https:\/\/mojateporlavida.org\/?p=6074\" target=\"_self\">Cuarta Etapa. Isleta del Moro- San Jos\u00e9.<\/a><\/span><\/h4><\/div><div class=\"btSubTitle\"><span class=\"btArticleDate\">25 agosto, 2017<\/span><a href=\"https:\/\/mojateporlavida.org\/?author=2\" class=\"btArticleAuthor\">by Agust\u00edn Ram\u00edrez<\/a><\/div><\/header>\n\t\t\t\t<p class=\"btLatestPostContent\">4\u00aa Etapa. La Etapa m\u00e1s complicada superada con \u00e9xito.<\/p>\n\t\t\t\t\t<\/div>\n\t\t\t\t<\/div>\n\t\t\t\t<div class=\"btSingleLatestPost col-sm-12 col-ms-12  inherit\"><div class=\"btSingleLatestPostImage btTextCenter\"><div class=\"bpgPhoto \" > \r\n\t\t\t\t\t<a href=\"https:\/\/mojateporlavida.org\/?p=6040\" target=\"_self\" title=\"\"><\/a>\r\n\t\t\t\t\t<div class=\"boldPhotoBox\"><div class=\"bpbItem\"><div class = \"btImage\"><img src=\"https:\/\/mojateporlavida.org\/wp-content\/uploads\/2017\/08\/E3equipolostroncos-320x240.jpg\" alt=\"\" title=\"\"><\/div><\/div><\/div>\r\n\t\t\t\t\t<div class=\"captionPane btDarkSkin btTextCenter\">\r\n\t\t\t\t\t\t<div class=\"captionTable\">\r\n\t\t\t\t\t\t\t<div class=\"captionCell\">\r\n\t\t\t\t\t\t\t\t<div class=\"captionTxt\"><\/div>\r\n\t\t\t\t\t\t\t<\/div>\r\n\t\t\t\t\t\t<\/div>\r\n\t\t\t\t\t<\/div><\/div><\/div><div class = \"btSingleLatestPostContent\">\n\t\t\t\t\t\t<header class=\"header btClear small\" ><div class=\"dash\"><h4><span class=\"headline\"><a href=\"https:\/\/mojateporlavida.org\/?p=6040\" target=\"_self\">Tercera Etapa. Las Negras-Isleta del Moro<\/a><\/span><\/h4><\/div><div class=\"btSubTitle\"><span class=\"btArticleDate\">24 agosto, 2017<\/span><a href=\"https:\/\/mojateporlavida.org\/?author=2\" class=\"btArticleAuthor\">by Agust\u00edn Ram\u00edrez<\/a><\/div><\/header>\n\t\t\t\t<p class=\"btLatestPostContent\">Tercera Etapa del Reto. Ecuador de la traves\u00eda en La Isleta del Moro: el desembarco de la solidaridad<\/p>\n\t\t\t\t\t<\/div>\n\t\t\t\t<\/div><\/div><div class=\"btClear btSeparator topExtraSpaced bottomExtraSpaced noBorder\" ><hr><\/div><div class=\"btClear btSeparator topExtraSpaced bottomExtraSpaced noBorder\" ><hr><\/div><\/div><\/div><\/div><\/div><\/div><\/div><\/div><\/section>","protected":false},"excerpt":{"rendered":"","protected":false},"author":1,"featured_media":5189,"comment_status":"open","ping_status":"open","sticky":false,"template":"","format":"audio","meta":[],"categories":[129,85,128],"tags":[114,138,141,182,86,139],"_links":{"self":[{"href":"https:\/\/mojateporlavida.org\/index.php?rest_route=\/wp\/v2\/posts\/5187"}],"collection":[{"href":"https:\/\/mojateporlavida.org\/index.php?rest_route=\/wp\/v2\/posts"}],"about":[{"href":"https:\/\/mojateporlavida.org\/index.php?rest_route=\/wp\/v2\/types\/post"}],"author":[{"embeddable":true,"href":"https:\/\/mojateporlavida.org\/index.php?rest_route=\/wp\/v2\/users\/1"}],"replies":[{"embeddable":true,"href":"https:\/\/mojateporlavida.org\/index.php?rest_route=%2Fwp%2Fv2%2Fcomments&post=5187"}],"version-history":[{"count":9,"href":"https:\/\/mojateporlavida.org\/index.php?rest_route=\/wp\/v2\/posts\/5187\/revisions"}],"predecessor-version":[{"id":5207,"href":"https:\/\/mojateporlavida.org\/index.php?rest_route=\/wp\/v2\/posts\/5187\/revisions\/5207"}],"wp:featuredmedia":[{"embeddable":true,"href":"https:\/\/mojateporlavida.org\/index.php?rest_route=\/wp\/v2\/media\/5189"}],"wp:attachment":[{"href":"https:\/\/mojateporlavida.org\/index.php?rest_route=%2Fwp%2Fv2%2Fmedia&parent=5187"}],"wp:term":[{"taxonomy":"category","embeddable":true,"href":"https:\/\/mojateporlavida.org\/index.php?rest_route=%2Fwp%2Fv2%2Fcategories&post=5187"},{"taxonomy":"post_tag","embeddable":true,"href":"https:\/\/mojateporlavida.org\/index.php?rest_route=%2Fwp%2Fv2%2Ftags&post=5187"}],"curies":[{"name":"wp","href":"https:\/\/api.w.org\/{rel}","templated":true}]}}