{"id":5173,"date":"2017-04-24T19:54:10","date_gmt":"2017-04-24T17:54:10","guid":{"rendered":"http:\/\/mojateporlavida.org\/?p=5173"},"modified":"2017-04-24T22:29:24","modified_gmt":"2017-04-24T20:29:24","slug":"alhambra-nievas-se-moja-por-la-vida","status":"publish","type":"post","link":"https:\/\/mojateporlavida.org\/?p=5173","title":{"rendered":"Alhambra Nievas se Moja por la Vida"},"content":{"rendered":"<section id=\"bt_section69efacc16900c\"  class=\"boldSection gutter\" ><div class=\"port\"><div class=\"boldCell\"><div class=\"boldCellInner\"><\/div><\/div><\/div><\/section><section id=\"bt_section69efacc1690c4\"  class=\"boldSection gutter\" ><div class=\"port\"><div class=\"boldCell\"><div class=\"boldCellInner\"><div class=\"boldRow \" ><div class=\"boldRowInner\"><div class=\"rowItem col-md-12 col-ms-12  btTextLeft\"  data-width=\"12\"><div class=\"rowItemContent\" ><div class=\"btText\" ><\/div><\/div><\/div><\/div><\/div><\/div><\/div><\/div><\/section><section id=\"bt_section69efacc16930d\"  class=\"boldSection gutter\" ><div class=\"port\"><div class=\"boldCell\"><div class=\"boldCellInner\"><div class=\"boldRow \" ><div class=\"boldRowInner\"><div class=\"rowItem col-md-12 col-ms-12  btTextLeft\"  data-width=\"12\"><div class=\"rowItemContent\" ><div class=\"btText\" ><p><iframe loading=\"lazy\" src=\"https:\/\/www.youtube.com\/embed\/v9JoRJJJWvQ\" width=\"560\" height=\"315\" frameborder=\"0\" allowfullscreen=\"allowfullscreen\"><\/iframe><\/p>\n<\/div><\/div><\/div><\/div><\/div><\/div><\/div><\/div><\/section><section id=\"bt_section69efacc1697a5\"  class=\"boldSection gutter\" ><div class=\"port\"><div class=\"boldCell\"><div class=\"boldCellInner\"><div class=\"boldRow \" ><div class=\"boldRowInner\"><div class=\"rowItem col-md-12 col-ms-12  btTextLeft\"  data-width=\"12\"><div class=\"rowItemContent\" ><\/div><\/div><\/div><\/div><div class=\"boldRow \" ><div class=\"boldRowInner\"><div class=\"rowItem col-md-4 col-ms-12 btTextLeft\"  data-width=\"4\"><div class=\"rowItemContent\" ><div class=\"btClear btSeparator topSemiSpaced bottomSemiSpaced noBorder\" ><hr><\/div><div class=\"bpgPhoto \" ><div class = \"btImage\"><img src=\"https:\/\/mojateporlavida.org\/wp-content\/uploads\/2017\/04\/Alhambra_Nievas.jpg\" alt=\"\" title=\"\"><\/div><\/div><\/div><\/div><div class=\"rowItem col-md-8 col-ms-12 btTextLeft\"  data-width=\"8\"><div class=\"rowItemContent\" ><header class=\"header btClear medium  btHeaderAccent2\" ><div class=\"dash\"><h3><span class=\"headline\">Alambra Nievas<\/span><\/h3><\/div><\/header><div class=\"btText\" ><p>Alambra Nievas (Granada, 1983) Teleco y \u00e1rbitro de rugby. Enamorada del Rugby. Un bicho raro pero feliz. Embajadora oficial de Canterbury. Siempre aprendiendo.<\/p>\n<p>Un bicho raro que a los 19 a\u00f1os comenz\u00f3 su andadura en el rugby en la Universidad de M\u00e1laga. Estuvo jugando 11 temporadas jugando a nivel nacional y 3 de ellas fue internacional con la selecci\u00f3n espa\u00f1ola. En 2013 tuvo que decidir si segu\u00eda compitiendo o se decantaba por su papel de \u00e1rbitro, eligi\u00f3 lo segundo.<\/p>\n<\/div><\/div><\/div><\/div><\/div><\/div><\/div><\/div><\/section><section id=\"bt_section69efacc169e97\"  class=\"boldSection gutter\" ><div class=\"port\"><div class=\"boldCell\"><div class=\"boldCellInner\"><div class=\"boldRow \" ><div class=\"boldRowInner\"><div class=\"rowItem col-md-9 col-ms-12  btTextLeft\"  data-width=\"9\"><div class=\"rowItemContent\" ><div class=\"btClear btSeparator topSemiSpaced bottomSemiSpaced noBorder\" ><hr><\/div><div class=\"btText\" ><p>Es la \u00fanica persona espa\u00f1ola que arbitra con dedicaci\u00f3n plena en esta tarea. Fue nominada en 2015 en la categor\u00eda de arbitraje en los World Rubgy Awards, llev\u00e1ndose el premio el gal\u00e9s Nigel Owens, siendo en cualquier caso la primera mujer que optar\u00e1 a este premio. En 2016 fue elegida la mejor \u00e1rbitro del mundo en los World Rugby Awards.<\/p>\n<\/div><\/div><\/div><div class=\"rowItem col-md-3 col-sm-6 col-ms-12 btTextLeft\"  data-width=\"3\"><div class=\"rowItemContent\" ><div class=\"bpgPhoto \" ><div class = \"btImage\"><img src=\"https:\/\/mojateporlavida.org\/wp-content\/uploads\/2017\/04\/14791649797900.jpg\" alt=\"\" title=\"\"><\/div><\/div><\/div><\/div><\/div><\/div><\/div><\/div><\/div><\/section><section id=\"bt_section69efacc16a498\"  class=\"boldSection gutter\" ><div class=\"port\"><div class=\"boldCell\"><div class=\"boldCellInner\"><div class=\"boldRow \" ><div class=\"boldRowInner\"><div class=\"rowItem col-md-4 col-ms-12 btTextLeft\"  data-width=\"4\"><div class=\"rowItemContent\" ><div class=\"btClear btSeparator topSemiSpaced bottomSemiSpaced noBorder\" ><hr><\/div><div class=\"btText\" ><p><iframe loading=\"lazy\" src=\"https:\/\/www.youtube.com\/embed\/0snRPRO8gO4\" width=\"560\" height=\"315\" frameborder=\"0\" allowfullscreen=\"allowfullscreen\"><\/iframe><\/p>\n<\/div><div class=\"btClear btSeparator topSemiSpaced bottomSemiSpaced noBorder\" ><hr><\/div><div class=\"btText\" ><p><iframe loading=\"lazy\" src=\"https:\/\/www.youtube.com\/embed\/wK9diGk21lQ\" width=\"560\" height=\"315\" frameborder=\"0\" allowfullscreen=\"allowfullscreen\"><\/iframe><\/p>\n<\/div><\/div><\/div><div class=\"rowItem col-md-8 col-ms-12 btTextLeft\"  data-width=\"8\"><div class=\"rowItemContent\" ><header class=\"header btClear large  btHeaderAccent4\" ><div class=\"dash\"><h2><span class=\"headline\">Hitos en su trayectoria de arbitraje:<\/span><\/h2><\/div><\/header><div class=\"btText\" ><ul>\n<li>Desde 2012 arbitra partidos de la Divisi\u00f3n de Honor masculina.<\/li>\n<li>Desde 2013, arbitra a nivel internacional femenino.<\/li>\n<li>En 2014 debut\u00f3 en el rugby XV en el Eden Park con un Nueva Zelanda-Samoa, justo antes de un partido de los &#8216;All Blacks&#8217;.<\/li>\n<li>En 2014 se convirti\u00f3, tras\u00a0<a href=\"https:\/\/es.wikipedia.org\/w\/index.php?title=Paloma_Loza&amp;action=edit&amp;redlink=1\">Paloma Loza<\/a>\u00a0e\u00a0<a href=\"https:\/\/es.wikipedia.org\/w\/index.php?title=Itziar_Diaz&amp;action=edit&amp;redlink=1\">Itziar Diaz<\/a>, en la tercera mujer en dirigir la final de Copa del Rey masculina. Dirigi\u00f3 el Quesos-Bathco en La Balastera (Palencia).<\/li>\n<li>En 2014 dirigi\u00f3 dos partidos de la\u00a0<a href=\"https:\/\/es.wikipedia.org\/wiki\/Copa_Mundial_Femenina_de_Rugby_de_2014\">Copa Mundial Femenina de Rugby de 2014<\/a>. Nievas, se convierte en la primera espa\u00f1ola tras el colegiado madrile\u00f1o\u00a0<a href=\"https:\/\/es.wikipedia.org\/w\/index.php?title=Jos%C3%A9_Juega&amp;action=edit&amp;redlink=1\">Jos\u00e9 Juega<\/a>\u00a0en llegar a estar en un Mundial.<\/li>\n<li>En 2015 en el\u00a0<a href=\"https:\/\/es.wikipedia.org\/wiki\/Torneo_de_las_Seis_Naciones_2016\">Seis Naciones<\/a>\u00a0arbitr\u00f3 tres partidos.<\/li>\n<li>En el Preol\u00edmpico masculino y en la final de los Juegos Ol\u00edmpicos, todas las mujeres que iban a arbitrar en los Juegos de R\u00edo, acudieron como reservas al Preol\u00edmpico masculino de M\u00f3naco. Alhambra pit\u00f3 dos partidos por la lesi\u00f3n de un compa\u00f1ero.<\/li>\n<li>En 2016 en los\u00a0<a href=\"https:\/\/es.wikipedia.org\/wiki\/Juegos_Ol%C3%ADmpicos_de_R%C3%ADo_de_Janeiro_2016\">Juegos Ol\u00edmpicos de R\u00edo de Janeiro<\/a>, dirigi\u00f3 la final femenina de\u00a0<a href=\"https:\/\/es.wikipedia.org\/wiki\/Rugby_7_en_los_Juegos_Ol%C3%ADmpicos_de_R%C3%ADo_de_Janeiro_2016\">rugby 7<\/a>\u00a0entre Australia y Nueva Zelanda.<\/li>\n<li>En 2016 en el\u00a0<a href=\"https:\/\/es.wikipedia.org\/wiki\/Torneo_de_las_Seis_Naciones_2016\">Seis Naciones<\/a>\u00a0arbitr\u00f3 el partido Inglaterra-Irlanda.<\/li>\n<li>En noviembre de 2016, primera mujer en dirigir un &#8216;test match&#8217; masculino en Anoeta (San Sebasti\u00e1n) en un partido Tonga- Estados Unidos.<\/li>\n<\/ul>\n<p>Blog: <a href=\"http:\/\/alhambranievas.laperabranding.eu\/\">http:\/\/alhambranievas.laperabranding.eu\/<\/a><\/p>\n<p>Twitter: @lunalni<\/p>\n<p>Facebook: <a href=\"http:\/\/www.facebook.com\/alhambra.nievas\">www.facebook.com\/alhambra.nievas<\/a><\/p>\n<p>Instagram: @alhambranievas<\/p>\n<\/div><\/div><\/div><\/div><\/div><\/div><\/div><\/div><\/section><section id=\"bt_section69efacc16a915\"  class=\"boldSection gutter\" ><div class=\"port\"><div class=\"boldCell\"><div class=\"boldCellInner\"><\/div><\/div><\/div><\/section><section id=\"bt_section69efacc16a980\"  class=\"boldSection gutter\" ><div class=\"port\"><div class=\"boldCell\"><div class=\"boldCellInner\"><\/div><\/div><\/div><\/section>","protected":false},"excerpt":{"rendered":"","protected":false},"author":2,"featured_media":5229,"comment_status":"open","ping_status":"open","sticky":false,"template":"","format":"audio","meta":[],"categories":[170,169],"tags":[114,184,186,185],"_links":{"self":[{"href":"https:\/\/mojateporlavida.org\/index.php?rest_route=\/wp\/v2\/posts\/5173"}],"collection":[{"href":"https:\/\/mojateporlavida.org\/index.php?rest_route=\/wp\/v2\/posts"}],"about":[{"href":"https:\/\/mojateporlavida.org\/index.php?rest_route=\/wp\/v2\/types\/post"}],"author":[{"embeddable":true,"href":"https:\/\/mojateporlavida.org\/index.php?rest_route=\/wp\/v2\/users\/2"}],"replies":[{"embeddable":true,"href":"https:\/\/mojateporlavida.org\/index.php?rest_route=%2Fwp%2Fv2%2Fcomments&post=5173"}],"version-history":[{"count":10,"href":"https:\/\/mojateporlavida.org\/index.php?rest_route=\/wp\/v2\/posts\/5173\/revisions"}],"predecessor-version":[{"id":5233,"href":"https:\/\/mojateporlavida.org\/index.php?rest_route=\/wp\/v2\/posts\/5173\/revisions\/5233"}],"wp:featuredmedia":[{"embeddable":true,"href":"https:\/\/mojateporlavida.org\/index.php?rest_route=\/wp\/v2\/media\/5229"}],"wp:attachment":[{"href":"https:\/\/mojateporlavida.org\/index.php?rest_route=%2Fwp%2Fv2%2Fmedia&parent=5173"}],"wp:term":[{"taxonomy":"category","embeddable":true,"href":"https:\/\/mojateporlavida.org\/index.php?rest_route=%2Fwp%2Fv2%2Fcategories&post=5173"},{"taxonomy":"post_tag","embeddable":true,"href":"https:\/\/mojateporlavida.org\/index.php?rest_route=%2Fwp%2Fv2%2Ftags&post=5173"}],"curies":[{"name":"wp","href":"https:\/\/api.w.org\/{rel}","templated":true}]}}