{"id":5029,"date":"2017-04-10T18:00:55","date_gmt":"2017-04-10T16:00:55","guid":{"rendered":"http:\/\/mojateporlavida.org\/?p=5029"},"modified":"2017-04-23T19:48:12","modified_gmt":"2017-04-23T17:48:12","slug":"miguel-indurain-se-moja-por-la-vida-y-tu","status":"publish","type":"post","link":"https:\/\/mojateporlavida.org\/?p=5029","title":{"rendered":"Miguel Indurain se Moja por la Vida. Y t\u00fa?"},"content":{"rendered":"<section id=\"bt_section69efc4775b908\"  class=\"boldSection gutter\" ><div class=\"port\"><div class=\"boldCell\"><div class=\"boldCellInner\"><div class=\"boldRow \" ><div class=\"boldRowInner\"><div class=\"rowItem col-md-8 col-ms-12 btTextLeft\"  data-width=\"8\"><div class=\"rowItemContent\" ><div class=\"bpgPhoto \" ><div class = \"btImage\"><img src=\"https:\/\/mojateporlavida.org\/wp-content\/uploads\/2017\/04\/2017-04-10-PHOTO-00012692.jpg\" alt=\"\" title=\"\"><\/div><\/div><div class=\"btClear btSeparator topSpaced bottomSpaced noBorder\" ><hr><\/div><\/div><\/div><div class=\"rowItem col-md-4 col-ms-12 btTextLeft\"  data-width=\"4\"><div class=\"rowItemContent\" ><div class=\"btClear btSeparator topLargeSpaced bottomLargeSpaced noBorder\" ><hr><\/div><header class=\"header btClear small  btHeaderAccent3\" ><div class=\"dash\"><h4><span class=\"headline\">ARANCHA CON MIGUEL INDURAIN<\/span><\/h4><\/div><\/header><\/div><\/div><\/div><\/div><\/div><\/div><\/div><\/section><section id=\"bt_section69efc4775bf02\"  class=\"boldSection gutter\" ><div class=\"port\"><div class=\"boldCell\"><div class=\"boldCellInner\"><div class=\"boldRow \" ><div class=\"boldRowInner\"><div class=\"rowItem col-md-12 col-ms-12  btTextLeft\"  data-width=\"12\"><div class=\"rowItemContent\" ><div class=\"btText\" ><p><iframe loading=\"lazy\" src=\"https:\/\/www.youtube.com\/embed\/ZlDztMljBC4\" width=\"560\" height=\"315\" frameborder=\"0\" allowfullscreen=\"allowfullscreen\"><\/iframe><\/p>\n<\/div><\/div><\/div><\/div><\/div><\/div><\/div><\/div><\/section><section id=\"bt_section69efc4775c3c1\"  class=\"boldSection gutter\" ><div class=\"port\"><div class=\"boldCell\"><div class=\"boldCellInner\"><div class=\"boldRow \" ><div class=\"boldRowInner\"><div class=\"rowItem col-md-8 col-ms-12 btTextLeft\"  data-width=\"8\"><div class=\"rowItemContent\" ><div class=\"btText\" ><p>Miguel Indurain (Villava, Navarra, 16 de julio de 1964 ).\u00a0 Fue ganador del Tour de Francia durante cinco a\u00f1os consecutivos (de 1991 a 1995) y del Giro de Italia en dos ocasiones consecutivas (1992 y 1993); fue adem\u00e1s campe\u00f3n del mundo contrarreloj (1995), campe\u00f3n ol\u00edmpico contrarreloj (1996) y poseedor del r\u00e9cord de la hora (1994) durante dos meses.<\/p>\n<p>Adem\u00e1s, gan\u00f3 varias vueltas por etapas de una semana y cl\u00e1sicas de un d\u00eda, destacando entre ellas la Volta a Catalu\u00f1a (1988, 1991 y 1992), la Par\u00eds-Niza (1989 y 1990), la Cl\u00e1sica de San Sebasti\u00e1n (1990), el Campeonato de Espa\u00f1a en Ruta (1992) y la Dauphin\u00e9 Lib\u00e9r\u00e9 (1995 y 1996), destacando sobremanera en las etapas contrarreloj para conseguir esas victorias, siendo simult\u00e1neamente uno de los mejores escaladores del panorama ciclista.<\/p>\n<p>Est\u00e1 considerado uno de los mejores ciclistas de la historia (junto a Eddy Merckx, Bernard Hinault, Jacques Anquetil y Fausto Coppi) y el octavo mejor del Tour de Francia seg\u00fan un jurado compuesto por cinco especialistas franceses y seleccionado por la organizaci\u00f3n del propio Tour.<\/p>\n<p>El palmar\u00e9s de Miguel Indurain le acredita como el mejor ciclista espa\u00f1ol de todos los tiempos y uno de los mejores deportistas de la historia del pa\u00eds, destacando por su capacidad de sacrificio y por su saber ganar. Fue galardonado con el Premio Pr\u00edncipe de Asturias de los Deportes, entre otros premios en reconocimiento a su carrera deportiva.<br \/>\n(Fuente: <a href=\"http:\/\/www.laindurain.com\/miguel-indurain\">http:\/\/www.laindurain.com\/miguel-indurain<\/a>)<\/p>\n<\/div><\/div><\/div><div class=\"rowItem col-md-4 col-ms-12 btTextLeft\"  data-width=\"4\"><div class=\"rowItemContent\" ><div class=\"bpgPhoto \" ><div class = \"btImage\"><img src=\"https:\/\/mojateporlavida.org\/wp-content\/uploads\/2017\/04\/Estella-GP-Mindurain.jpg\" alt=\"\" title=\"\"><\/div><\/div><\/div><\/div><\/div><\/div><div class=\"boldRow \" ><div class=\"boldRowInner\"><div class=\"rowItem col-md-8 col-ms-12 btTextLeft\"  data-width=\"8\"><div class=\"rowItemContent\" ><\/div><\/div><div class=\"rowItem col-md-4 col-ms-12 btTextLeft\"  data-width=\"4\"><div class=\"rowItemContent\" ><\/div><\/div><\/div><\/div><\/div><\/div><\/div><\/section><section id=\"bt_section69efc4775c9f5\"  class=\"boldSection gutter\" ><div class=\"port\"><div class=\"boldCell\"><div class=\"boldCellInner\"><div class=\"boldRow \" ><div class=\"boldRowInner\"><div class=\"rowItem col-md-12 col-ms-12  btTextLeft\"  data-width=\"12\"><div class=\"rowItemContent\" ><header class=\"header btClear extralarge\" ><div class=\"btSuperTitle\"><span>\u00a1GRACIAS!<\/span><\/div><div class=\"dash\"><h1><span class=\"headline\">MIGUEL INDURAIN<\/span><\/h1><\/div><div class=\"btSubTitle\">EL CORAZ\u00d3N M\u00c1S GRANDE DEL MUNDO<\/div><\/header><div class=\"btText\" ><p><iframe loading=\"lazy\" src=\"https:\/\/www.youtube.com\/embed\/9Wf5OMAW3r8\" width=\"560\" height=\"315\" frameborder=\"0\" allowfullscreen=\"allowfullscreen\"><\/iframe><\/p>\n<\/div><\/div><\/div><\/div><\/div><\/div><\/div><\/div><\/section>","protected":false},"excerpt":{"rendered":"<p>Miguel Indurain es un grande entre los grandes, pero adem\u00e1s muestra siempre su lado solidario y amable. Muy grande por dentro y por fuera el Navarro. Nuestra nadadora Arancha, encantada.<\/p>\n","protected":false},"author":2,"featured_media":5195,"comment_status":"open","ping_status":"open","sticky":false,"template":"","format":"audio","meta":[],"categories":[170,169],"tags":[114,166,167,168,51],"_links":{"self":[{"href":"https:\/\/mojateporlavida.org\/index.php?rest_route=\/wp\/v2\/posts\/5029"}],"collection":[{"href":"https:\/\/mojateporlavida.org\/index.php?rest_route=\/wp\/v2\/posts"}],"about":[{"href":"https:\/\/mojateporlavida.org\/index.php?rest_route=\/wp\/v2\/types\/post"}],"author":[{"embeddable":true,"href":"https:\/\/mojateporlavida.org\/index.php?rest_route=\/wp\/v2\/users\/2"}],"replies":[{"embeddable":true,"href":"https:\/\/mojateporlavida.org\/index.php?rest_route=%2Fwp%2Fv2%2Fcomments&post=5029"}],"version-history":[{"count":11,"href":"https:\/\/mojateporlavida.org\/index.php?rest_route=\/wp\/v2\/posts\/5029\/revisions"}],"predecessor-version":[{"id":5196,"href":"https:\/\/mojateporlavida.org\/index.php?rest_route=\/wp\/v2\/posts\/5029\/revisions\/5196"}],"wp:featuredmedia":[{"embeddable":true,"href":"https:\/\/mojateporlavida.org\/index.php?rest_route=\/wp\/v2\/media\/5195"}],"wp:attachment":[{"href":"https:\/\/mojateporlavida.org\/index.php?rest_route=%2Fwp%2Fv2%2Fmedia&parent=5029"}],"wp:term":[{"taxonomy":"category","embeddable":true,"href":"https:\/\/mojateporlavida.org\/index.php?rest_route=%2Fwp%2Fv2%2Fcategories&post=5029"},{"taxonomy":"post_tag","embeddable":true,"href":"https:\/\/mojateporlavida.org\/index.php?rest_route=%2Fwp%2Fv2%2Ftags&post=5029"}],"curies":[{"name":"wp","href":"https:\/\/api.w.org\/{rel}","templated":true}]}}