{"id":5024,"date":"2017-04-11T08:00:03","date_gmt":"2017-04-11T07:00:03","guid":{"rendered":"http:\/\/mojateporlavida.org\/?p=5024"},"modified":"2017-09-10T20:37:46","modified_gmt":"2017-09-10T18:37:46","slug":"1o-de-los-nadadores-invitados-al-reto-manuel-camara-nadador-por-cordoba","status":"publish","type":"post","link":"https:\/\/mojateporlavida.org\/?p=5024","title":{"rendered":"Manuel C\u00e1mara. Nadador por C\u00f3rdoba."},"content":{"rendered":"<section id=\"bt_section69efacd63a36e\"  class=\"boldSection gutter\" ><div class=\"port\"><div class=\"boldCell\"><div class=\"boldCellInner\"><\/div><\/div><\/div><\/section><section id=\"bt_section69efacd63a8c7\" data-parallax=\"0\" data-parallax-offset=\"0\" class=\"boldSection topSpaced bottomSemiSpaced btDarkSkin gutter inherit btParallax wBackground cover btBackgroundOverlay btSolidDarkBackground\" style=\"background-image:url('https:\/\/mojateporlavida.org\/wp-content\/uploads\/2017\/04\/manuel-camara.jpg');\"><div class=\"port\"><div class=\"boldCell\"><div class=\"boldCellInner\"><div class=\"boldRow \" ><div class=\"boldRowInner\"><div class=\"rowItem col-md-3 col-sm-6 col-ms-12 btTextLeft animate animate-fadein animate-moveup btMiddleVertical\"  data-width=\"3\"><div class=\"rowItemContent\" ><div class=\"bpgPhoto  btRoundedImage\" ><div class = \"btImage\"><img src=\"https:\/\/mojateporlavida.org\/wp-content\/uploads\/2017\/04\/camara.png\" alt=\"\" title=\"\"><\/div><\/div><div class=\"btClear btSeparator bottomSemiSpaced noBorder\" ><hr><\/div><\/div><\/div><div class=\"rowItem col-md-6 col-sm-12 btTextLeft animate animate-fadein animate-moveup btMiddleVertical\"  data-width=\"6\"><div class=\"rowItemContent\" ><header class=\"header btClear large  btHeaderAccent3\" ><div class=\"btSuperTitle\"><span>NADADOR DEL RETO<\/span><\/div><div class=\"dash\"><h2><span class=\"headline\">Francisco Manuel C\u00e1mara<\/span><\/h2><\/div><\/header><div class=\"btText\" ><p>Francisco Manuel C\u00e1mara nadador por #C\u00f3rdoba.<br \/>\nFrancisco no conoce la palabra l\u00edmite, siempre va m\u00e1s all\u00e1, con constantes objetivos en su mente que los convierte en \u00e9xitos rotundos, es un hombre con un coraz\u00f3n enorme, amigo incondicional, trabajador incansable, buen padre e inmejorable compa\u00f1ero de vida.<br \/>\nLas palabras\u00a0 colaboraci\u00f3n, justicia y solidaridad le corre por las venas en todo lo que le rodea y poner un granito de arena a su alcance para poder cambiar la realidad social\u00a0\u00a0 aunque sea un poquito es una filosof\u00eda de vida para \u00e9l.<br \/>\nLa nataci\u00f3n es su gran pasi\u00f3n y el mar es testigo de eso durante todo el a\u00f1o sin temerle a nada y como no compartiendo tan valiosos momentos para \u00e9l con sus compa\u00f1eros de locuras acu\u00e1ticas y su familia.<\/p>\n<\/div><div class=\"btIconImageRow\" style=\"padding: 1em 0;\"><span class=\"btIco btIcoFilledType btIcoSmallSize btAccent1Icon\"><a href=\"https:\/\/www.facebook.com\/franciscomanuel.camaraluna\"  target=\"no_target\" data-ico-fa=\"&#xf09a;\" class=\"btIcoHolder\"><\/a><\/span><span class=\"btIco btIcoFilledType btIcoSmallSize btAccent2Icon\"><a href=\"http:\/\/www.twitter.com\/pacocamara\"  target=\"no_target\" data-ico-fa=\"&#xf099;\" class=\"btIcoHolder\"><\/a><\/span><\/div><div class=\"btClear btSeparator bottomSemiSpaced noBorder\" ><hr><\/div><\/div><\/div><div class=\"rowItem col-md-3 col-sm-6 col-ms-12 btTextLeft animate animate-fadein animate-moveup btMiddleVertical btDoublePadding\"  data-width=\"3\"><div class=\"rowItemContent\" ><div class=\"btClear btSeparator bottomSemiSpaced noBorder\" ><hr><\/div><a href=\"mailto:camarajr_2@hotmail.com\" class=\"btBtn btBtn btnOutlineStyle btndefaultColor btnSmall btnFullWidth btnRightPosition btnIco\" ><span class=\"btnInnerText\">CONTACT<\/span><span class=\"btIco \"><span  data-ico-fa=\"&#xf003;\" class=\"btIcoHolder\"><\/span><\/span><\/a><div class=\"btClear btSeparator topSmallSpaced noBorder\" ><hr><\/div><a href=\"https:\/\/solidarios.criscancer.org\/fundraisers\/cabo-de-gata-swim-project-mojate-por-la-vida\" class=\"btBtn btBtn btnOutlineStyle btndefaultColor btnMedium btnFullWidth btnRightPosition btnIco\" ><span class=\"btnInnerText\">METROS PARA C\u00c1MARA<\/span><span class=\"btIco \"><span  data-ico-fa=\"&#xf016;\" class=\"btIcoHolder\"><\/span><\/span><\/a><\/div><\/div><\/div><\/div><\/div><\/div><\/div><\/section><section id=\"bt_section69efacd63bd81\"  class=\"boldSection gutter\" ><div class=\"port\"><div class=\"boldCell\"><div class=\"boldCellInner\"><div class=\"boldRow \" ><div class=\"boldRowInner\"><div class=\"rowItem col-md-12 col-ms-12  btTextLeft\"  data-width=\"12\"><div class=\"rowItemContent\" ><div class=\"btText\" ><p>\u00bfQuieres saber m\u00e1s sobre Francisco Manuel C\u00e1mara?<\/p>\n<\/div><div class=\"btIconImageRow\" ><span class=\"btIco btIcoDefaultType btIcoMediumSize btDefaultIcon\"><a href=\"http:\/\/mojateporlavida.org\/?page_id=5004\"  target=\"no_target\" data-ico-fa=\"&#xf05a;\" class=\"btIcoHolder\"><span>M\u00e1s sobre Francisco Manuel C\u00e1mara<\/span><\/a><\/span><\/div><\/div><\/div><\/div><\/div><\/div><\/div><\/div><\/section>","protected":false},"excerpt":{"rendered":"","protected":false},"author":2,"featured_media":5005,"comment_status":"open","ping_status":"open","sticky":false,"template":"","format":"link","meta":[],"categories":[164,85,247],"tags":[114,165,140,143],"_links":{"self":[{"href":"https:\/\/mojateporlavida.org\/index.php?rest_route=\/wp\/v2\/posts\/5024"}],"collection":[{"href":"https:\/\/mojateporlavida.org\/index.php?rest_route=\/wp\/v2\/posts"}],"about":[{"href":"https:\/\/mojateporlavida.org\/index.php?rest_route=\/wp\/v2\/types\/post"}],"author":[{"embeddable":true,"href":"https:\/\/mojateporlavida.org\/index.php?rest_route=\/wp\/v2\/users\/2"}],"replies":[{"embeddable":true,"href":"https:\/\/mojateporlavida.org\/index.php?rest_route=%2Fwp%2Fv2%2Fcomments&post=5024"}],"version-history":[{"count":4,"href":"https:\/\/mojateporlavida.org\/index.php?rest_route=\/wp\/v2\/posts\/5024\/revisions"}],"predecessor-version":[{"id":6161,"href":"https:\/\/mojateporlavida.org\/index.php?rest_route=\/wp\/v2\/posts\/5024\/revisions\/6161"}],"wp:featuredmedia":[{"embeddable":true,"href":"https:\/\/mojateporlavida.org\/index.php?rest_route=\/wp\/v2\/media\/5005"}],"wp:attachment":[{"href":"https:\/\/mojateporlavida.org\/index.php?rest_route=%2Fwp%2Fv2%2Fmedia&parent=5024"}],"wp:term":[{"taxonomy":"category","embeddable":true,"href":"https:\/\/mojateporlavida.org\/index.php?rest_route=%2Fwp%2Fv2%2Fcategories&post=5024"},{"taxonomy":"post_tag","embeddable":true,"href":"https:\/\/mojateporlavida.org\/index.php?rest_route=%2Fwp%2Fv2%2Ftags&post=5024"}],"curies":[{"name":"wp","href":"https:\/\/api.w.org\/{rel}","templated":true}]}}