{"id":4845,"date":"2017-04-02T14:50:30","date_gmt":"2017-04-02T13:50:30","guid":{"rendered":"http:\/\/mojateporlavida.org\/?p=4845"},"modified":"2017-05-03T13:37:56","modified_gmt":"2017-05-03T11:37:56","slug":"mojate-por-la-vida-en-la-gala-del-deporte-de-la-ciudad-de-tijola","status":"publish","type":"post","link":"https:\/\/mojateporlavida.org\/?p=4845","title":{"rendered":"M\u00f3jate por la Vida en la Gala del Deporte de La Ciudad de T\u00edjola"},"content":{"rendered":"<p><span class=\" _50f4\">El pasado viernes 30 de abril comprobamos como T\u00edjola se \u00abmoja por la vida\u00bb #mojateporlavida tuvo el gran honor de poder presentar nuestro proyecto en la I Gala del Deporte de la Ciudad de T\u00edjola 2017.<\/span><\/p>\n<p><span class=\" _50f4\">De la mano del Tijole\u00f1o Jose Ram\u00f3n Martinez Teruel, nuestro proyecto solidario luci\u00f3 dentro de una estupenda Gala Deportiva. Gracias por mojaros con nosotros.<\/span><\/p>\n<p>Yo me mojo por la vida, y t\u00fa? #mojateporlavida<\/p>\n<p>#almeriasemoja<\/p>\n<p>&nbsp;<\/p>\n","protected":false},"excerpt":{"rendered":"<p>El pasado viernes 30 de abril comprobamos como T\u00edjola se \u00abmoja por la vida\u00bb #mojateporlavida tuvo el gran honor de poder presentar nuestro proyecto en la I Gala del Deporte [&hellip;]<\/p>\n","protected":false},"author":2,"featured_media":4846,"comment_status":"open","ping_status":"open","sticky":false,"template":"","format":"gallery","meta":[],"categories":[84],"tags":[114,153,152],"_links":{"self":[{"href":"https:\/\/mojateporlavida.org\/index.php?rest_route=\/wp\/v2\/posts\/4845"}],"collection":[{"href":"https:\/\/mojateporlavida.org\/index.php?rest_route=\/wp\/v2\/posts"}],"about":[{"href":"https:\/\/mojateporlavida.org\/index.php?rest_route=\/wp\/v2\/types\/post"}],"author":[{"embeddable":true,"href":"https:\/\/mojateporlavida.org\/index.php?rest_route=\/wp\/v2\/users\/2"}],"replies":[{"embeddable":true,"href":"https:\/\/mojateporlavida.org\/index.php?rest_route=%2Fwp%2Fv2%2Fcomments&post=4845"}],"version-history":[{"count":5,"href":"https:\/\/mojateporlavida.org\/index.php?rest_route=\/wp\/v2\/posts\/4845\/revisions"}],"predecessor-version":[{"id":5299,"href":"https:\/\/mojateporlavida.org\/index.php?rest_route=\/wp\/v2\/posts\/4845\/revisions\/5299"}],"wp:featuredmedia":[{"embeddable":true,"href":"https:\/\/mojateporlavida.org\/index.php?rest_route=\/wp\/v2\/media\/4846"}],"wp:attachment":[{"href":"https:\/\/mojateporlavida.org\/index.php?rest_route=%2Fwp%2Fv2%2Fmedia&parent=4845"}],"wp:term":[{"taxonomy":"category","embeddable":true,"href":"https:\/\/mojateporlavida.org\/index.php?rest_route=%2Fwp%2Fv2%2Fcategories&post=4845"},{"taxonomy":"post_tag","embeddable":true,"href":"https:\/\/mojateporlavida.org\/index.php?rest_route=%2Fwp%2Fv2%2Ftags&post=4845"}],"curies":[{"name":"wp","href":"https:\/\/api.w.org\/{rel}","templated":true}]}}