{"id":4767,"date":"2017-03-29T00:40:37","date_gmt":"2017-03-28T23:40:37","guid":{"rendered":"http:\/\/mojateporlavida.org\/?p=4767"},"modified":"2017-03-29T15:39:35","modified_gmt":"2017-03-29T14:39:35","slug":"13015-kilometros-en-121-horas-de-natacion-ininterrumpidas","status":"publish","type":"post","link":"https:\/\/mojateporlavida.org\/?p=4767","title":{"rendered":"130,15 kil\u00f3metros en 12+1 horas de nataci\u00f3n ininterrumpidas"},"content":{"rendered":"<section id=\"bt_section69ef94ef7384d\"  class=\"boldSection gutter\" ><div class=\"port\"><div class=\"boldCell\"><div class=\"boldCellInner\"><div class=\"boldRow \" ><div class=\"boldRowInner\"><div class=\"rowItem col-md-12 col-ms-12  btTextLeft\"  data-width=\"12\"><div class=\"rowItemContent\" ><div class=\"btText\" ><p>140 nadadores dieron brazadas solidarias durante las 12+1 horas de nataci\u00f3n que se desarrollaron el pasado 25 de marzo en el CDU Juan Fern\u00e1ndez Gonz\u00e1lez dentro de \u201cM\u00f3jate por la vida\u201d, para ello contaron con el apoyo de 34 voluntarios que iban anotando concienzudamente cada brazada. Lograron sumar el doble del recorrido al que tendr\u00e1n que enfrentarse nuestros 10 nadadores en agosto, un buen entrenamiento s\u00ed se\u00f1or.<\/p>\n<p>En esta actividad participaron nadadores de los clubes almerienses: CN Almer\u00eda, CN Ego, CN Berja, CN Bah\u00eda de Almer\u00eda y CD TurAniAnA; as\u00ed como nadadores sin club, usando para ello la calle \u201cO\u201d.<\/p>\n<figure id=\"attachment_4774\" aria-describedby=\"caption-attachment-4774\" style=\"width: 640px\" class=\"wp-caption aligncenter\"><img decoding=\"async\" loading=\"lazy\" class=\"wp-image-4774 size-medium\" title=\"Club TurAniAnA\" src=\"http:\/\/mojateporlavida.org\/wp-content\/uploads\/2017\/03\/PARTICIPACIO\u0301N-CDTURANIANA-BAJA-640x426.jpg\" alt=\"\" width=\"640\" height=\"426\" \/><figcaption id=\"caption-attachment-4774\" class=\"wp-caption-text\">Club TurAniAnA<\/figcaption><\/figure>\n<figure id=\"attachment_4773\" aria-describedby=\"caption-attachment-4773\" style=\"width: 640px\" class=\"wp-caption aligncenter\"><img decoding=\"async\" loading=\"lazy\" class=\"wp-image-4773 size-medium\" src=\"http:\/\/mojateporlavida.org\/wp-content\/uploads\/2017\/03\/Participacio\u0301n-CN-BAHIA-DE-ALMERIA-BAJA-640x426.jpg\" alt=\"\" width=\"640\" height=\"426\" \/><figcaption id=\"caption-attachment-4773\" class=\"wp-caption-text\">CN Bah\u00eda de Almer\u00eda<\/figcaption><\/figure>\n<figure id=\"attachment_4771\" aria-describedby=\"caption-attachment-4771\" style=\"width: 640px\" class=\"wp-caption aligncenter\"><img decoding=\"async\" loading=\"lazy\" class=\"wp-image-4771 size-medium\" src=\"http:\/\/mojateporlavida.org\/wp-content\/uploads\/2017\/03\/Participacio\u0301n-CN-ALMERI\u0301A-baja-640x426.jpeg\" alt=\"\" width=\"640\" height=\"426\" \/><figcaption id=\"caption-attachment-4771\" class=\"wp-caption-text\">CN Almer\u00eda<\/figcaption><\/figure>\n<p>Los reconocimientos que se hicieron fueron los siguientes:<\/p>\n<\/div><\/div><\/div><\/div><\/div><\/div><\/div><\/div><\/section><section id=\"bt_section69ef94ef73f65\"  class=\"boldSection gutter\" ><div class=\"port\"><div class=\"boldCell\"><div class=\"boldCellInner\"><div class=\"boldRow \" ><div class=\"boldRowInner\"><div class=\"rowItem col-md-12 col-ms-12  btTextLeft\"  data-width=\"12\"><div class=\"rowItemContent\" ><div class=\"btClear btSeparator topSmallSpaced bottomSmallSpaced border\" ><hr><\/div><div class=\"btText\" ><blockquote>\n<p style=\"text-align: center;\">El premio al nadador\/a m\u00e1s longevo: Adolfo Garc\u00eda de Viana (1941)<\/p>\n<\/blockquote>\n<\/div><div class=\"tilesWall btGridGallery tiled  btGridGap-0 lightbox\" data-col=\"3\"><div class=\"gridSizer\"><\/div><div class=\"gridItem btGhostSliderThumb bt11\" data-order-num=\"-1\"><div class=\"btTileBox\"><div class=\"bpgPhoto \" > \r\n\t\t\t\t\t<a href=\"https:\/\/mojateporlavida.org\/wp-content\/uploads\/2017\/03\/ADOLFO-1.jpg\" class=\"lightbox\" data-title=\"\"><\/a>\r\n\t\t\t\t\t<div class=\"boldPhotoBox\"><div class=\"bpbItem\"><div class = \"btImage\"><img src=\"https:\/\/mojateporlavida.org\/wp-content\/uploads\/2017\/03\/ADOLFO-1-640x640.jpg\" alt=\"\" title=\"\"><\/div><\/div><\/div>\r\n\t\t\t\t\t<div class=\"captionPane btDarkSkin btTextCenter\">\r\n\t\t\t\t\t\t<div class=\"captionTable\">\r\n\t\t\t\t\t\t\t<div class=\"captionCell\">\r\n\t\t\t\t\t\t\t\t<div class=\"captionTxt\"><\/div>\r\n\t\t\t\t\t\t\t<\/div>\r\n\t\t\t\t\t\t<\/div>\r\n\t\t\t\t\t<\/div><\/div><\/div><\/div><div class=\"gridItem btGhostSliderThumb bt11\" data-order-num=\"0\"><div class=\"btTileBox\"><div class=\"bpgPhoto \" > \r\n\t\t\t\t\t<a href=\"https:\/\/mojateporlavida.org\/wp-content\/uploads\/2017\/03\/ADOLFO-2.jpg\" class=\"lightbox\" data-title=\"\"><\/a>\r\n\t\t\t\t\t<div class=\"boldPhotoBox\"><div class=\"bpbItem\"><div class = \"btImage\"><img src=\"https:\/\/mojateporlavida.org\/wp-content\/uploads\/2017\/03\/ADOLFO-2-640x640.jpg\" alt=\"\" title=\"\"><\/div><\/div><\/div>\r\n\t\t\t\t\t<div class=\"captionPane btDarkSkin btTextCenter\">\r\n\t\t\t\t\t\t<div class=\"captionTable\">\r\n\t\t\t\t\t\t\t<div class=\"captionCell\">\r\n\t\t\t\t\t\t\t\t<div class=\"captionTxt\"><\/div>\r\n\t\t\t\t\t\t\t<\/div>\r\n\t\t\t\t\t\t<\/div>\r\n\t\t\t\t\t<\/div><\/div><\/div><\/div><div class=\"gridItem btGhostSliderThumb bt11\" data-order-num=\"1\"><div class=\"btTileBox\"><div class=\"bpgPhoto \" > \r\n\t\t\t\t\t<a href=\"https:\/\/mojateporlavida.org\/wp-content\/uploads\/2017\/03\/ADOLFO-4.jpg\" class=\"lightbox\" data-title=\"\"><\/a>\r\n\t\t\t\t\t<div class=\"boldPhotoBox\"><div class=\"bpbItem\"><div class = \"btImage\"><img src=\"https:\/\/mojateporlavida.org\/wp-content\/uploads\/2017\/03\/ADOLFO-4-640x640.jpg\" alt=\"\" title=\"\"><\/div><\/div><\/div>\r\n\t\t\t\t\t<div class=\"captionPane btDarkSkin btTextCenter\">\r\n\t\t\t\t\t\t<div class=\"captionTable\">\r\n\t\t\t\t\t\t\t<div class=\"captionCell\">\r\n\t\t\t\t\t\t\t\t<div class=\"captionTxt\"><\/div>\r\n\t\t\t\t\t\t\t<\/div>\r\n\t\t\t\t\t\t<\/div>\r\n\t\t\t\t\t<\/div><\/div><\/div><\/div><\/div><div class=\"btClear btSeparator topSmallSpaced bottomSmallSpaced border\" ><hr><\/div><div class=\"btText\" ><blockquote>\n<p style=\"text-align: center;\">El premio al nadador\/a m\u00e1s joven: Julia Baumela Lara (2008)<\/p>\n<\/blockquote>\n<\/div><div class=\"tilesWall btGridGallery tiled  btGridGap-3 lightbox\" data-col=\"3\"><div class=\"gridSizer\"><\/div><div class=\"gridItem btGhostSliderThumb bt11\" data-order-num=\"-1\"><div class=\"btTileBox\"><div class=\"bpgPhoto \" > \r\n\t\t\t\t\t<a href=\"https:\/\/mojateporlavida.org\/wp-content\/uploads\/2017\/03\/JULIA-3.jpg\" class=\"lightbox\" data-title=\"\"><\/a>\r\n\t\t\t\t\t<div class=\"boldPhotoBox\"><div class=\"bpbItem\"><div class = \"btImage\"><img src=\"https:\/\/mojateporlavida.org\/wp-content\/uploads\/2017\/03\/JULIA-3-640x640.jpg\" alt=\"\" title=\"\"><\/div><\/div><\/div>\r\n\t\t\t\t\t<div class=\"captionPane btDarkSkin btTextCenter\">\r\n\t\t\t\t\t\t<div class=\"captionTable\">\r\n\t\t\t\t\t\t\t<div class=\"captionCell\">\r\n\t\t\t\t\t\t\t\t<div class=\"captionTxt\"><\/div>\r\n\t\t\t\t\t\t\t<\/div>\r\n\t\t\t\t\t\t<\/div>\r\n\t\t\t\t\t<\/div><\/div><\/div><\/div><div class=\"gridItem btGhostSliderThumb bt11\" data-order-num=\"0\"><div class=\"btTileBox\"><div class=\"bpgPhoto \" > \r\n\t\t\t\t\t<a href=\"https:\/\/mojateporlavida.org\/wp-content\/uploads\/2017\/03\/JULIA-2.jpg\" class=\"lightbox\" data-title=\"\"><\/a>\r\n\t\t\t\t\t<div class=\"boldPhotoBox\"><div class=\"bpbItem\"><div class = \"btImage\"><img src=\"https:\/\/mojateporlavida.org\/wp-content\/uploads\/2017\/03\/JULIA-2-640x640.jpg\" alt=\"\" title=\"\"><\/div><\/div><\/div>\r\n\t\t\t\t\t<div class=\"captionPane btDarkSkin btTextCenter\">\r\n\t\t\t\t\t\t<div class=\"captionTable\">\r\n\t\t\t\t\t\t\t<div class=\"captionCell\">\r\n\t\t\t\t\t\t\t\t<div class=\"captionTxt\"><\/div>\r\n\t\t\t\t\t\t\t<\/div>\r\n\t\t\t\t\t\t<\/div>\r\n\t\t\t\t\t<\/div><\/div><\/div><\/div><div class=\"gridItem btGhostSliderThumb bt11\" data-order-num=\"1\"><div class=\"btTileBox\"><div class=\"bpgPhoto \" > \r\n\t\t\t\t\t<a href=\"https:\/\/mojateporlavida.org\/wp-content\/uploads\/2017\/03\/JULIA-1.jpg\" class=\"lightbox\" data-title=\"\"><\/a>\r\n\t\t\t\t\t<div class=\"boldPhotoBox\"><div class=\"bpbItem\"><div class = \"btImage\"><img src=\"https:\/\/mojateporlavida.org\/wp-content\/uploads\/2017\/03\/JULIA-1-640x640.jpg\" alt=\"\" title=\"\"><\/div><\/div><\/div>\r\n\t\t\t\t\t<div class=\"captionPane btDarkSkin btTextCenter\">\r\n\t\t\t\t\t\t<div class=\"captionTable\">\r\n\t\t\t\t\t\t\t<div class=\"captionCell\">\r\n\t\t\t\t\t\t\t\t<div class=\"captionTxt\"><\/div>\r\n\t\t\t\t\t\t\t<\/div>\r\n\t\t\t\t\t\t<\/div>\r\n\t\t\t\t\t<\/div><\/div><\/div><\/div><\/div><div class=\"btClear btSeparator topSmallSpaced bottomSmallSpaced border\" ><hr><\/div><div class=\"btText\" ><blockquote>\n<p style=\"text-align: center;\">El premio al nadador\/a m\u00e1s simp\u00e1tico\/a: C.N. Almer\u00eda<\/p>\n<\/blockquote>\n<\/div><div class=\"tilesWall btGridGallery tiled  btGridGap-0 lightbox\" data-col=\"3\"><div class=\"gridSizer\"><\/div><div class=\"gridItem btGhostSliderThumb bt11\" data-order-num=\"-1\"><div class=\"btTileBox\"><div class=\"bpgPhoto \" > \r\n\t\t\t\t\t<a href=\"https:\/\/mojateporlavida.org\/wp-content\/uploads\/2017\/03\/SERGIO-SIMPATICO-e1490740481956.jpg\" class=\"lightbox\" data-title=\"\"><\/a>\r\n\t\t\t\t\t<div class=\"boldPhotoBox\"><div class=\"bpbItem\"><div class = \"btImage\"><img src=\"https:\/\/mojateporlavida.org\/wp-content\/uploads\/2017\/03\/SERGIO-SIMPATICO-e1490740447784-640x640.jpg\" alt=\"\" title=\"\"><\/div><\/div><\/div>\r\n\t\t\t\t\t<div class=\"captionPane btDarkSkin btTextCenter\">\r\n\t\t\t\t\t\t<div class=\"captionTable\">\r\n\t\t\t\t\t\t\t<div class=\"captionCell\">\r\n\t\t\t\t\t\t\t\t<div class=\"captionTxt\"><\/div>\r\n\t\t\t\t\t\t\t<\/div>\r\n\t\t\t\t\t\t<\/div>\r\n\t\t\t\t\t<\/div><\/div><\/div><\/div><\/div><div class=\"btClear btSeparator topSmallSpaced bottomSmallSpaced border\" ><hr><\/div><div class=\"btText\" ><blockquote>\n<p style=\"text-align: center;\">El premio al club que m\u00e1s metros ha hecho: C.N. Bah\u00eda de Almer\u00eda<\/p>\n<\/blockquote>\n<\/div><div class=\"bpgPhoto \" ><div class = \"btImage\"><img src=\"https:\/\/mojateporlavida.org\/wp-content\/uploads\/2017\/03\/12232792_849427271823033_5511397357412264021_o.jpg\" alt=\"\" title=\"\"><\/div><\/div><div class=\"btClear btSeparator topSmallSpaced bottomSmallSpaced border\" ><hr><\/div><div class=\"btText\" ><blockquote>\n<p style=\"text-align: center;\">El premio al club que m\u00e1s metros ha hecho en una hora: C.N. Almer\u00eda con 5.300 metros.<\/p>\n<\/blockquote>\n<\/div><div class=\"bpgPhoto \" ><div class = \"btImage\"><img src=\"https:\/\/mojateporlavida.org\/wp-content\/uploads\/2017\/03\/logo-cna.jpg\" alt=\"\" title=\"\"><\/div><\/div><div class=\"btClear btSeparator topSmallSpaced bottomSmallSpaced border\" ><hr><\/div><div class=\"btText\" ><p>En el desarrollo de la jornada hubo muchos momentos cargados de compa\u00f1erismo y de solidaridad. Pero sin duda los m\u00e1s emocionantes fueron cuando el Concejal de Deportes y Tiempo Libre del Ayuntamiento de Roquetas de Mar, Juan Jos\u00e9 Rub\u00ed, dio la salida de esta actividad y se lanzaron al agua los primeros nadadores que durante una hora nadaron en relevos, entre ellos Rafael Mu\u00f1oz.<\/p>\n<p><img decoding=\"async\" loading=\"lazy\" class=\"wp-image-4796 aligncenter\" src=\"http:\/\/mojateporlavida.org\/wp-content\/uploads\/2017\/03\/inicioconrafa-WEB-640x426.jpg\" alt=\"\" width=\"466\" height=\"310\" srcset=\"https:\/\/mojateporlavida.org\/wp-content\/uploads\/2017\/03\/inicioconrafa-WEB-640x426.jpg 640w, https:\/\/mojateporlavida.org\/wp-content\/uploads\/2017\/03\/inicioconrafa-WEB-768x511.jpg 768w, https:\/\/mojateporlavida.org\/wp-content\/uploads\/2017\/03\/inicioconrafa-WEB-320x213.jpg 320w, https:\/\/mojateporlavida.org\/wp-content\/uploads\/2017\/03\/inicioconrafa-WEB.jpg 1024w\" sizes=\"(max-width: 466px) 100vw, 466px\" \/><\/p>\n<p>Y cuando faltaba un minuto para lograr el reto de nadar 12+1 horas de forma ininterrumpida y se lanzaron al agua todos los nadadores que hab\u00eda en las instalaciones para compartir esos segundos; la frase que m\u00e1s de uno dec\u00eda: \u201c\u2026venga vamos a por otras 12 horas m\u00e1s\u2026\u201d.<\/p>\n<p>Tambi\u00e9n hubo momentos para la diversi\u00f3n: cuando Gaby se hizo de carne y hueso e hizo las delicias de mayores y peque\u00f1os en el agua y en los alrededores del recinto. Y momentos \u00fanicos y entra\u00f1ables: mientras los peque\u00f1os nadadores estaban en el agua las gradas eran un hervidero de familiares y amigos apoyando el gran gesto de estos peque\u00f1os para ayudar a esos h\u00e9roes que est\u00e1n luchando para seguir siendo ni\u00f1os.<\/p>\n<p>As\u00ed, emoci\u00f3n tras emoci\u00f3n fuimos sumando minutos, horas ,\u2026hasta llegar a lograr nuestro reto. Gracias a nuestros patrocinadores por aportar todo lo que hemos necesitado para ello y a nuestros voluntarios, sin ellos, estos no habr\u00eda sido posible. S\u00f3lo nos queda decir que la vida es un regalo y que con actos de esta envergadura es cuando te das cuenta, que cuando hay una buena causa todo el mundo se moja.<\/p>\n<blockquote>\n<p style=\"text-align: center;\">Yo me mojo por la vida, y t\u00fa? <span style=\"color: #00ccff;\">#mojateporlavida<\/span><\/p>\n<\/blockquote>\n<\/div><\/div><\/div><\/div><\/div><div class=\"boldRow \" ><div class=\"boldRowInner\"><\/div><\/div><div class=\"boldRow \" ><div class=\"boldRowInner\"><\/div><\/div><\/div><\/div><\/div><\/section><section id=\"bt_section69ef94ef76798\"  class=\"boldSection gutter\" ><div class=\"port\"><div class=\"boldCell\"><div class=\"boldCellInner\"><\/div><\/div><\/div><\/section><section id=\"bt_section69ef94ef76803\"  class=\"boldSection gutter\" ><div class=\"port\"><div class=\"boldCell\"><div class=\"boldCellInner\"><\/div><\/div><\/div><\/section>","protected":false},"excerpt":{"rendered":"","protected":false},"author":3,"featured_media":4791,"comment_status":"open","ping_status":"open","sticky":false,"template":"","format":"image","meta":[],"categories":[144,83],"tags":[114,101,104,103,147,148,145,146,111],"_links":{"self":[{"href":"https:\/\/mojateporlavida.org\/index.php?rest_route=\/wp\/v2\/posts\/4767"}],"collection":[{"href":"https:\/\/mojateporlavida.org\/index.php?rest_route=\/wp\/v2\/posts"}],"about":[{"href":"https:\/\/mojateporlavida.org\/index.php?rest_route=\/wp\/v2\/types\/post"}],"author":[{"embeddable":true,"href":"https:\/\/mojateporlavida.org\/index.php?rest_route=\/wp\/v2\/users\/3"}],"replies":[{"embeddable":true,"href":"https:\/\/mojateporlavida.org\/index.php?rest_route=%2Fwp%2Fv2%2Fcomments&post=4767"}],"version-history":[{"count":25,"href":"https:\/\/mojateporlavida.org\/index.php?rest_route=\/wp\/v2\/posts\/4767\/revisions"}],"predecessor-version":[{"id":4817,"href":"https:\/\/mojateporlavida.org\/index.php?rest_route=\/wp\/v2\/posts\/4767\/revisions\/4817"}],"wp:featuredmedia":[{"embeddable":true,"href":"https:\/\/mojateporlavida.org\/index.php?rest_route=\/wp\/v2\/media\/4791"}],"wp:attachment":[{"href":"https:\/\/mojateporlavida.org\/index.php?rest_route=%2Fwp%2Fv2%2Fmedia&parent=4767"}],"wp:term":[{"taxonomy":"category","embeddable":true,"href":"https:\/\/mojateporlavida.org\/index.php?rest_route=%2Fwp%2Fv2%2Fcategories&post=4767"},{"taxonomy":"post_tag","embeddable":true,"href":"https:\/\/mojateporlavida.org\/index.php?rest_route=%2Fwp%2Fv2%2Ftags&post=4767"}],"curies":[{"name":"wp","href":"https:\/\/api.w.org\/{rel}","templated":true}]}}