{"id":4437,"date":"2017-03-09T19:00:45","date_gmt":"2017-03-09T18:00:45","guid":{"rendered":"http:\/\/mojateporlavida.org\/?p=4437"},"modified":"2017-07-25T12:44:17","modified_gmt":"2017-07-25T10:44:17","slug":"4437","status":"publish","type":"post","link":"https:\/\/mojateporlavida.org\/?p=4437","title":{"rendered":"La Diputaci\u00f3n De Almer\u00eda \u00abse moja\u00bb"},"content":{"rendered":"<section id=\"bt_section69f01a8c9ff5a\"  class=\"boldSection gutter\" ><div class=\"port\"><div class=\"boldCell\"><div class=\"boldCellInner\"><div class=\"boldRow \" ><div class=\"boldRowInner\"><div class=\"rowItem col-md-12 col-ms-12  btTextLeft\"  data-width=\"12\"><div class=\"rowItemContent\" ><div class=\"btText\" ><p>Hoy hemos presentado en la Diputaci\u00f3n Provincial de Almer\u00eda, el proyecto solidario \u2018M\u00f3jate por la vida\u2019, #mojateporlavida.<\/p>\n<p>La Diputaci\u00f3n de Almer\u00eda a trav\u00e9s del \u00e1rea de Deportes, ha mostrado su apoyo al proyecto<\/p>\n<p>El proyecto deportivo-solidario, que cuenta con la colaboraci\u00f3n del Ayuntamiento de Roquetas y con el patrocinio de m\u00e1s de una veintena de empresas de la provincia, consta de cuatro l\u00edneas de actuaci\u00f3n que se extender\u00e1n desde el mes de marzo hasta octubre de este a\u00f1o.<\/p>\n<div class=\"quoteBox\">\n<div class=\"quote-text\">Se explic\u00f3 el proyecto en general y en particular, la primera actividad de las cuatro acciones solidarias. Del 24 al 26 de marzo (Roquetas de Mar), reunir\u00e1 a centenares de nadadores de toda Espa\u00f1a con el reto de nadar doce horas seguidas.<\/div>\n<\/div>\n<p>Agradecemos a la diputada de Deportes, \u00c1ngeles Mart\u00ednez, por sus\u00a0 elogios hacia el trabajo de nuestro Club Deportivo TurAniAnA.<\/p>\n<p>Adem\u00e1s hemos estado acompa\u00f1ados en todo momento por el\u00a0 concejal de Deportes del Ayuntamiento de Roquetas, Jos\u00e9 Juan Rub\u00ed, que ha mostrado todo su apoyo desde el principio para este proyecto.<\/p>\n<p>Hemos destacado tambi\u00e9n las presencia durante la jornada, del nadador ol\u00edmpico Rafael Mu\u00f1oz, r\u00e9cord del mundo en la modalidad de 50 metros mariposa. Rafa realizar\u00e1 una sesi\u00f3n de t\u00e9cnica y perfeccionamiento de estilos (mariposa y crol) y un d\u00eda antes, el viernes, 24, dar\u00e1 una charla sobre los valores de la nataci\u00f3n. Adem\u00e1s, habr\u00e1 una mesa redonda sobre fisioterapia y nutrici\u00f3n deportiva.<\/p>\n<p>Ha sido muy valorado por parte de Diputaci\u00f3n, que adem\u00e1s de la nataci\u00f3n tengamos\u00a0 de forma paralela un torneo de 12 horas de padel y m\u00faltiples actividades solidarias tanto para adultos como para ni\u00f1os.<\/p>\n<\/div><\/div><\/div><\/div><\/div><\/div><\/div><\/div><\/section><section id=\"bt_section69f01a8ca0518\"  class=\"boldSection gutter\" ><div class=\"port\"><div class=\"boldCell\"><div class=\"boldCellInner\"><div class=\"boldRow \" ><div class=\"boldRowInner\"><div class=\"rowItem col-md-12 col-ms-12  btTextLeft\"  data-width=\"12\"><div class=\"rowItemContent\" ><div class=\"btText\" ><p><iframe loading=\"lazy\" src=\"https:\/\/www.youtube.com\/embed\/4TjIDHWh6j8\" width=\"560\" height=\"315\" frameborder=\"0\" allowfullscreen=\"allowfullscreen\"><\/iframe><\/p>\n<\/div><\/div><\/div><\/div><\/div><\/div><\/div><\/div><\/section><section id=\"bt_section69f01a8ca0662\"  class=\"boldSection gutter\" ><div class=\"port\"><div class=\"boldCell\"><div class=\"boldCellInner\"><div class=\"boldRow \" ><div class=\"boldRowInner\"><div class=\"rowItem col-md-12 col-ms-12  btTextLeft\"  data-width=\"12\"><div class=\"rowItemContent\" ><div class=\"btClear btSeparator topSmallSpaced bottomSmallSpaced noBorder\" ><hr><\/div><div class=\"btText\" ><h2 style=\"text-align: center;\">COLABORADORES<\/h2>\n<\/div><div class=\"btClear btSeparator topSmallSpaced bottomSmallSpaced noBorder\" ><hr><\/div><div class=\"boldClientRegularList btCarouselSmallNav\"><div class=\"\"><div class=\"bclItem \"><div class=\"bclItemChild\"><img class=\"bclItemChildAspectImage\" src = \"https:\/\/mojateporlavida.org\/wp-content\/themes\/kids-club\/gfx\/aspect-square.png\" alt=\"Aspect image\"><div class=\"bclItemChildBg\" style=\"background-image:url(https:\/\/mojateporlavida.org\/wp-content\/uploads\/2017\/02\/ayto-ROQUETAS-DEPORTES.png);\"><a href=\"http:\/\/www.aytoroquetas.org\/deportes-y-tiempo-libre\"><\/a><\/div><div class=\"bclItemChildContent\"><\/div><\/div><\/div><div class=\"bclItem \"><div class=\"bclItemChild\"><img class=\"bclItemChildAspectImage\" src = \"https:\/\/mojateporlavida.org\/wp-content\/themes\/kids-club\/gfx\/aspect-square.png\" alt=\"Aspect image\"><div class=\"bclItemChildBg\" style=\"background-image:url(https:\/\/mojateporlavida.org\/wp-content\/uploads\/2017\/02\/cruz.png);\"><a href=\"http:\/\/www.cruzber.com\/\"><\/a><\/div><div class=\"bclItemChildContent\"><\/div><\/div><\/div><div class=\"bclItem \"><div class=\"bclItemChild\"><img class=\"bclItemChildAspectImage\" src = \"https:\/\/mojateporlavida.org\/wp-content\/themes\/kids-club\/gfx\/aspect-square.png\" alt=\"Aspect image\"><div class=\"bclItemChildBg\" style=\"background-image:url(https:\/\/mojateporlavida.org\/wp-content\/uploads\/2017\/02\/unnamed-1-640x567.jpg);\"><a href=\"http:\/\/redcomercial.peugeot.es\/psa-retail-almeria\"><\/a><\/div><div class=\"bclItemChildContent\"><\/div><\/div><\/div><div class=\"bclItem \"><div class=\"bclItemChild\"><img class=\"bclItemChildAspectImage\" src = \"https:\/\/mojateporlavida.org\/wp-content\/themes\/kids-club\/gfx\/aspect-square.png\" alt=\"Aspect image\"><div class=\"bclItemChildBg\" style=\"background-image:url(https:\/\/mojateporlavida.org\/wp-content\/uploads\/2017\/02\/decathlon-vi\u0301car-640x176.png);\"><a href=\"https:\/\/www.decathlon.es\/es\/store?store_id=PS_ES_59\"><\/a><\/div><div class=\"bclItemChildContent\"><\/div><\/div><\/div><div class=\"bclItem \"><div class=\"bclItemChild\"><img class=\"bclItemChildAspectImage\" src = \"https:\/\/mojateporlavida.org\/wp-content\/themes\/kids-club\/gfx\/aspect-square.png\" alt=\"Aspect image\"><div class=\"bclItemChildBg\" style=\"background-image:url(https:\/\/mojateporlavida.org\/wp-content\/uploads\/2017\/02\/logo-nutrisport-web-640x167.png);\"><a href=\"https:\/\/nutrisport.es\/\"><\/a><\/div><div class=\"bclItemChildContent\"><\/div><\/div><\/div><div class=\"bclItem \"><div class=\"bclItemChild\"><img class=\"bclItemChildAspectImage\" src = \"https:\/\/mojateporlavida.org\/wp-content\/themes\/kids-club\/gfx\/aspect-square.png\" alt=\"Aspect image\"><div class=\"bclItemChildBg\" style=\"background-image:url(https:\/\/mojateporlavida.org\/wp-content\/uploads\/2017\/02\/LOGO-RADIOMARCA-NEW-DIAL.jpg);\"><a href=\"https:\/\/www.radiomarcaalmeria.com\/\"><\/a><\/div><div class=\"bclItemChildContent\"><\/div><\/div><\/div><div class=\"bclItem \"><div class=\"bclItemChild\"><img class=\"bclItemChildAspectImage\" src = \"https:\/\/mojateporlavida.org\/wp-content\/themes\/kids-club\/gfx\/aspect-square.png\" alt=\"Aspect image\"><div class=\"bclItemChildBg\" style=\"background-image:url(https:\/\/mojateporlavida.org\/wp-content\/uploads\/2017\/02\/estrella-dam.jpg);\"><a href=\"http:\/\/www.estrelladamm.com\/es\/\"><\/a><\/div><div class=\"bclItemChildContent\"><\/div><\/div><\/div><div class=\"bclItem \"><div class=\"bclItemChild\"><img class=\"bclItemChildAspectImage\" src = \"https:\/\/mojateporlavida.org\/wp-content\/themes\/kids-club\/gfx\/aspect-square.png\" alt=\"Aspect image\"><div class=\"bclItemChildBg\" style=\"background-image:url(https:\/\/mojateporlavida.org\/wp-content\/uploads\/2017\/02\/mcdonalds-640x437.jpg);\"><a href=\"http:\/\/www.mcdonalds.es\/restaurante\/almeria\/roquetas-de-mar-centro-comercial-gran-plaza\"><\/a><\/div><div class=\"bclItemChildContent\"><\/div><\/div><\/div><div class=\"bclItem \"><div class=\"bclItemChild\"><img class=\"bclItemChildAspectImage\" src = \"https:\/\/mojateporlavida.org\/wp-content\/themes\/kids-club\/gfx\/aspect-square.png\" alt=\"Aspect image\"><div class=\"bclItemChildBg\" style=\"background-image:url(https:\/\/mojateporlavida.org\/wp-content\/uploads\/2017\/02\/Club-de-padelr.jpg);\"><a href=\"https:\/\/www.facebook.com\/clubpadelroquetas\/\"><\/a><\/div><div class=\"bclItemChildContent\"><\/div><\/div><\/div><div class=\"bclItem \"><div class=\"bclItemChild\"><img class=\"bclItemChildAspectImage\" src = \"https:\/\/mojateporlavida.org\/wp-content\/themes\/kids-club\/gfx\/aspect-square.png\" alt=\"Aspect image\"><div class=\"bclItemChildBg\" style=\"background-image:url(https:\/\/mojateporlavida.org\/wp-content\/uploads\/2017\/02\/cmf-horizontal-small-con-lema.jpg);\"><a href=\"http:\/\/www.conmasfuturo.es\/\"><\/a><\/div><div class=\"bclItemChildContent\"><\/div><\/div><\/div><\/div><\/div><div class=\"btClear btSeparator topSpaced bottomSpaced noBorder\" ><hr><\/div><\/div><\/div><\/div><\/div><\/div><\/div><\/div><\/section>","protected":false},"excerpt":{"rendered":"","protected":false},"author":2,"featured_media":4440,"comment_status":"open","ping_status":"open","sticky":false,"template":"","format":"gallery","meta":[],"categories":[127,130,126,131,129,84,121,133,132,247,96,249,156,128,125,250],"tags":[114,101,252,256,119,102,254,253,251,255,51],"_links":{"self":[{"href":"https:\/\/mojateporlavida.org\/index.php?rest_route=\/wp\/v2\/posts\/4437"}],"collection":[{"href":"https:\/\/mojateporlavida.org\/index.php?rest_route=\/wp\/v2\/posts"}],"about":[{"href":"https:\/\/mojateporlavida.org\/index.php?rest_route=\/wp\/v2\/types\/post"}],"author":[{"embeddable":true,"href":"https:\/\/mojateporlavida.org\/index.php?rest_route=\/wp\/v2\/users\/2"}],"replies":[{"embeddable":true,"href":"https:\/\/mojateporlavida.org\/index.php?rest_route=%2Fwp%2Fv2%2Fcomments&post=4437"}],"version-history":[{"count":5,"href":"https:\/\/mojateporlavida.org\/index.php?rest_route=\/wp\/v2\/posts\/4437\/revisions"}],"predecessor-version":[{"id":5150,"href":"https:\/\/mojateporlavida.org\/index.php?rest_route=\/wp\/v2\/posts\/4437\/revisions\/5150"}],"wp:featuredmedia":[{"embeddable":true,"href":"https:\/\/mojateporlavida.org\/index.php?rest_route=\/wp\/v2\/media\/4440"}],"wp:attachment":[{"href":"https:\/\/mojateporlavida.org\/index.php?rest_route=%2Fwp%2Fv2%2Fmedia&parent=4437"}],"wp:term":[{"taxonomy":"category","embeddable":true,"href":"https:\/\/mojateporlavida.org\/index.php?rest_route=%2Fwp%2Fv2%2Fcategories&post=4437"},{"taxonomy":"post_tag","embeddable":true,"href":"https:\/\/mojateporlavida.org\/index.php?rest_route=%2Fwp%2Fv2%2Ftags&post=4437"}],"curies":[{"name":"wp","href":"https:\/\/api.w.org\/{rel}","templated":true}]}}