{"id":4360,"date":"2017-03-10T16:20:50","date_gmt":"2017-03-10T15:20:50","guid":{"rendered":"http:\/\/mojateporlavida.org\/?p=4360"},"modified":"2017-03-15T23:52:24","modified_gmt":"2017-03-15T22:52:24","slug":"nos-mojamos-en-radio-marca-minuto-92-macrobocatas-vicar","status":"publish","type":"post","link":"https:\/\/mojateporlavida.org\/?p=4360","title":{"rendered":"Nos mojamos en Radio Marca. Minuto 92 macrobocatas-V\u00edcar"},"content":{"rendered":"<section id=\"bt_section69f1b5a2e887d\"  class=\"boldSection gutter\" ><div class=\"port\"><div class=\"boldCell\"><div class=\"boldCellInner\"><div class=\"boldRow \" ><div class=\"boldRowInner\"><div class=\"rowItem col-md-12 col-ms-12  btTextLeft\"  data-width=\"12\"><div class=\"rowItemContent\" ><div class=\"btText\" ><p>Este vi\u00e9rnes 10 de marzo, hemos estado con nuestros amigos de <a href=\"https:\/\/www.radiomarcaalmeria.com\/\">Radio Marca Almer\u00eda<\/a> en <a href=\"http:\/\/www.macrobocatas.es\/\">Macrobocatas-V\u00edcar<\/a>, para hablar de #mojateporlavida y de la primera de las actividades que vamos a llevar a cabo para recaudar fondos a favor de la Fundaci\u00f3n <a href=\"http:\/\/criscancer.org\/es\/\">CRIS\u00a0 contra el c\u00e1ncer.<\/a><\/p>\n<\/div><div class=\"btClear btSeparator topSpaced bottomSpaced noBorder\" ><hr><\/div><\/div><\/div><\/div><\/div><\/div><\/div><\/div><\/section><section id=\"bt_section69f1b5a2e8f31\"  class=\"boldSection gutter\" ><div class=\"port\"><div class=\"boldCell\"><div class=\"boldCellInner\"><div class=\"boldRow \" ><div class=\"boldRowInner\"><div class=\"rowItem col-md-4 col-ms-12 btTextLeft\"  data-width=\"4\"><div class=\"rowItemContent\" ><div class=\"bpgPhoto  btHasTitles\" ><div class = \"btImage\"><img src=\"https:\/\/mojateporlavida.org\/wp-content\/uploads\/2017\/03\/JRamo\u0301n.jpg\" alt=\"\" title=\"Jos\u00e9 Ram\u00f3n \"><\/div><\/div><div class=\"btIconImageRow\" ><\/div><div class=\"btText\" ><\/div><\/div><\/div><div class=\"rowItem col-md-8 col-ms-12 btTextLeft\"  data-width=\"8\"><div class=\"rowItemContent\" ><div class=\"btText\" ><p><cite>Jos\u00e9 Ram\u00f3n:<\/cite><\/p>\n<p>\u00abLa Actividad m\u00f3jate por la vida 12+1, es la primera de las grandes actividades dentro del proyecto Cabo de Gata-N\u00edjar Swim Proyect. Se realizar\u00e1 el 25 de marzo en la piscina de Roquetas de Mar. Ser\u00e1 nataci\u00f3n y muchas actividades paralelas tanto para ni\u00f1os como adultos. Todas encaminadas a recaudar fondos para la fundaci\u00f3n CRIS contra el C\u00e1ncer.\u00bb<\/p>\n<\/div><div class=\"btText\" ><p><cite>\u00abEl CD TurAniAnA es un Club Deportivo de Roquetas de Mar y estamos organizando un Evento Deportivo Solidario para ayudar a la Fundaci\u00f3n Cris y a la Invetigaci\u00f3n Contra el C\u00e1ncer\u00bb<\/cite><\/p>\n<p><!--[if lt IE 9]><script>document.createElement('audio');<\/script><![endif]--><br \/>\n<audio class=\"wp-audio-shortcode\" id=\"audio-4360-1\" preload=\"none\" style=\"width: 100%;\" controls=\"controls\"><source type=\"audio\/mpeg\" src=\"http:\/\/mojateporlavida.org\/wp-content\/uploads\/2017\/03\/teruel1003marca.mp3?_=1\" \/><a href=\"http:\/\/mojateporlavida.org\/wp-content\/uploads\/2017\/03\/teruel1003marca.mp3\">http:\/\/mojateporlavida.org\/wp-content\/uploads\/2017\/03\/teruel1003marca.mp3<\/a><\/audio><\/p>\n<\/div><\/div><\/div><\/div><\/div><div class=\"boldRow \" ><div class=\"boldRowInner\"><div class=\"rowItem col-md-12 col-ms-12  btTextLeft\"  data-width=\"12\"><div class=\"rowItemContent\" ><div class=\"btClear btSeparator topSpaced bottomSmallSpaced noBorder\" ><hr><\/div><\/div><\/div><\/div><\/div><\/div><\/div><\/div><\/section><section id=\"bt_section69f1b5a2e994a\"  class=\"boldSection gutter\" ><div class=\"port\"><div class=\"boldCell\"><div class=\"boldCellInner\"><div class=\"boldRow \" ><div class=\"boldRowInner\"><div class=\"rowItem col-md-8 col-ms-12 btTextLeft\"  data-width=\"8\"><div class=\"rowItemContent\" ><div class=\"btText\" ><p><cite>Ainhoa: <\/cite><\/p>\n<p>\u00abUna de mis mejores amigas tuvo c\u00e1ncer en 8\u00ba de EGB. Para m\u00ed fue una etapa dura y es parte de mi motivaci\u00f3n para nadar esos 60 klm en Agosto por el Parque de Cabo de Gata -N\u00edjar\u00bb<\/p>\n<p><cite>\u00abGracias a la Delegaci\u00f3n de Deportes del Ayuntamiento de Roquetas de Mar, por traer al nadador Cordob\u00e9s Rafa M\u00fa\u00f1oz, para que est\u00e9 con nosotros durante toda la jornada del 12+1 y que imparta un Cl\u00ednic de Entrenamiento en suspensi\u00f3n y en el agua. Este Cl\u00ednic lo van a disfrutar los inscritos como Club en las 12+1 de nataci\u00f3n. Adem\u00e1s estar\u00e1 mostrando las medallas, y haciendose fotograf\u00edas con los asistentes\u00bb<\/cite><\/p>\n<p><audio class=\"wp-audio-shortcode\" id=\"audio-4360-2\" preload=\"none\" style=\"width: 100%;\" controls=\"controls\"><source type=\"audio\/mpeg\" src=\"http:\/\/mojateporlavida.org\/wp-content\/uploads\/2017\/03\/Ainhoa130317.mp3?_=2\" \/><a href=\"http:\/\/mojateporlavida.org\/wp-content\/uploads\/2017\/03\/Ainhoa130317.mp3\">http:\/\/mojateporlavida.org\/wp-content\/uploads\/2017\/03\/Ainhoa130317.mp3<\/a><\/audio><\/p>\n<\/div><\/div><\/div><div class=\"rowItem col-md-4 col-ms-12 btTextLeft\"  data-width=\"4\"><div class=\"rowItemContent\" ><div class=\"btClear btSeparator topSmallSpaced bottomSmallSpaced noBorder\" ><hr><\/div><div class=\"bpgPhoto \" ><div class = \"btImage\"><img src=\"https:\/\/mojateporlavida.org\/wp-content\/uploads\/2016\/11\/ainhoa.jpg\" alt=\"\" title=\"\"><\/div><\/div><\/div><\/div><\/div><\/div><div class=\"boldRow \" ><div class=\"boldRowInner\"><div class=\"rowItem col-md-12 col-ms-12  btTextLeft\"  data-width=\"12\"><div class=\"rowItemContent\" ><div class=\"btClear btSeparator topSmallSpaced bottomSmallSpaced noBorder\" ><hr><\/div><\/div><\/div><\/div><\/div><div class=\"boldRow \" ><div class=\"boldRowInner\"><\/div><\/div><\/div><\/div><\/div><\/section><section id=\"bt_section69f1b5a2ea236\"  class=\"boldSection gutter\" ><div class=\"port\"><div class=\"boldCell\"><div class=\"boldCellInner\"><div class=\"boldRow \" ><div class=\"boldRowInner\"><div class=\"rowItem col-md-4 col-ms-12 btTextLeft\"  data-width=\"4\"><div class=\"rowItemContent\" ><div class=\"bpgPhoto  btHasTitles\" ><div class = \"btImage\"><img src=\"https:\/\/mojateporlavida.org\/wp-content\/uploads\/2017\/03\/Agustin.jpg\" alt=\"\" title=\"Agust\u00edn Ram\u00edrez\"><\/div><\/div><\/div><\/div><div class=\"rowItem col-md-8 col-ms-12 btTextLeft\"  data-width=\"8\"><div class=\"rowItemContent\" ><div class=\"btText\" ><p><cite>Agust\u00edn:<\/cite><\/p>\n<p><cite>\u00abDesde el quipo de organizaci\u00f3n, nos encargamos de cuidar a nuestros nadadores y nadadoras, para que logren este dificil reto deportivo y ayuden con eso a visibilizar el maravilloso trabajo que nuestros investigadores realizan a diario\u00bb<br \/>\n<\/cite><\/p>\n<p><audio class=\"wp-audio-shortcode\" id=\"audio-4360-3\" preload=\"none\" style=\"width: 100%;\" controls=\"controls\"><source type=\"audio\/mpeg\" src=\"http:\/\/mojateporlavida.org\/wp-content\/uploads\/2017\/03\/Agustin10317marca.mp3?_=3\" \/><a href=\"http:\/\/mojateporlavida.org\/wp-content\/uploads\/2017\/03\/Agustin10317marca.mp3\">http:\/\/mojateporlavida.org\/wp-content\/uploads\/2017\/03\/Agustin10317marca.mp3<\/a><\/audio><\/p>\n<\/div><\/div><\/div><\/div><\/div><div class=\"boldRow \" ><div class=\"boldRowInner\"><div class=\"rowItem col-md-12 col-ms-12  btTextLeft\"  data-width=\"12\"><div class=\"rowItemContent\" ><div class=\"btText\" ><\/div><\/div><\/div><\/div><\/div><\/div><\/div><\/div><\/section><section id=\"bt_section69f1b5a2ea8e6\"  class=\"boldSection gutter\" ><div class=\"port\"><div class=\"boldCell\"><div class=\"boldCellInner\"><div class=\"boldRow \" ><div class=\"boldRowInner\"><div class=\"rowItem col-md-6 col-sm-12 btTextLeft\"  data-width=\"6\"><div class=\"rowItemContent\" ><div class=\"bpgPhoto  btHasTitles\" > \r\n\t\t\t\t\t<a href=\"https:\/\/www.radiomarcaalmeria.com\/minuto-92-10-03-17-macrobocatas-vicar\/\" target=\"_blank\" title=\"Oir el programa completo\"><\/a>\r\n\t\t\t\t\t<div class=\"boldPhotoBox\"><div class=\"bpbItem\"><div class = \"btImage\"><img src=\"https:\/\/mojateporlavida.org\/wp-content\/uploads\/2017\/02\/LOGO-RADIOMARCA-NEW-DIAL.jpg\" alt=\"\" title=\"Oir el programa completo\"><\/div><\/div><\/div>\r\n\t\t\t\t\t<div class=\"captionPane btDarkSkin btTextCenter\">\r\n\t\t\t\t\t\t<div class=\"captionTable\">\r\n\t\t\t\t\t\t\t<div class=\"captionCell\">\r\n\t\t\t\t\t\t\t\t<div class=\"captionTxt\"><header class=\"header btClear extrasmall\" ><div class=\"btSuperTitle\"><span>Radio Marca Almer\u00eda<\/span><\/div><div class=\"dash\"><h4><span class=\"headline\">Oir el programa completo<\/span><\/h4><\/div><\/header><\/div>\r\n\t\t\t\t\t\t\t<\/div>\r\n\t\t\t\t\t\t<\/div>\r\n\t\t\t\t\t<\/div>\r\n\t\t\t\t\t\t<div class=\"btShowTitle\">\r\n\t\t\t\t\t\t\t<div class=\"btShowTitleCaptionTxt\"><header class=\"header btClear small\" ><div class=\"btSuperTitle\"><span>Radio Marca Almer\u00eda<\/span><\/div><div class=\"dash\"><h4><span class=\"headline\">Oir el programa completo<\/span><\/h4><\/div><\/header><\/div>\r\n\t\t\t\t\t\t<\/div><\/div><\/div><\/div><div class=\"rowItem col-md-6 col-sm-12 btTextLeft\"  data-width=\"6\"><div class=\"rowItemContent\" ><div class=\"btClear btSeparator topSmallSpaced bottomSmallSpaced noBorder\" ><hr><\/div><div class=\"btText\" ><p><a href=\"https:\/\/www.radiomarcaalmeria.com\/minuto-92-10-03-17-macrobocatas-vicar\/\">Oir el programa completo<\/a><\/p>\n<\/div><\/div><\/div><\/div><\/div><\/div><\/div><\/div><\/section><section id=\"bt_section69f1b5a2eaee7\"  class=\"boldSection gutter\" ><div class=\"port\"><div class=\"boldCell\"><div class=\"boldCellInner\"><div class=\"boldRow \" ><div class=\"boldRowInner\"><div class=\"rowItem col-md-12 col-ms-12  btTextLeft\"  data-width=\"12\"><div class=\"rowItemContent\" ><div class=\"btClear btSeparator topSmallSpaced bottomSmallSpaced noBorder\" ><hr><\/div><div class=\"btText\" ><h2 style=\"text-align: center;\">COLABORADORES<\/h2>\n<\/div><div class=\"btClear btSeparator topSmallSpaced bottomSmallSpaced noBorder\" ><hr><\/div><div class=\"boldClientRegularList btCarouselSmallNav\"><div class=\"\"><div class=\"bclItem \"><div class=\"bclItemChild\"><img class=\"bclItemChildAspectImage\" src = \"https:\/\/mojateporlavida.org\/wp-content\/themes\/kids-club\/gfx\/aspect-square.png\" alt=\"Aspect image\"><div class=\"bclItemChildBg\" style=\"background-image:url(https:\/\/mojateporlavida.org\/wp-content\/uploads\/2017\/02\/ayto-ROQUETAS-DEPORTES.png);\"><a href=\"http:\/\/www.aytoroquetas.org\/deportes-y-tiempo-libre\"><\/a><\/div><div class=\"bclItemChildContent\"><\/div><\/div><\/div><div class=\"bclItem \"><div class=\"bclItemChild\"><img class=\"bclItemChildAspectImage\" src = \"https:\/\/mojateporlavida.org\/wp-content\/themes\/kids-club\/gfx\/aspect-square.png\" alt=\"Aspect image\"><div class=\"bclItemChildBg\" style=\"background-image:url(https:\/\/mojateporlavida.org\/wp-content\/uploads\/2017\/02\/cruz.png);\"><a href=\"http:\/\/www.cruzber.com\/\"><\/a><\/div><div class=\"bclItemChildContent\"><\/div><\/div><\/div><div class=\"bclItem \"><div class=\"bclItemChild\"><img class=\"bclItemChildAspectImage\" src = \"https:\/\/mojateporlavida.org\/wp-content\/themes\/kids-club\/gfx\/aspect-square.png\" alt=\"Aspect image\"><div class=\"bclItemChildBg\" style=\"background-image:url(https:\/\/mojateporlavida.org\/wp-content\/uploads\/2017\/02\/unnamed-1-640x567.jpg);\"><a href=\"http:\/\/redcomercial.peugeot.es\/psa-retail-almeria\"><\/a><\/div><div class=\"bclItemChildContent\"><\/div><\/div><\/div><div class=\"bclItem \"><div class=\"bclItemChild\"><img class=\"bclItemChildAspectImage\" src = \"https:\/\/mojateporlavida.org\/wp-content\/themes\/kids-club\/gfx\/aspect-square.png\" alt=\"Aspect image\"><div class=\"bclItemChildBg\" style=\"background-image:url(https:\/\/mojateporlavida.org\/wp-content\/uploads\/2017\/02\/decathlon-vi\u0301car-640x176.png);\"><a href=\"https:\/\/www.decathlon.es\/es\/store?store_id=PS_ES_59\"><\/a><\/div><div class=\"bclItemChildContent\"><\/div><\/div><\/div><div class=\"bclItem \"><div class=\"bclItemChild\"><img class=\"bclItemChildAspectImage\" src = \"https:\/\/mojateporlavida.org\/wp-content\/themes\/kids-club\/gfx\/aspect-square.png\" alt=\"Aspect image\"><div class=\"bclItemChildBg\" style=\"background-image:url(https:\/\/mojateporlavida.org\/wp-content\/uploads\/2017\/02\/logo-nutrisport-web-640x167.png);\"><a href=\"https:\/\/nutrisport.es\/\"><\/a><\/div><div class=\"bclItemChildContent\"><\/div><\/div><\/div><div class=\"bclItem \"><div class=\"bclItemChild\"><img class=\"bclItemChildAspectImage\" src = \"https:\/\/mojateporlavida.org\/wp-content\/themes\/kids-club\/gfx\/aspect-square.png\" alt=\"Aspect image\"><div class=\"bclItemChildBg\" style=\"background-image:url(https:\/\/mojateporlavida.org\/wp-content\/uploads\/2017\/02\/LOGO-RADIOMARCA-NEW-DIAL.jpg);\"><a href=\"https:\/\/www.radiomarcaalmeria.com\/\"><\/a><\/div><div class=\"bclItemChildContent\"><\/div><\/div><\/div><div class=\"bclItem \"><div class=\"bclItemChild\"><img class=\"bclItemChildAspectImage\" src = \"https:\/\/mojateporlavida.org\/wp-content\/themes\/kids-club\/gfx\/aspect-square.png\" alt=\"Aspect image\"><div class=\"bclItemChildBg\" style=\"background-image:url(https:\/\/mojateporlavida.org\/wp-content\/uploads\/2017\/02\/estrella-dam.jpg);\"><a href=\"http:\/\/www.estrelladamm.com\/es\/\"><\/a><\/div><div class=\"bclItemChildContent\"><\/div><\/div><\/div><div class=\"bclItem \"><div class=\"bclItemChild\"><img class=\"bclItemChildAspectImage\" src = \"https:\/\/mojateporlavida.org\/wp-content\/themes\/kids-club\/gfx\/aspect-square.png\" alt=\"Aspect image\"><div class=\"bclItemChildBg\" style=\"background-image:url(https:\/\/mojateporlavida.org\/wp-content\/uploads\/2017\/02\/mcdonalds-640x437.jpg);\"><a href=\"http:\/\/www.mcdonalds.es\/restaurante\/almeria\/roquetas-de-mar-centro-comercial-gran-plaza\"><\/a><\/div><div class=\"bclItemChildContent\"><\/div><\/div><\/div><div class=\"bclItem \"><div class=\"bclItemChild\"><img class=\"bclItemChildAspectImage\" src = \"https:\/\/mojateporlavida.org\/wp-content\/themes\/kids-club\/gfx\/aspect-square.png\" alt=\"Aspect image\"><div class=\"bclItemChildBg\" style=\"background-image:url(https:\/\/mojateporlavida.org\/wp-content\/uploads\/2017\/02\/Club-de-padelr.jpg);\"><a href=\"https:\/\/www.facebook.com\/clubpadelroquetas\/\"><\/a><\/div><div class=\"bclItemChildContent\"><\/div><\/div><\/div><div class=\"bclItem \"><div class=\"bclItemChild\"><img class=\"bclItemChildAspectImage\" src = \"https:\/\/mojateporlavida.org\/wp-content\/themes\/kids-club\/gfx\/aspect-square.png\" alt=\"Aspect image\"><div class=\"bclItemChildBg\" style=\"background-image:url(https:\/\/mojateporlavida.org\/wp-content\/uploads\/2017\/02\/cmf-horizontal-small-con-lema.jpg);\"><a href=\"http:\/\/www.conmasfuturo.es\/\"><\/a><\/div><div class=\"bclItemChildContent\"><\/div><\/div><\/div><\/div><\/div><div class=\"btClear btSeparator topSpaced bottomSpaced noBorder\" ><hr><\/div><\/div><\/div><\/div><\/div><\/div><\/div><\/div><\/section>","protected":false},"excerpt":{"rendered":"","protected":false},"author":2,"featured_media":4367,"comment_status":"open","ping_status":"open","sticky":false,"template":"","format":"gallery","meta":[],"categories":[127,84,96],"tags":[114,101,117,116,118],"_links":{"self":[{"href":"https:\/\/mojateporlavida.org\/index.php?rest_route=\/wp\/v2\/posts\/4360"}],"collection":[{"href":"https:\/\/mojateporlavida.org\/index.php?rest_route=\/wp\/v2\/posts"}],"about":[{"href":"https:\/\/mojateporlavida.org\/index.php?rest_route=\/wp\/v2\/types\/post"}],"author":[{"embeddable":true,"href":"https:\/\/mojateporlavida.org\/index.php?rest_route=\/wp\/v2\/users\/2"}],"replies":[{"embeddable":true,"href":"https:\/\/mojateporlavida.org\/index.php?rest_route=%2Fwp%2Fv2%2Fcomments&post=4360"}],"version-history":[{"count":24,"href":"https:\/\/mojateporlavida.org\/index.php?rest_route=\/wp\/v2\/posts\/4360\/revisions"}],"predecessor-version":[{"id":4400,"href":"https:\/\/mojateporlavida.org\/index.php?rest_route=\/wp\/v2\/posts\/4360\/revisions\/4400"}],"wp:featuredmedia":[{"embeddable":true,"href":"https:\/\/mojateporlavida.org\/index.php?rest_route=\/wp\/v2\/media\/4367"}],"wp:attachment":[{"href":"https:\/\/mojateporlavida.org\/index.php?rest_route=%2Fwp%2Fv2%2Fmedia&parent=4360"}],"wp:term":[{"taxonomy":"category","embeddable":true,"href":"https:\/\/mojateporlavida.org\/index.php?rest_route=%2Fwp%2Fv2%2Fcategories&post=4360"},{"taxonomy":"post_tag","embeddable":true,"href":"https:\/\/mojateporlavida.org\/index.php?rest_route=%2Fwp%2Fv2%2Ftags&post=4360"}],"curies":[{"name":"wp","href":"https:\/\/api.w.org\/{rel}","templated":true}]}}