{"id":4037,"date":"2017-02-17T10:25:53","date_gmt":"2017-02-17T09:25:53","guid":{"rendered":"http:\/\/mojateporlavida.org\/?p=4037"},"modified":"2017-07-25T12:46:58","modified_gmt":"2017-07-25T10:46:58","slug":"la-delegacion-de-deportes-y-tiempo-libre-del-ayuntamiento-de-roquetas-de-mar-se-moja-por-la-vida","status":"publish","type":"post","link":"https:\/\/mojateporlavida.org\/?p=4037","title":{"rendered":"La Delegaci\u00f3n de Deportes y Tiempo Libre del Ayuntamiento de Roquetas de Mar, se \u00abmoja\u00bb por la vida."},"content":{"rendered":"<section id=\"bt_section69ef97aa85662\"  class=\"boldSection gutter\" ><div class=\"port\"><div class=\"boldCell\"><div class=\"boldCellInner\"><div class=\"boldRow \" ><div class=\"boldRowInner\"><div class=\"rowItem col-md-4 col-ms-12 btTextLeft\"  data-width=\"4\"><div class=\"rowItemContent\" ><div class=\"bpgPhoto \" ><div class = \"btImage\"><img src=\"https:\/\/mojateporlavida.org\/wp-content\/uploads\/2017\/02\/concenjalenpiscin15022017.jpg\" alt=\"\" title=\"Jos\u00e9 Juan Rub\u00ed, concejal delegado\"><\/div><\/div><div class=\"btClear btSeparator topSpaced bottomSpaced border\" ><hr><\/div><div class=\"bpgPhoto \" ><div class = \"btImage\"><img src=\"https:\/\/mojateporlavida.org\/wp-content\/uploads\/2017\/02\/cartel1211522017.jpg\" alt=\"\" title=\"\"><\/div><\/div><\/div><\/div><div class=\"rowItem col-md-8 col-ms-12 btTextLeft\"  data-width=\"8\"><div class=\"rowItemContent\" ><div class=\"btText\" ><p>El pasado 15 de febrero, coincidiendo con el D\u00eda Internacional del Ni\u00f1o con C\u00e1ncer hemos presentado la actividad 12+1 dentro del proyecto solidario \u2018M\u00f3jate por la vida\u2019. Una actividad en la que durante el fin de semana del 24 al 26 de marzo el Centro Deportivo Urbano Juan Gonz\u00e1lez Fern\u00e1ndez de El Parador se convertir\u00e1 en protagonista. Recordamos que \u00abm\u00f3jate por la vida\u00bb, es una ambiciosa iniciativa que persigue recaudar fondos para la Fundaci\u00f3n Cris.\u00a0 El prop\u00f3sito final radica en la creaci\u00f3n de una <a href=\"https:\/\/www.youtube.com\/watch?v=kOIO0Jo8sWs\">Unidad de Terapias Avanzadas<\/a> para investigar sobre el c\u00e1ncer infantil.<\/p>\n<p>Dicha unidad se ubicar\u00eda en el Hospital de La Paz, en Madrid, y es necesario dotarla de medios y personal investigador y cl\u00ednico. Los fondos se necesitan para hacerla realidad. Por eso surge el proyecto \u2018M\u00f3jate por la vida\u2019, una iniciativa solidaria que cuenta con cuatro grandes ejes o actividades: M\u00f3jate por la vida 12+1, festival de m\u00fasica, reto deportivo solidario en Cabo de Gata- N\u00edjar Swim Project y una cena fin de gala.<\/p>\n<p>El CDU Juan Gonz\u00e1lez Fern\u00e1ndez ha sido el espacio elegido para acoger la primera actividad, M\u00f3jate por la vida 12+1. Este evento deportivo dar\u00e1 comienzo el viernes 24 de Marzo por la tarde, con la presentaci\u00f3n del evento y charla del nadador ol\u00edmpico Rafael Mu\u00f1oz, y terminar\u00e1 el domingo 26 de marzo a las 03:00 a.m. aprovechando el cambio horario. La nataci\u00f3n ser\u00e1 la actividad principal, puesto que se celebrar\u00e1 desde el las 14:00 horas del s\u00e1bado 25 de marzo, hasta las 03:00 horas del domingo. Un m\u00ednimo de 7 equipos y un m\u00e1ximo de 14 se distribuir\u00e1n en siete calles en las que se estar\u00e1 nadando durante 12 + 1 horas ininterrumpidas.<\/p>\n<p>Pero la nataci\u00f3n ser\u00e1 solo una parte de esta propuesta, ya que de forma paralela se desarrollar\u00e1n otra serie de actividades como un torneo de padel, ciclo indoor, aerobith\u00f3n, aquagym, senderismo, trx, batuka infantil, juegos infantiles y varios clinics \u2026, y la venta de merchandising del evento y acci\u00f3n social. La recaudaci\u00f3n se obtendr\u00e1 con las inscripciones en estas actividades y la venta de merchandising. Todo lo que se recaude se destinar\u00e1 a la Fundaci\u00f3n Cris.<\/p>\n<\/div><\/div><\/div><\/div><\/div><div class=\"boldRow \" ><div class=\"boldRowInner\"><div class=\"rowItem col-md-12 col-ms-12  btTextLeft\"  data-width=\"12\"><div class=\"rowItemContent\" ><div class=\"btText\" ><p><iframe loading=\"lazy\" src=\"https:\/\/www.youtube.com\/embed\/kOIO0Jo8sWs\" width=\"560\" height=\"315\" frameborder=\"0\" allowfullscreen=\"allowfullscreen\"><\/iframe><\/p>\n<\/div><\/div><\/div><\/div><\/div><div class=\"boldRow \" ><div class=\"boldRowInner\"><div class=\"rowItem col-md-4 col-ms-12 btTextLeft\"  data-width=\"4\"><div class=\"rowItemContent\" ><div class=\"btClear btSeparator topSmallSpaced bottomSmallSpaced border\" ><hr><\/div><div class=\"bpgPhoto \" > \r\n\t\t\t\t\t<a href=\"https:\/\/solidarios.criscancer.org\/fundraisers\/cabo-de-gata-swim-project-mojate-por-la-vida\" target=\"_self\" title=\"M\u00f3jate y dona por la vida\"><\/a>\r\n\t\t\t\t\t<div class=\"boldPhotoBox\"><div class=\"bpbItem\"><div class = \"btImage\"><img src=\"https:\/\/mojateporlavida.org\/wp-content\/uploads\/2017\/02\/Mojatelogocuadradoblanco-b.png\" alt=\"\" title=\"M\u00f3jate y dona por la vida\"><\/div><\/div><\/div>\r\n\t\t\t\t\t<div class=\"captionPane btDarkSkin btTextCenter\">\r\n\t\t\t\t\t\t<div class=\"captionTable\">\r\n\t\t\t\t\t\t\t<div class=\"captionCell\">\r\n\t\t\t\t\t\t\t\t<div class=\"captionTxt\"><header class=\"header btClear extrasmall\" ><div class=\"btSuperTitle\"><span>Colabora<\/span><\/div><div class=\"dash\"><h4><span class=\"headline\">M\u00f3jate y dona por la vida<\/span><\/h4><\/div><\/header><\/div>\r\n\t\t\t\t\t\t\t<\/div>\r\n\t\t\t\t\t\t<\/div>\r\n\t\t\t\t\t<\/div><\/div><div class=\"btClear btSeparator topSmallSpaced bottomSmallSpaced noBorder\" ><hr><\/div><a href=\"https:\/\/solidarios.criscancer.org\/fundraisers\/cabo-de-gata-swim-project-mojate-por-la-vida\" class=\"btBtn btBtn btnOutlineStyle btnaccent3Color btnMedium btnNormalWidth btnInlinePosition btnIco\" ><span class=\"btnInnerText\">DONACIONES<\/span><span class=\"btIco \"><span  data-ico-fa=\"&#xf1b3;\" class=\"btIcoHolder\"><\/span><\/span><\/a><\/div><\/div><div class=\"rowItem col-md-8 col-ms-12 btTextLeft\"  data-width=\"8\"><div class=\"rowItemContent\" ><div class=\"btClear btSeparator topSmallSpaced bottomSmallSpaced border\" ><hr><\/div><div class=\"btText\" ><p>M\u00f3jate por la vida 12 + 1\u2019 cuenta con la organizaci\u00f3n del <a href=\"http:\/\/cdturaniana.blogspot.com.es\/\">Club Deportivo TurAniAnA<\/a> y el apoyo de la <a href=\"http:\/\/criscancer.org\/es\/\">Fundaci\u00f3n Cris<\/a>. El proyecto ha recibido r\u00e1pidamente el compromiso de colaboraci\u00f3n por parte de la Delegaci\u00f3n de Deportes y Tiempo Libre del <a href=\"http:\/\/www.aytoroquetas.org\/\">Ayuntamiento de Roquetas de Mar.<\/a><\/p>\n<p>Su concejal delegado, Jos\u00e9 Juan Rub\u00ed, afirma que <em>\u201ctodos tenemos que estar comprometidos con este tipo de causas que van dirigidas a mejorar la salud de los m\u00e1s peque\u00f1os. Para los roqueteros es un orgullo aportar nuestro granito de arena en una causa tan noble como la que nos presenta \u2018M\u00f3jate por la vida\u2019. Estamos convencidos de que, una vez m\u00e1s, nuestros vecinos se volcar\u00e1n con este evento solidario\u201d<\/em>.<\/p>\n<p>Jos\u00e9 Ram\u00f3n Mart\u00ednez y Antonio Aroca, como parte del equipo t\u00e9cnico que promueve esta actividad, afirman que <em>\u201cestamos frente al que posiblemente sea el conjunto de eventos y actividades deportivas de mayor envergadura al que nos hemos enfrentado como organizadores hasta\u00a0 el momento en Almer\u00eda. No obstante, la naturaleza del fin social al que estamos dedicando todos nuestros esfuerzos, ya sean a nivel organizativo o deportivo, hacen que \u00e9stos sean pocos. Poder contribuir y colaborar hacia al avance en la investigaci\u00f3n contra el c\u00e1ncer infantil es una oportunidad que aceptamos con mucho agrado e ilusi\u00f3n\u00bb<\/em>.<\/p>\n<p>Puedes ver esta noticia ampliada en la web del <a href=\"http:\/\/www.aytoroquetas.org\">Ayuntamiento de Roquetas de Mar. <\/a>Por nuestra parte, queremos dar las gracias al Concejal Delegado del \u00c1rea de Deportes Del Ayuntamiento de Roquetas de Mar, por la acogida y ayuda prestada a nuestro proyecto solidario. El Ayuntamiento de Roquetas de Mar ya se ha \u00abmojado\u00bb. \u00bfQuieres mojarte tu? Recueda que puedes compartir en redes sociales nuestro proyecto, <a href=\"https:\/\/solidarios.criscancer.org\/fundraisers\/cabo-de-gata-swim-project-mojate-por-la-vida\">donar fondos en la plataforma de donaci\u00f3n on line<\/a>, colaborar como empresa, ayudarnos como voluntario, y cualquier otra acci\u00f3n que se te ocurra. <a href=\"http:\/\/mojateporlavida.org\/contact\/\">Contacta<\/a> con nosotros si tienes dudas o cualquier propuesta.<\/p>\n<\/div><\/div><\/div><\/div><\/div><\/div><\/div><\/div><\/section>","protected":false},"excerpt":{"rendered":"","protected":false},"author":2,"featured_media":3815,"comment_status":"open","ping_status":"open","sticky":false,"template":"","format":"video","meta":[],"categories":[127,126,121,96,125,250],"tags":[101,104,103,95,102,105,44],"_links":{"self":[{"href":"https:\/\/mojateporlavida.org\/index.php?rest_route=\/wp\/v2\/posts\/4037"}],"collection":[{"href":"https:\/\/mojateporlavida.org\/index.php?rest_route=\/wp\/v2\/posts"}],"about":[{"href":"https:\/\/mojateporlavida.org\/index.php?rest_route=\/wp\/v2\/types\/post"}],"author":[{"embeddable":true,"href":"https:\/\/mojateporlavida.org\/index.php?rest_route=\/wp\/v2\/users\/2"}],"replies":[{"embeddable":true,"href":"https:\/\/mojateporlavida.org\/index.php?rest_route=%2Fwp%2Fv2%2Fcomments&post=4037"}],"version-history":[{"count":18,"href":"https:\/\/mojateporlavida.org\/index.php?rest_route=\/wp\/v2\/posts\/4037\/revisions"}],"predecessor-version":[{"id":4069,"href":"https:\/\/mojateporlavida.org\/index.php?rest_route=\/wp\/v2\/posts\/4037\/revisions\/4069"}],"wp:featuredmedia":[{"embeddable":true,"href":"https:\/\/mojateporlavida.org\/index.php?rest_route=\/wp\/v2\/media\/3815"}],"wp:attachment":[{"href":"https:\/\/mojateporlavida.org\/index.php?rest_route=%2Fwp%2Fv2%2Fmedia&parent=4037"}],"wp:term":[{"taxonomy":"category","embeddable":true,"href":"https:\/\/mojateporlavida.org\/index.php?rest_route=%2Fwp%2Fv2%2Fcategories&post=4037"},{"taxonomy":"post_tag","embeddable":true,"href":"https:\/\/mojateporlavida.org\/index.php?rest_route=%2Fwp%2Fv2%2Ftags&post=4037"}],"curies":[{"name":"wp","href":"https:\/\/api.w.org\/{rel}","templated":true}]}}