{"id":6243,"date":"2017-11-02T07:00:40","date_gmt":"2017-11-02T06:00:40","guid":{"rendered":"http:\/\/mojateporlavida.org\/?p=6243"},"modified":"2017-10-31T22:45:02","modified_gmt":"2017-10-31T21:45:02","slug":"los-troncos-se-mojan-por-la-vida-y-tu","status":"publish","type":"post","link":"http:\/\/mojateporlavida.org\/?p=6243","title":{"rendered":"Los Troncos se Mojan por la Vida. \u00bfY T\u00fa?"},"content":{"rendered":"<section id=\"bt_section69f2407d04847\"  class=\"boldSection gutter\" ><div class=\"port\"><div class=\"boldCell\"><div class=\"boldCellInner\"><div class=\"boldRow \" ><div class=\"boldRowInner\"><div class=\"rowItem col-md-4 col-ms-12 btTextLeft\"  data-width=\"4\"><div class=\"rowItemContent\" ><div class=\"bpgPhoto \" ><div class = \"btImage\"><img src=\"http:\/\/mojateporlavida.org\/wp-content\/uploads\/2017\/08\/lostroncos.png\" alt=\"\" title=\"\"><\/div><\/div><div class=\"btClear btSeparator topExtraSmallSpaced bottomExtraSmallSpaced noBorder\" ><hr><\/div><\/div><\/div><div class=\"rowItem col-md-8 col-ms-12 btTextLeft\"  data-width=\"8\"><div class=\"rowItemContent\" ><div class=\"bpgPhoto \" ><div class = \"btImage\"><img src=\"http:\/\/mojateporlavida.org\/wp-content\/uploads\/2017\/10\/DSC_0275.jpg\" alt=\"\" title=\"\"><\/div><\/div><div class=\"btClear btSeparator topExtraSmallSpaced bottomExtraSmallSpaced noBorder\" ><hr><\/div><\/div><\/div><\/div><\/div><\/div><\/div><\/div><\/section><section id=\"bt_section69f2407d04f38\"  class=\"boldSection gutter\" ><div class=\"port\"><div class=\"boldCell\"><div class=\"boldCellInner\"><div class=\"boldRow \" ><div class=\"boldRowInner\"><div class=\"rowItem col-md-12 col-ms-12  btTextLeft\"  data-width=\"12\"><div class=\"rowItemContent\" ><header class=\"header btClear medium  btHeaderAccent1\" ><div class=\"dash\"><h3><span class=\"headline\">Club de Pirag\u00fcismo Los Troncos<\/span><\/h3><\/div><\/header><div class=\"btText\" ><p>El pirag\u00fcismo desembarca en Almer\u00eda en 1991 de la mano del Club de Pirag\u00fcismo Los Troncos, un deporte hasta ese momento no practicado en la provincia.<\/p>\n<p>Desde la puesta en marcha de este club, han desarrollado numerosas actividades destinadas a fomentar la pr\u00e1ctica del pirag\u00fcismo, colaborando para ello con campa\u00f1as deportivas como Aula del Mar, Ac\u00e9rcate al deporte, campamentos de verano y asociaciones como la FAAM, apostando siempre por el deporte inclusivo.<\/p>\n<\/div><div class=\"btClear btSeparator topExtraSmallSpaced bottomExtraSmallSpaced noBorder\" ><hr><\/div><\/div><\/div><\/div><\/div><div class=\"boldRow \" ><div class=\"boldRowInner\"><div class=\"rowItem col-md-4 col-ms-12 btTextLeft\"  data-width=\"4\"><div class=\"rowItemContent\" ><div class=\"btClear btSeparator topExtraSmallSpaced bottomExtraSmallSpaced noBorder\" ><hr><\/div><div class=\"bpgPhoto \" ><div class = \"btImage\"><img src=\"http:\/\/mojateporlavida.org\/wp-content\/uploads\/2017\/09\/E4DSC_2691.jpg\" alt=\"\" title=\"Los troncos\"><\/div><\/div><\/div><\/div><div class=\"rowItem col-md-8 col-ms-12 btTextLeft\"  data-width=\"8\"><div class=\"rowItemContent\" ><div class=\"btClear btSeparator topExtraSmallSpaced bottomExtraSmallSpaced noBorder\" ><hr><\/div><div class=\"bpgPhoto \" ><div class = \"btImage\"><img src=\"http:\/\/mojateporlavida.org\/wp-content\/uploads\/2017\/10\/E4IMG_0645LU.jpg\" alt=\"\" title=\"Sincronizados\"><\/div><\/div><\/div><\/div><\/div><\/div><\/div><\/div><\/div><\/section><section id=\"bt_section69f2407d0597d\"  class=\"boldSection gutter\" ><div class=\"port\"><div class=\"boldCell\"><div class=\"boldCellInner\"><div class=\"boldRow \" ><div class=\"boldRowInner\"><div class=\"rowItem col-md-12 col-ms-12  btTextLeft\"  data-width=\"12\"><div class=\"rowItemContent\" ><div class=\"btClear btSeparator topExtraSmallSpaced bottomExtraSmallSpaced noBorder\" ><hr><\/div><div class=\"bpgPhoto \" ><div class = \"btImage\"><img src=\"http:\/\/mojateporlavida.org\/wp-content\/uploads\/2017\/10\/E3DSC_2047.jpg\" alt=\"\" title=\"Trabajo bien hecho\"><\/div><\/div><div class=\"btClear btSeparator topExtraSmallSpaced bottomExtraSmallSpaced noBorder\" ><hr><\/div><div class=\"btText\" ><p>En este club entrenan y compiten desde la categor\u00eda pre-benjam\u00edn (desde 7 a\u00f1os) hasta veteranos y lo hacen tanto en pirag\u00fcismo como Dragon Boat. En esta \u00faltima modalidad, han cosechado grandes triunfos en el mes de agosto: en el Campeonato Europeo y Mundial de Pirag\u00fcismo Dragones, han logrado 6 medallas. Para obtener estos resultados entrenan casi a diario, participando en regatas en toda la geograf\u00eda espa\u00f1ola.<\/p>\n<p>Este club es el responsable de la Escuela Deportiva Municipal de Pirag\u00fcismo de Almer\u00eda, la medallista europea y mundial sub 24 Jennifer Hern\u00e1ndez es la entrenadora de esta escuela. Tiene su sede en el Centro de Actividades N\u00e1uticas de Almer\u00eda<\/p>\n<\/div><div class=\"bpgPhoto  btHasTitles\" ><div class = \"btImage\"><img src=\"http:\/\/mojateporlavida.org\/wp-content\/uploads\/2017\/10\/E3DSC_2082-copia.jpg\" alt=\"\" title=\"Dragon Boat\"><\/div><\/div><div class=\"btClear btSeparator topExtraSmallSpaced bottomExtraSmallSpaced noBorder\" ><hr><\/div><div class=\"bpgPhoto  btHasTitles\" ><div class = \"btImage\"><img src=\"http:\/\/mojateporlavida.org\/wp-content\/uploads\/2017\/08\/E3-Palista-hdr.jpg\" alt=\"\" title=\"Los troncos\"><\/div><\/div><div class=\"btText\" ><p>Los Troncos han acompa\u00f1ado a nuestros nadadores durante su traves\u00eda por la franja litoral del Parque Natural Cabo de Gata \u2013 N\u00efjar, lo que ha supuesto una gran tranquilidad para ellos y unas medidas de seguridad extremas. Ellos junto con PESCARTES han formado un gran equipo.<\/p>\n<\/div><div class=\"btClear btSeparator topExtraSmallSpaced bottomExtraSmallSpaced noBorder\" ><hr><\/div><div class=\"bpgPhoto  btHasTitles\" ><div class = \"btImage\"><img src=\"http:\/\/mojateporlavida.org\/wp-content\/uploads\/2017\/10\/E2IMG_0399LU.jpg\" alt=\"\" title=\"En perfecta formaci\u00f3n\"><\/div><\/div><div class=\"btClear btSeparator topExtraSmallSpaced bottomExtraSmallSpaced noBorder\" ><hr><\/div><div class=\"btText\" ><p>Ha sido un placer contar con vuestro apoyo y queremos daros las gracias por todo el esfuerzo que hab\u00e9is realizado, en especial a las peque\u00f1as palistas que estuvieron remando para ayudar a que ni\u00f1os como ellas puedan superar el c\u00e1ncer. Sois un equipo admirable, basado en el compa\u00f1erismo y trabajo en equipo, seguro que lograr\u00e9is que este deporte se implante totalmente en nuestra provincia.<\/p>\n<\/div><div class=\"btClear btSeparator topExtraSmallSpaced bottomExtraSmallSpaced noBorder\" ><hr><\/div><div class=\"bpgPhoto  btHasTitles\" ><div class = \"btImage\"><img src=\"http:\/\/mojateporlavida.org\/wp-content\/uploads\/2017\/10\/E4DSC_2274.jpg\" alt=\"\" title=\"Juventud e ilusi\u00f3n\"><\/div><\/div><div class=\"btClear btSeparator topExtraSmallSpaced bottomExtraSmallSpaced noBorder\" ><hr><\/div><div class=\"bpgPhoto  btHasTitles\" ><div class = \"btImage\"><img src=\"http:\/\/mojateporlavida.org\/wp-content\/uploads\/2017\/10\/E3lostroncos.jpg\" alt=\"\" title=\"Amanecer\"><\/div><\/div><div class=\"btClear btSeparator topExtraSmallSpaced bottomExtraSmallSpaced noBorder\" ><hr><\/div><div class=\"bpgPhoto  btHasTitles\" ><div class = \"btImage\"><img src=\"http:\/\/mojateporlavida.org\/wp-content\/uploads\/2017\/10\/E3DSC_1811.jpg\" alt=\"\" title=\"Amanece\"><\/div><\/div><div class=\"btClear btSeparator topExtraSmallSpaced bottomExtraSmallSpaced noBorder\" ><hr><\/div><div class=\"bpgPhoto  btHasTitles\" ><div class = \"btImage\"><img src=\"http:\/\/mojateporlavida.org\/wp-content\/uploads\/2017\/10\/20150120_202624A.jpg\" alt=\"\" title=\"\"><\/div><\/div><div class=\"btClear btSeparator topExtraSmallSpaced bottomExtraSmallSpaced noBorder\" ><hr><\/div><div class=\"bpgPhoto  btHasTitles\" ><div class = \"btImage\"><img src=\"http:\/\/mojateporlavida.org\/wp-content\/uploads\/2017\/10\/E3IMG_0465LU.jpg\" alt=\"\" title=\"Concentraci\u00f3n\"><\/div><\/div><div class=\"btClear btSeparator topExtraSmallSpaced bottomExtraSmallSpaced noBorder\" ><hr><\/div><\/div><\/div><\/div><\/div><\/div><\/div><\/div><\/section><section id=\"bt_section69f2407d06f97\"  class=\"boldSection gutter\" ><div class=\"port\"><div class=\"boldCell\"><div class=\"boldCellInner\"><div class=\"boldRow \" ><div class=\"boldRowInner\"><div class=\"rowItem col-md-12 col-ms-12  btTextLeft\"  data-width=\"12\"><div class=\"rowItemContent\" ><div class=\"btText\" ><p><iframe loading=\"lazy\" src=\"https:\/\/www.youtube.com\/embed\/fhbxyzC9oog\" width=\"560\" height=\"315\" frameborder=\"0\" allowfullscreen=\"allowfullscreen\"><\/iframe><\/p>\n<\/div><div class=\"btText\" ><p><iframe loading=\"lazy\" src=\"https:\/\/www.youtube.com\/embed\/9UXlUfOkl14\" width=\"560\" height=\"315\" frameborder=\"0\" allowfullscreen=\"allowfullscreen\"><\/iframe><\/p>\n<p><iframe loading=\"lazy\" src=\"https:\/\/www.youtube.com\/embed\/hdVXawEwQ0M\" width=\"560\" height=\"315\" frameborder=\"0\" allowfullscreen=\"allowfullscreen\"><\/iframe><\/p>\n<\/div><\/div><\/div><\/div><\/div><\/div><\/div><\/div><\/section><section id=\"bt_section69f2407d071f1\"  class=\"boldSection gutter\" ><div class=\"port\"><div class=\"boldCell\"><div class=\"boldCellInner\"><div class=\"boldRow \" ><div class=\"boldRowInner\"><div class=\"rowItem col-md-12 col-ms-12  btTextLeft\"  data-width=\"12\"><div class=\"rowItemContent\" ><div class=\"btClear btSeparator topSemiSpaced bottomSemiSpaced noBorder\" ><hr><\/div><div class=\"servicesItem  btServicesAccent1 btIcoLargeSizeIcon \"><div class=\"sIcon\"><span class=\"btIco btIcoLargeSize btIcoFilledType btAccent1Icon\"><a href=\"http:\/\/www.lavozdealmeria.es\/Noticias\/103334\/8\/Dragones-almerienses\" target=\"_self\" data-ico-od=\"&#xe9bc;\" class=\"btIcoHolder\"><\/a><\/span><\/div><div class=\"sTxt\"><header class=\"header btClear small\" ><div class=\"dash\"><h4><span class=\"headline\">Dragones Almerienses (La Voz de Almer\u00eda)<\/span><\/h4><\/div><\/header><\/div><\/div><div class=\"btClear btSeparator topSemiSpaced bottomSemiSpaced noBorder\" ><hr><\/div><header class=\"header btClear large  btHeaderAccent3\" ><div class=\"dash\"><h2><span class=\"headline\">\u00a1\u00a1Muchas gracias a Los troncos por mojarse por la vida!!\r<br>\r<br>Yo me mojo por la vida, y t\u00fa? #mojateporlavida <\/span><\/h2><\/div><\/header><\/div><\/div><\/div><\/div><\/div><\/div><\/div><\/section>","protected":false},"excerpt":{"rendered":"<p>Los Troncos. Colaborador indispensable para la seguiridad en el reto.<\/p>\n","protected":false},"author":2,"featured_media":6259,"comment_status":"open","ping_status":"open","sticky":false,"template":"","format":"link","meta":[],"categories":[84],"tags":[266,273],"_links":{"self":[{"href":"http:\/\/mojateporlavida.org\/index.php?rest_route=\/wp\/v2\/posts\/6243"}],"collection":[{"href":"http:\/\/mojateporlavida.org\/index.php?rest_route=\/wp\/v2\/posts"}],"about":[{"href":"http:\/\/mojateporlavida.org\/index.php?rest_route=\/wp\/v2\/types\/post"}],"author":[{"embeddable":true,"href":"http:\/\/mojateporlavida.org\/index.php?rest_route=\/wp\/v2\/users\/2"}],"replies":[{"embeddable":true,"href":"http:\/\/mojateporlavida.org\/index.php?rest_route=%2Fwp%2Fv2%2Fcomments&post=6243"}],"version-history":[{"count":16,"href":"http:\/\/mojateporlavida.org\/index.php?rest_route=\/wp\/v2\/posts\/6243\/revisions"}],"predecessor-version":[{"id":6274,"href":"http:\/\/mojateporlavida.org\/index.php?rest_route=\/wp\/v2\/posts\/6243\/revisions\/6274"}],"wp:featuredmedia":[{"embeddable":true,"href":"http:\/\/mojateporlavida.org\/index.php?rest_route=\/wp\/v2\/media\/6259"}],"wp:attachment":[{"href":"http:\/\/mojateporlavida.org\/index.php?rest_route=%2Fwp%2Fv2%2Fmedia&parent=6243"}],"wp:term":[{"taxonomy":"category","embeddable":true,"href":"http:\/\/mojateporlavida.org\/index.php?rest_route=%2Fwp%2Fv2%2Fcategories&post=6243"},{"taxonomy":"post_tag","embeddable":true,"href":"http:\/\/mojateporlavida.org\/index.php?rest_route=%2Fwp%2Fv2%2Ftags&post=6243"}],"curies":[{"name":"wp","href":"https:\/\/api.w.org\/{rel}","templated":true}]}}