{"id":5695,"date":"2017-07-06T17:29:51","date_gmt":"2017-07-06T15:29:51","guid":{"rendered":"http:\/\/mojateporlavida.org\/?p=5695"},"modified":"2023-07-19T19:17:04","modified_gmt":"2023-07-19T17:17:04","slug":"el-parque-natural-cabo-de-gata-nijar-sera-el-escenario-de-ows-cabo-de-gata-nijar-swim-project","status":"publish","type":"post","link":"http:\/\/mojateporlavida.org\/?p=5695","title":{"rendered":"El Parque Natural Cabo de Gata \u2013 N\u00edjar ser\u00e1 el escenario de \u201cOWS Cabo de Gata \u2013 N\u00efjar Swim Project\u201d"},"content":{"rendered":"<section id=\"bt_section69f1f6812242c\"  class=\"boldSection gutter\" ><div class=\"port\"><div class=\"boldCell\"><div class=\"boldCellInner\"><\/div><\/div><\/div><\/section><section id=\"bt_section69f1f681224d0\"  class=\"boldSection gutter\" ><div class=\"port\"><div class=\"boldCell\"><div class=\"boldCellInner\"><div class=\"boldRow \" ><div class=\"boldRowInner\"><div class=\"rowItem col-md-8 col-ms-12 btTextLeft\"  data-width=\"8\"><div class=\"rowItemContent\" ><div class=\"btText\" ><p>\u201cM\u00f3jate por la vida\u201d es un conjunto de actividades solidarias cuyo fin es recaudar fondos para poner en marcha la Unidad de Terapias Avanzadas del Hospital La Paz (Madrid) a trav\u00e9s de la Fundaci\u00f3n Cris. A lo largo de 2017 ya se han realizado varias de ellas, en agosto est\u00e1 prevista una de las m\u00e1s importantes: \u201cOWS Cabo de Gata \u2013 N\u00efjar Swim Project\u201d.<\/p>\n<p>10 nadadores no profesionales, 6 hombres y 4 mujeres, de nuestro club nadar\u00e1n los 60 kil\u00f3metros que distan Carboneras del pueblo pesquero de Cabo de Gata en 5 etapas consecutivas. Lo har\u00e1n con el apoyo de Pescartes \u2013 Asociaci\u00f3n de Pescadores Artesanales de Cabo de Gata \u2013 N\u00efjar &#8211; , el Club de Pirag\u00fcismo Los Troncos, el Ilustre Colegio de Fisioterapeutas de Andaluc\u00eda y los servicios de Protecci\u00f3n Civil de los Ayuntamientos de Carboneras, N\u00edjar y Almer\u00eda.<\/p>\n<p>Esta actividad se realizar\u00e1 en el primer Parque Natural Mar\u00edtimo \u2013 Terrestre de Andaluc\u00eda. Gracias a los colaboradores del proyecto, en especial a Pescartes, vamos a realizar una actividad no competitiva respetando el medio ambiente y entendiendo sus l\u00edmites, buscando ser un ejemplo de que se pueden hacer actividades en un espacio de estas caracter\u00edsticas sin alterarlo. Con este dise\u00f1o, los miembros de la Junta Rectora del Parque Natural Cabo de Gata N\u00edjar desde que conocieron el reto han apostado por \u00e9l y han intentado que el mismo cuente con los m\u00e1ximos apoyos en el \u00e1mbito institucional y empresarial de este espacio.<\/p>\n<\/div><\/div><\/div><div class=\"rowItem col-md-4 col-ms-12 btTextLeft\"  data-width=\"4\"><div class=\"rowItemContent\" ><\/div><\/div><\/div><\/div><div class=\"boldRow \" ><div class=\"boldRowInner\"><div class=\"rowItem col-md-8 col-ms-12 btTextLeft\"  data-width=\"8\"><div class=\"rowItemContent\" ><div class=\"btText\" ><p>As\u00ed, este proyecto ha recibido el apoyo de la Junta de Andaluc\u00eda a trav\u00e9s de la Delegaci\u00f3n Territorial de Medio Ambiente y Ordenaci\u00f3n del Territorio de Andaluc\u00eda, incluy\u00e9ndose como actividad dentro del 30 Aniversario del Parque Natural de Cabo de Gata \u2013 N\u00efjar y el 20 Aniversario de que este espacio fuera declarado Reserva de la Biosfera. Por este motivo, el pasado 26 de junio, Antonio Mart\u00ednez, Delegado de Medio Ambiente y Ordenaci\u00f3n del Territorio de Almer\u00eda, junto con Seraf\u00edn Jim\u00e9nez, Presidente del CD TurAniAnA y Antonio Aroca, nadador y organizador de m\u00f3jate por la vida, presentaron el cartel de esta actividad y el v\u00eddeo de promoci\u00f3n de la actividad \u201cOWS Cabo de Gata \u2013 N\u00efjar Swim Project\u201d.<\/p>\n<p>Adem\u00e1s, el pasado 29 de junio se present\u00f3 la actividad a los miembros de la Junta Rectora del Parque Natural Cabo de Gata \u2013 N\u00edjar donde recibi\u00f3 el apoyo de empresas, instituciones, asociaciones y ciudadanos, y donde se expuso nuestro compromiso por respetar y contribuir al desarrollo sostenible de este parque natural.<\/p>\n<\/div><\/div><\/div><div class=\"rowItem col-md-4 col-ms-12 btTextLeft\"  data-width=\"4\"><div class=\"rowItemContent\" ><\/div><\/div><\/div><\/div><\/div><\/div><\/div><\/section><section id=\"bt_section69f1f68122b96\"  class=\"boldSection gutter\" ><div class=\"port\"><div class=\"boldCell\"><div class=\"boldCellInner\"><\/div><\/div><\/div><\/section><section id=\"bt_section69f1f68122c09\"  class=\"boldSection gutter\" ><div class=\"port\"><div class=\"boldCell\"><div class=\"boldCellInner\"><div class=\"boldRow \" ><div class=\"boldRowInner\"><div class=\"rowItem col-md-12 col-ms-12  btTextLeft\"  data-width=\"12\"><div class=\"rowItemContent\" ><div class=\"btText\" ><p><iframe loading=\"lazy\" src=\"https:\/\/www.youtube.com\/embed\/Lhpq1ndMSis\" width=\"560\" height=\"315\" frameborder=\"0\" allowfullscreen=\"allowfullscreen\"><\/iframe><\/p>\n<\/div><\/div><\/div><\/div><\/div><\/div><\/div><\/div><\/section>","protected":false},"excerpt":{"rendered":"","protected":false},"author":1,"featured_media":3665,"comment_status":"open","ping_status":"open","sticky":false,"template":"","format":"image","meta":[],"categories":[83,127,130,126,131,129,121,133,85,248,156,128,125],"tags":[219,216],"_links":{"self":[{"href":"http:\/\/mojateporlavida.org\/index.php?rest_route=\/wp\/v2\/posts\/5695"}],"collection":[{"href":"http:\/\/mojateporlavida.org\/index.php?rest_route=\/wp\/v2\/posts"}],"about":[{"href":"http:\/\/mojateporlavida.org\/index.php?rest_route=\/wp\/v2\/types\/post"}],"author":[{"embeddable":true,"href":"http:\/\/mojateporlavida.org\/index.php?rest_route=\/wp\/v2\/users\/1"}],"replies":[{"embeddable":true,"href":"http:\/\/mojateporlavida.org\/index.php?rest_route=%2Fwp%2Fv2%2Fcomments&post=5695"}],"version-history":[{"count":2,"href":"http:\/\/mojateporlavida.org\/index.php?rest_route=\/wp\/v2\/posts\/5695\/revisions"}],"predecessor-version":[{"id":5697,"href":"http:\/\/mojateporlavida.org\/index.php?rest_route=\/wp\/v2\/posts\/5695\/revisions\/5697"}],"wp:featuredmedia":[{"embeddable":true,"href":"http:\/\/mojateporlavida.org\/index.php?rest_route=\/wp\/v2\/media\/3665"}],"wp:attachment":[{"href":"http:\/\/mojateporlavida.org\/index.php?rest_route=%2Fwp%2Fv2%2Fmedia&parent=5695"}],"wp:term":[{"taxonomy":"category","embeddable":true,"href":"http:\/\/mojateporlavida.org\/index.php?rest_route=%2Fwp%2Fv2%2Fcategories&post=5695"},{"taxonomy":"post_tag","embeddable":true,"href":"http:\/\/mojateporlavida.org\/index.php?rest_route=%2Fwp%2Fv2%2Ftags&post=5695"}],"curies":[{"name":"wp","href":"https:\/\/api.w.org\/{rel}","templated":true}]}}