{"id":5585,"date":"2017-06-14T07:00:30","date_gmt":"2017-06-14T05:00:30","guid":{"rendered":"http:\/\/mojateporlavida.org\/?p=5585"},"modified":"2017-07-26T13:08:13","modified_gmt":"2017-07-26T11:08:13","slug":"5585","status":"publish","type":"post","link":"http:\/\/mojateporlavida.org\/?p=5585","title":{"rendered":"Quinto Nadador Invitado. Hern\u00e1n Cort\u00e9s. Nadador por Zafra (Badajoz)."},"content":{"rendered":"<section id=\"bt_section69f1f67b6be78\"  class=\"boldSection gutter\" ><div class=\"port\"><div class=\"boldCell\"><div class=\"boldCellInner\"><\/div><\/div><\/div><\/section><section id=\"bt_section69f1f67b6c1d8\" data-parallax=\"0\" data-parallax-offset=\"0\" class=\"boldSection topSpaced bottomSemiSpaced btDarkSkin gutter inherit btParallax wBackground cover btBackgroundOverlay btSolidDarkBackground\" style=\"background-image:url('http:\/\/mojateporlavida.org\/wp-content\/uploads\/2017\/06\/foto-formantera-ibiza.jpg');\"><div class=\"port\"><div class=\"boldCell\"><div class=\"boldCellInner\"><div class=\"boldRow \" ><div class=\"boldRowInner\"><div class=\"rowItem col-md-3 col-sm-6 col-ms-12 btTextLeft animate animate-fadein animate-moveup btMiddleVertical\"  data-width=\"3\"><div class=\"rowItemContent\" ><div class=\"bpgPhoto  btRoundedImage\" ><div class = \"btImage\"><img src=\"http:\/\/mojateporlavida.org\/wp-content\/uploads\/2017\/06\/HERNAN-CORTES.jpg\" alt=\"\" title=\"\"><\/div><\/div><div class=\"btClear btSeparator bottomSemiSpaced noBorder\" ><hr><\/div><\/div><\/div><div class=\"rowItem col-md-6 col-sm-12 btTextLeft animate animate-fadein animate-moveup btMiddleVertical\"  data-width=\"6\"><div class=\"rowItemContent\" ><header class=\"header btClear large  btHeaderAccent3\" ><div class=\"btSuperTitle\"><span>NADADOR INVITADO<\/span><\/div><div class=\"dash\"><h2><span class=\"headline\">Hern\u00e1n Cort\u00e9s<\/span><\/h2><\/div><\/header><div class=\"btText\" ><p>Hern\u00e1n Cortes.\u00a0 Nadador invitado por Zafra (Badajoz).<\/p>\n<p>Hern\u00e1n es un aut\u00e9ntico conquistador de los mares, no hay traves\u00eda de larga distancia que se le resista. Triatleta de alto nivel en sus or\u00edgenes, su pasi\u00f3n por la aventura y la naturaleza le impuls\u00f3 a dedicarse de lleno a las aguas abiertas hace unas cuantas temporadas, y desde entonces no ha parado de realizar maratones acu\u00e1ticas por toda nuestra geograf\u00eda.<\/p>\n<p>Extreme\u00f1o de pura cepa, siente devoci\u00f3n\u00a0por\u00a0su tierra y lleva la bandera de su regi\u00f3n all\u00e1 donde nada. No\u00a0duda en sumar su esfuerzo para ayudar a los\u00a0dem\u00e1s y\u00a0junto a sus compa\u00f1eros del CN M\u00e1ster\u00a0Torrijos ha\u00a0realizado tambi\u00e9n retos deportivos\u00a0solidarios como el Cruce a Nado del Estrecho de Gibraltar para recaudar fondos para la investigaci\u00f3n de la\u00a0Esclerosis M\u00faltiple.<\/p>\n<\/div><div class=\"btClear btSeparator bottomSemiSpaced noBorder\" ><hr><\/div><\/div><\/div><div class=\"rowItem col-md-3 col-sm-6 col-ms-12 btTextLeft animate animate-fadein animate-moveup btMiddleVertical btDoublePadding\"  data-width=\"3\"><div class=\"rowItemContent\" ><div class=\"btClear btSeparator bottomSemiSpaced noBorder\" ><hr><\/div><a href=\"mailto:cortes.hernan22@gmail.com\" class=\"btBtn btBtn btnOutlineStyle btndefaultColor btnSmall btnFullWidth btnRightPosition btnIco\" ><span class=\"btnInnerText\">CONTACT<\/span><span class=\"btIco \"><span  data-ico-fa=\"&#xf003;\" class=\"btIcoHolder\"><\/span><\/span><\/a><div class=\"btClear btSeparator topSmallSpaced noBorder\" ><hr><\/div><\/div><\/div><\/div><\/div><\/div><\/div><\/div><\/section><section id=\"bt_section69f1f67b6cc49\"  class=\"boldSection gutter\" ><div class=\"port\"><div class=\"boldCell\"><div class=\"boldCellInner\"><\/div><\/div><\/div><\/section><section id=\"bt_section69f1f67b6cce7\"  class=\"boldSection gutter\" ><div class=\"port\"><div class=\"boldCell\"><div class=\"boldCellInner\"><div class=\"boldRow \" ><div class=\"boldRowInner\"><div class=\"rowItem col-md-12 col-ms-12  btTextLeft\"  data-width=\"12\"><div class=\"rowItemContent\" ><div class=\"btText\" ><p>\u00bfQuieres saber m\u00e1s sobre Hern\u00e1n?<\/p>\n<\/div><div class=\"btIconImageRow\" ><span class=\"btIco btIcoDefaultType btIcoMediumSize btDefaultIcon\"><a href=\"http:\/\/mojateporlavida.org\/?page_id=5572%20\"  target=\"no_target\" data-ico-fa=\"&#xf05a;\" class=\"btIcoHolder\"><span>M\u00e1s sobre Hern\u00e1n Cort\u00e9s<\/span><\/a><\/span><\/div><\/div><\/div><\/div><\/div><\/div><\/div><\/div><\/section>","protected":false},"excerpt":{"rendered":"<p>Conoce a otro de los nadadores invitados al reto. Esta vez presentamos a Hern\u00e1n Cort\u00e9s. NAdador de Zafra.<\/p>\n","protected":false},"author":2,"featured_media":5577,"comment_status":"open","ping_status":"open","sticky":false,"template":"","format":"audio","meta":[],"categories":[231,85,240],"tags":[114,232,230,229,236,86,82,115,259],"_links":{"self":[{"href":"http:\/\/mojateporlavida.org\/index.php?rest_route=\/wp\/v2\/posts\/5585"}],"collection":[{"href":"http:\/\/mojateporlavida.org\/index.php?rest_route=\/wp\/v2\/posts"}],"about":[{"href":"http:\/\/mojateporlavida.org\/index.php?rest_route=\/wp\/v2\/types\/post"}],"author":[{"embeddable":true,"href":"http:\/\/mojateporlavida.org\/index.php?rest_route=\/wp\/v2\/users\/2"}],"replies":[{"embeddable":true,"href":"http:\/\/mojateporlavida.org\/index.php?rest_route=%2Fwp%2Fv2%2Fcomments&post=5585"}],"version-history":[{"count":9,"href":"http:\/\/mojateporlavida.org\/index.php?rest_route=\/wp\/v2\/posts\/5585\/revisions"}],"predecessor-version":[{"id":5903,"href":"http:\/\/mojateporlavida.org\/index.php?rest_route=\/wp\/v2\/posts\/5585\/revisions\/5903"}],"wp:featuredmedia":[{"embeddable":true,"href":"http:\/\/mojateporlavida.org\/index.php?rest_route=\/wp\/v2\/media\/5577"}],"wp:attachment":[{"href":"http:\/\/mojateporlavida.org\/index.php?rest_route=%2Fwp%2Fv2%2Fmedia&parent=5585"}],"wp:term":[{"taxonomy":"category","embeddable":true,"href":"http:\/\/mojateporlavida.org\/index.php?rest_route=%2Fwp%2Fv2%2Fcategories&post=5585"},{"taxonomy":"post_tag","embeddable":true,"href":"http:\/\/mojateporlavida.org\/index.php?rest_route=%2Fwp%2Fv2%2Ftags&post=5585"}],"curies":[{"name":"wp","href":"https:\/\/api.w.org\/{rel}","templated":true}]}}