{"id":5301,"date":"2017-05-16T13:22:51","date_gmt":"2017-05-16T11:22:51","guid":{"rendered":"http:\/\/mojateporlavida.org\/?p=5301"},"modified":"2017-05-16T13:22:51","modified_gmt":"2017-05-16T11:22:51","slug":"mojate-por-la-vida-en-la-travesia-de-santa-faz","status":"publish","type":"post","link":"http:\/\/mojateporlavida.org\/?p=5301","title":{"rendered":"Mojate por la vida en la traves\u00eda de Santa Faz"},"content":{"rendered":"<section id=\"bt_section69f205e548e7f\"  class=\"boldSection gutter\" ><div class=\"port\"><div class=\"boldCell\"><div class=\"boldCellInner\"><div class=\"boldRow \" ><div class=\"boldRowInner\"><div class=\"rowItem col-md-12 col-ms-12  btTextLeft\"  data-width=\"12\"><div class=\"rowItemContent\" ><header class=\"header btClear small\" ><\/header><div class=\"btText\" ><p>9 de nuestros nadadores y nadadoras se encontraron en la Traves\u00eda Solidaria de Santa Faz, organizada por el Club RC7. Esta traves\u00eda se realiza el d\u00eda de Santa Faz,\u00a0 simulando\u00a0 la peregrinaci\u00f3n desde Alicante hasta la Capilla de Santa Faz, pero en vez de andando, nadando.<\/p>\n<\/div><div class=\"btClear btSeparator topSmallSpaced bottomSmallSpaced noBorder\" ><hr><\/div><\/div><\/div><\/div><\/div><\/div><\/div><\/div><\/section><section id=\"bt_section69f205e5497b6\"  class=\"boldSection gutter\" ><div class=\"port\"><div class=\"boldCell\"><div class=\"boldCellInner\"><div class=\"boldRow \" ><div class=\"boldRowInner\"><div class=\"rowItem col-md-8 col-ms-12 btTextLeft\"  data-width=\"8\"><div class=\"rowItemContent\" ><div class=\"btClear btSeparator topSmallSpaced bottomSmallSpaced noBorder\" ><hr><\/div><div class=\"bpgPhoto \" ><div class = \"btImage\"><img src=\"http:\/\/mojateporlavida.org\/wp-content\/uploads\/2017\/05\/DSC_1484.jpg\" alt=\"\" title=\"\"><\/div><\/div><\/div><\/div><div class=\"rowItem col-md-4 col-ms-12 btTextLeft\"  data-width=\"4\"><div class=\"rowItemContent\" ><div class=\"btClear btSeparator topSpaced bottomSpaced noBorder\" ><hr><\/div><div class=\"btText\" ><p>La Traves\u00eda tiene un car\u00e1cter solidario a favor de la <a href=\"http:\/\/www.aeal.es\/\">Asociaci\u00f3n Espa\u00f1ola de Afectados por Linfoma, Mieloma y Leucemia. AEAL.<\/a><\/p>\n<\/div><div class=\"btIconImageRow\" ><div class=\"bpgPhoto \" > \r\n\t\t\t\t\t<a href=\"http:\/\/www.aeal.es\/\" target=\"_blank\" title=\"\"><\/a>\r\n\t\t\t\t\t<div class=\"boldPhotoBox\"><div class=\"bpbItem\"><div class = \"btImage\"><img src=\"http:\/\/mojateporlavida.org\/wp-content\/uploads\/2017\/05\/logo_aeal_web_aeal.png\" alt=\"\" title=\"\"><\/div><\/div><\/div>\r\n\t\t\t\t\t<div class=\"captionPane btDarkSkin btTextCenter\">\r\n\t\t\t\t\t\t<div class=\"captionTable\">\r\n\t\t\t\t\t\t\t<div class=\"captionCell\">\r\n\t\t\t\t\t\t\t\t<div class=\"captionTxt\"><\/div>\r\n\t\t\t\t\t\t\t<\/div>\r\n\t\t\t\t\t\t<\/div>\r\n\t\t\t\t\t<\/div><\/div><\/div><\/div><\/div><\/div><\/div><\/div><\/div><\/div><\/section><section id=\"bt_section69f205e54a4cf\"  class=\"boldSection gutter\" ><div class=\"port\"><div class=\"boldCell\"><div class=\"boldCellInner\"><div class=\"boldRow \" ><div class=\"boldRowInner\"><div class=\"rowItem col-md-12 col-ms-12  btTextLeft\"  data-width=\"12\"><div class=\"rowItemContent\" ><div class=\"btClear btSeparator topSmallSpaced bottomSmallSpaced noBorder\" ><hr><\/div><div class=\"bpgPhoto \" ><div class = \"btImage\"><img src=\"http:\/\/mojateporlavida.org\/wp-content\/uploads\/2017\/05\/seguridad.jpg\" alt=\"\" title=\"\"><\/div><\/div><div class=\"btClear btSeparator topSemiSpaced bottomSemiSpaced noBorder\" ><hr><\/div><div class=\"btText\" ><p>Precioso recorrido\u00a0 desde la playa del Postiguet hasta la playa de San Juan, en total 9km, con mar algo rizada. Tan s\u00f3lo el bordear al cabo que da acceso a la playa de San Juan, los nadadores encontraron alguna dificultad.<\/p>\n<p>Por lo dem\u00e1s buen tiempo, d\u00eda soleado y algo de viento de poniente, con temperatura agradable del mar para las fechas en las que estamos.<\/p>\n<\/div><\/div><\/div><\/div><\/div><\/div><\/div><\/div><\/section><section id=\"bt_section69f205e54ac03\"  class=\"boldSection gutter\" ><div class=\"port\"><div class=\"boldCell\"><div class=\"boldCellInner\"><div class=\"boldRow \" ><div class=\"boldRowInner\"><div class=\"rowItem col-md-8 col-ms-12 btTextLeft\"  data-width=\"8\"><div class=\"rowItemContent\" ><header class=\"header btClear large  btHeaderAccent4\" ><div class=\"dash\"><h2><span class=\"headline\">AINHOA Y ARANCHA<\/span><\/h2><\/div><\/header><div class=\"btClear btSeparator topSemiSpaced bottomSemiSpaced noBorder\" ><hr><\/div><div class=\"bpgPhoto  btRoundedImage\" ><div class = \"btImage\"><img src=\"http:\/\/mojateporlavida.org\/wp-content\/uploads\/2017\/05\/navarras.jpg\" alt=\"\" title=\"\"><\/div><\/div><div class=\"btClear btSeparator topSmallSpaced bottomSmallSpaced noBorder\" ><hr><\/div><div class=\"bpgPhoto  btRoundedImage\" ><div class = \"btImage\"><img src=\"http:\/\/mojateporlavida.org\/wp-content\/uploads\/2017\/05\/Ainhoa-y-A\u0301ngel-llegando.jpg\" alt=\"\" title=\"\"><\/div><\/div><div class=\"btClear btSeparator topSmallSpaced bottomSmallSpaced noBorder\" ><hr><\/div><div class=\"bpgPhoto  btRoundedImage\" ><div class = \"btImage\"><img src=\"http:\/\/mojateporlavida.org\/wp-content\/uploads\/2017\/05\/Arancha-gine\u0301s.jpg\" alt=\"\" title=\"\"><\/div><\/div><\/div><\/div><div class=\"rowItem col-md-4 col-ms-12 btTextLeft\"  data-width=\"4\"><div class=\"rowItemContent\" ><div class=\"btClear btSeparator topLargeSpaced bottomLargeSpaced noBorder\" ><hr><\/div><div class=\"btText\" ><p>Desde Navarra, arropada por parte de su familia, acudi\u00f3 Arancha Ruiz De Larramendi, para encontrarse con su hermana Ainhoa Ruiz de Larramendi afincada en Almer\u00eda.<\/p>\n<\/div><div class=\"btClear btSeparator topLargeSpaced bottomLargeSpaced noBorder\" ><hr><\/div><div class=\"btText\" ><p>\u00c1ngel Garijo y Ainhoa Ruiz De Larramendi, completaron el recorrido juntos y en un excelente tiempo.<\/p>\n<\/div><div class=\"btClear btSeparator topLargeSpaced bottomLargeSpaced noBorder\" ><hr><\/div><div class=\"btText\" ><p>Arancha por su parte, realiz\u00f3 el trayecto junto a Gin\u00e9s.\u00a0 Tambi\u00e9n con grandes sensaciones.<\/p>\n<\/div><\/div><\/div><\/div><\/div><\/div><\/div><\/div><\/section><section id=\"bt_section69f205e54bc09\"  class=\"boldSection gutter\" ><div class=\"port\"><div class=\"boldCell\"><div class=\"boldCellInner\"><div class=\"boldRow \" ><div class=\"boldRowInner\"><div class=\"rowItem col-md-4 col-ms-12 btTextLeft\"  data-width=\"4\"><div class=\"rowItemContent\" ><div class=\"btClear btSeparator topSpaced bottomSpaced noBorder\" ><hr><\/div><div class=\"btText\" ><p>Salida de Antonio Aroca.<\/p>\n<\/div><\/div><\/div><div class=\"rowItem col-md-8 col-ms-12 btTextLeft\"  data-width=\"8\"><div class=\"rowItemContent\" ><div class=\"btClear btSeparator topSmallSpaced bottomSmallSpaced noBorder\" ><hr><\/div><div class=\"bpgPhoto  btRoundedImage\" ><div class = \"btImage\"><img src=\"http:\/\/mojateporlavida.org\/wp-content\/uploads\/2017\/05\/Salida-de-Aroca.jpg\" alt=\"\" title=\"\"><\/div><\/div><\/div><\/div><\/div><\/div><\/div><\/div><\/div><\/section><section id=\"bt_section69f205e54c1ec\"  class=\"boldSection gutter\" ><div class=\"port\"><div class=\"boldCell\"><div class=\"boldCellInner\"><div class=\"boldRow \" ><div class=\"boldRowInner\"><div class=\"rowItem col-md-4 col-ms-12 btTextLeft\"  data-width=\"4\"><div class=\"rowItemContent\" ><div class=\"btClear btSeparator topSpaced bottomSpaced noBorder\" ><hr><\/div><div class=\"btText\" ><p>Salida de Sagrario Carri\u00f3n.<\/p>\n<\/div><\/div><\/div><div class=\"rowItem col-md-8 col-ms-12 btTextLeft\"  data-width=\"8\"><div class=\"rowItemContent\" ><div class=\"btClear btSeparator topSmallSpaced bottomSmallSpaced noBorder\" ><hr><\/div><div class=\"bpgPhoto  btRoundedImage\" ><div class = \"btImage\"><img src=\"http:\/\/mojateporlavida.org\/wp-content\/uploads\/2017\/05\/salidasagrario.jpg\" alt=\"\" title=\"\"><\/div><\/div><\/div><\/div><\/div><\/div><\/div><\/div><\/div><\/section><section id=\"bt_section69f205e54c7ed\"  class=\"boldSection gutter\" ><div class=\"port\"><div class=\"boldCell\"><div class=\"boldCellInner\"><div class=\"boldRow \" ><div class=\"boldRowInner\"><div class=\"rowItem col-md-4 col-ms-12 btTextLeft\"  data-width=\"4\"><div class=\"rowItemContent\" ><div class=\"btClear btSeparator topSpaced bottomSpaced noBorder\" ><hr><\/div><div class=\"btText\" ><p>Salida de Sasi.<\/p>\n<\/div><\/div><\/div><div class=\"rowItem col-md-8 col-ms-12 btTextLeft\"  data-width=\"8\"><div class=\"rowItemContent\" ><div class=\"btClear btSeparator topSmallSpaced bottomSmallSpaced noBorder\" ><hr><\/div><div class=\"bpgPhoto  btRoundedImage\" ><div class = \"btImage\"><img src=\"http:\/\/mojateporlavida.org\/wp-content\/uploads\/2017\/05\/DSC_1633-copia.jpg\" alt=\"\" title=\"\"><\/div><\/div><\/div><\/div><\/div><\/div><\/div><\/div><\/div><\/section><section id=\"bt_section69f205e54cdd4\"  class=\"boldSection gutter\" ><div class=\"port\"><div class=\"boldCell\"><div class=\"boldCellInner\"><div class=\"boldRow \" ><div class=\"boldRowInner\"><div class=\"rowItem col-md-12 col-ms-12  btTextLeft\"  data-width=\"12\"><div class=\"rowItemContent\" ><div class=\"btClear btSeparator topSemiSpaced bottomSemiSpaced noBorder\" ><hr><\/div><header class=\"header btClear large  btHeaderAccent2\" ><div class=\"btSuperTitle\"><span>Nadador por Albacete<\/span><\/div><div class=\"dash\"><h2><span class=\"headline\">CARLOS NADANDO SIN NEOPRENO<\/span><\/h2><\/div><\/header><div class=\"btText\" ><p>Nuestro Carlos nos sigue sorprendiendo, por el \u00abGlamour\u00bb de sus salidas del agua y por nadar sin neopreno. Todo un valiente.<\/p>\n<\/div><\/div><\/div><\/div><\/div><\/div><\/div><\/div><\/section><section id=\"bt_section69f205e54d0b4\"  class=\"boldSection gutter\" ><div class=\"port\"><div class=\"boldCell\"><div class=\"boldCellInner\"><div class=\"boldRow \" ><div class=\"boldRowInner\"><div class=\"rowItem col-md-4 col-ms-12 btTextLeft\"  data-width=\"4\"><div class=\"rowItemContent\" ><div class=\"bpgPhoto \" ><div class = \"btImage\"><img src=\"http:\/\/mojateporlavida.org\/wp-content\/uploads\/2017\/05\/carlosllegada.jpg\" alt=\"\" title=\"\"><\/div><\/div><\/div><\/div><div class=\"rowItem col-md-8 col-ms-12 btTextLeft\"  data-width=\"8\"><div class=\"rowItemContent\" ><div class=\"bpgPhoto \" ><div class = \"btImage\"><img src=\"http:\/\/mojateporlavida.org\/wp-content\/uploads\/2017\/05\/DSC_1438.jpg\" alt=\"\" title=\"\"><\/div><\/div><\/div><\/div><\/div><\/div><\/div><\/div><\/div><\/section><section id=\"bt_section69f205e54d9f3\"  class=\"boldSection gutter\" ><div class=\"port\"><div class=\"boldCell\"><div class=\"boldCellInner\"><div class=\"boldRow \" ><div class=\"boldRowInner\"><div class=\"rowItem col-md-12 col-ms-12  btTextLeft\"  data-width=\"12\"><div class=\"rowItemContent\" ><div class=\"btClear btSeparator topSemiSpaced bottomSemiSpaced noBorder\" ><hr><\/div><header class=\"header btClear large  btHeaderAccent3\" ><div class=\"btSuperTitle\"><span>Nadador por Almer\u00eda<\/span><\/div><div class=\"dash\"><h2><span class=\"headline\">GABI. SU PRIMERA TRAVES\u00cdA 9K Y ADELANTANDO&#8230;<\/span><\/h2><\/div><\/header><div class=\"btText\" ><p>Para Gabi, era su primera Traves\u00eda organizada. Seguramente para muchos fue una sorpresa verle, no s\u00f3lo acabarla, sino hacerlo con solvencia y adelantando muchos puestos. Pero los que le vemos entrenar en el d\u00eda a d\u00eda, sabemos de su potencial y de la enorme evoluci\u00f3n que est\u00e1 teniendo. A\u00fan as\u00ed est\u00e1 claro que fue el verdadero protagonista de esta traves\u00eda.<\/p>\n<\/div><\/div><\/div><\/div><\/div><div class=\"boldRow \" ><div class=\"boldRowInner\"><div class=\"rowItem col-md-4 col-ms-12 btTextLeft\"  data-width=\"4\"><div class=\"rowItemContent\" ><div class=\"bpgPhoto \" ><div class = \"btImage\"><img src=\"http:\/\/mojateporlavida.org\/wp-content\/uploads\/2017\/05\/DSC_1551.jpg\" alt=\"\" title=\"\"><\/div><\/div><\/div><\/div><div class=\"rowItem col-md-8 col-ms-12 btTextLeft\"  data-width=\"8\"><div class=\"rowItemContent\" ><div class=\"bpgPhoto  btRoundedImage\" ><div class = \"btImage\"><img src=\"http:\/\/mojateporlavida.org\/wp-content\/uploads\/2017\/05\/gabygines.jpg\" alt=\"\" title=\"\"><\/div><\/div><\/div><\/div><\/div><\/div><\/div><\/div><\/div><\/section><section id=\"bt_section69f205e54e0e6\"  class=\"boldSection gutter\" ><div class=\"port\"><div class=\"boldCell\"><div class=\"boldCellInner\"><div class=\"boldRow \" ><div class=\"boldRowInner\"><div class=\"rowItem col-md-12 col-ms-12  btTextLeft\"  data-width=\"12\"><div class=\"rowItemContent\" ><div class=\"btClear btSeparator topSemiSpaced bottomSemiSpaced noBorder\" ><hr><\/div><\/div><\/div><\/div><\/div><div class=\"boldRow \" ><div class=\"boldRowInner\"><div class=\"rowItem col-md-4 col-ms-12 btTextLeft\"  data-width=\"4\"><div class=\"rowItemContent\" ><div class=\"bpgPhoto \" ><div class = \"btImage\"><img src=\"http:\/\/mojateporlavida.org\/wp-content\/uploads\/2017\/05\/brazadas.jpg\" alt=\"\" title=\"\"><\/div><\/div><\/div><\/div><div class=\"rowItem col-md-4 col-ms-12 btTextLeft\"  data-width=\"4\"><div class=\"rowItemContent\" ><div class=\"bpgPhoto \" ><div class = \"btImage\"><img src=\"http:\/\/mojateporlavida.org\/wp-content\/uploads\/2017\/05\/DSC_1656.jpg\" alt=\"\" title=\"\"><\/div><\/div><\/div><\/div><div class=\"rowItem col-md-4 col-ms-12 btTextLeft\"  data-width=\"4\"><div class=\"rowItemContent\" ><div class=\"bpgPhoto \" ><div class = \"btImage\"><img src=\"http:\/\/mojateporlavida.org\/wp-content\/uploads\/2017\/05\/todos-crono.jpg\" alt=\"\" title=\"\"><\/div><\/div><\/div><\/div><\/div><\/div><div class=\"boldRow \" ><div class=\"boldRowInner\"><div class=\"rowItem col-md-12 col-ms-12  btTextLeft\"  data-width=\"12\"><div class=\"rowItemContent\" ><div class=\"btClear btSeparator topSemiSpaced bottomSemiSpaced noBorder\" ><hr><\/div><\/div><\/div><\/div><\/div><div class=\"boldRow \" ><div class=\"boldRowInner\"><div class=\"rowItem col-md-12 col-ms-12  btTextLeft\"  data-width=\"12\"><div class=\"rowItemContent\" ><div class=\"btText\" ><p style=\"text-align: left;\"><em>Fotograf\u00edas: Agust\u00edn Ram\u00edrez.<\/em><\/p>\n<\/div><div class=\"btClear btSeparator topSemiSpaced bottomSemiSpaced noBorder\" ><hr><\/div><\/div><\/div><\/div><\/div><\/div><\/div><\/div><\/section><section id=\"bt_section69f205e54ec89\"  class=\"boldSection gutter\" ><div class=\"port\"><div class=\"boldCell\"><div class=\"boldCellInner\"><div class=\"boldRow \" ><div class=\"boldRowInner\"><div class=\"rowItem col-md-12 col-ms-12  btTextLeft\"  data-width=\"12\"><div class=\"rowItemContent\" ><div class=\"bpgPhoto \" ><div class = \"btImage\"><img src=\"http:\/\/mojateporlavida.org\/wp-content\/uploads\/2017\/05\/DSC_1665.jpg\" alt=\"\" title=\"\"><\/div><\/div><\/div><\/div><\/div><\/div><\/div><\/div><\/div><\/section>\r\n\r\n<div id=\"fb-root\"><\/div><script>(function(d, s, id) {  var js, fjs = d.getElementsByTagName(s)[0];  if (d.getElementById(id)) return;  js = d.createElement(s); js.id = id;  js.src = \"\/\/connect.facebook.net\/de_DE\/sdk.js#xfbml=1&version=v2.3\";  fjs.parentNode.insertBefore(js, fjs);}(document, 'script', 'facebook-jssdk'));<\/script><div class=\"fb-post\" data-href=\"https:\/\/www.facebook.com\/media\/set\/?set=a.1978176939077528.1073741846.1929522203943002&amp;type=1&amp;l=ea6b3e1ae4\" data-width=\"750\"><blockquote cite=\"https:\/\/www.facebook.com\/media\/set\/?set=a.1978176939077528.1073741846.1929522203943002&amp;type=3\" class=\"fb-xfbml-parse-ignore\"><p>Nuestros nadadores participan en esta traves&#xed;a solidaria organizada por el Club Rc7Alicante a favor de AEAL, Asociaci&#xf3;n&#8230;<\/p>Posted by <a href=\"https:\/\/www.facebook.com\/mojateporlavida\/\">Mojate Por La VIDA<\/a> on&nbsp;<a href=\"https:\/\/www.facebook.com\/media\/set\/?set=a.1978176939077528.1073741846.1929522203943002&amp;type=3\">Montag, 1. Mai 2017<\/a><\/blockquote><\/div>","protected":false},"excerpt":{"rendered":"","protected":false},"author":2,"featured_media":5344,"comment_status":"open","ping_status":"open","sticky":false,"template":"","format":"gallery","meta":[],"categories":[127,130,126,131,129,121,133,85,128,125],"tags":[114,204,86,82,206],"_links":{"self":[{"href":"http:\/\/mojateporlavida.org\/index.php?rest_route=\/wp\/v2\/posts\/5301"}],"collection":[{"href":"http:\/\/mojateporlavida.org\/index.php?rest_route=\/wp\/v2\/posts"}],"about":[{"href":"http:\/\/mojateporlavida.org\/index.php?rest_route=\/wp\/v2\/types\/post"}],"author":[{"embeddable":true,"href":"http:\/\/mojateporlavida.org\/index.php?rest_route=\/wp\/v2\/users\/2"}],"replies":[{"embeddable":true,"href":"http:\/\/mojateporlavida.org\/index.php?rest_route=%2Fwp%2Fv2%2Fcomments&post=5301"}],"version-history":[{"count":37,"href":"http:\/\/mojateporlavida.org\/index.php?rest_route=\/wp\/v2\/posts\/5301\/revisions"}],"predecessor-version":[{"id":5378,"href":"http:\/\/mojateporlavida.org\/index.php?rest_route=\/wp\/v2\/posts\/5301\/revisions\/5378"}],"wp:featuredmedia":[{"embeddable":true,"href":"http:\/\/mojateporlavida.org\/index.php?rest_route=\/wp\/v2\/media\/5344"}],"wp:attachment":[{"href":"http:\/\/mojateporlavida.org\/index.php?rest_route=%2Fwp%2Fv2%2Fmedia&parent=5301"}],"wp:term":[{"taxonomy":"category","embeddable":true,"href":"http:\/\/mojateporlavida.org\/index.php?rest_route=%2Fwp%2Fv2%2Fcategories&post=5301"},{"taxonomy":"post_tag","embeddable":true,"href":"http:\/\/mojateporlavida.org\/index.php?rest_route=%2Fwp%2Fv2%2Ftags&post=5301"}],"curies":[{"name":"wp","href":"https:\/\/api.w.org\/{rel}","templated":true}]}}