{"id":4986,"date":"2017-03-22T22:54:26","date_gmt":"2017-03-22T21:54:26","guid":{"rendered":"http:\/\/mojateporlavida.org\/?p=4986"},"modified":"2017-05-16T00:46:15","modified_gmt":"2017-05-15T22:46:15","slug":"sasi-y-mari-luz-en-hora-sur-de-canal-sur-radio-almeria","status":"publish","type":"post","link":"http:\/\/mojateporlavida.org\/?p=4986","title":{"rendered":"Sasi y Mari Luz en  Hora Sur de Canal Sur Radio Almer\u00eda."},"content":{"rendered":"<section id=\"bt_section69f23c08dfa01\"  class=\"boldSection gutter\" ><div class=\"port\"><div class=\"boldCell\"><div class=\"boldCellInner\"><div class=\"boldRow \" ><div class=\"boldRowInner\"><div class=\"rowItem col-md-4 col-ms-12 btTextLeft\"  data-width=\"4\"><div class=\"rowItemContent\" ><div class=\"btText\" ><p>El pasado 22 de marzo, nuestras compa\u00f1eras Sasi y Mari Luz, acudieron a Canal Sur radio Almer\u00eda a hablar de nuestro proyecto y explicar la Actividad \u00abM\u00f3jate por la Vida 12+1\u00bb<\/p>\n<p>Puedes escuchar completa su intervenci\u00f3n.<\/p>\n<\/div><div class=\"boldRow \" ><div class=\"boldRowInner\"><div class=\"rowItem rowInnerItem col-lg-6  btTextLeft\"  ><div class=\"rowItemContent\"><header class=\"header btClear medium  btHeaderAccent1\" ><div class=\"dash\"><h3><span class=\"headline\">#memojoconSasi<\/span><\/h3><\/div><\/header><\/div><\/div><div class=\"rowItem rowInnerItem col-lg-6  btTextLeft\"  ><div class=\"rowItemContent\"><header class=\"header btClear medium  btHeaderAccent1\" ><div class=\"dash\"><h3><span class=\"headline\">#Almerisemoja<\/span><\/h3><\/div><\/header><\/div><\/div><\/div><\/div><\/div><\/div><div class=\"rowItem col-md-8 col-ms-12 btTextLeft\"  data-width=\"8\"><div class=\"rowItemContent\" ><div class=\"bpgPhoto \" ><div class = \"btImage\"><img src=\"http:\/\/mojateporlavida.org\/wp-content\/uploads\/2017\/03\/2017-03-22-PHOTO-00010182.jpg\" alt=\"\" title=\"\"><\/div><\/div><\/div><\/div><\/div><\/div><\/div><\/div><\/div><\/section><section id=\"bt_section69f23c08e072a\"  class=\"boldSection gutter\" ><div class=\"port\"><div class=\"boldCell\"><div class=\"boldCellInner\"><div class=\"boldRow \" ><div class=\"boldRowInner\"><div class=\"rowItem col-md-12 col-ms-12  btTextLeft\"  data-width=\"12\"><div class=\"rowItemContent\" ><div class=\"btText\" ><p><iframe loading=\"lazy\" src=\"https:\/\/w.soundcloud.com\/player\/?url=https%3A\/\/api.soundcloud.com\/tracks\/316462037&amp;color=ff9900&amp;auto_play=false&amp;hide_related=false&amp;show_comments=true&amp;show_user=true&amp;show_reposts=false\" width=\"100%\" height=\"166\" frameborder=\"no\" scrolling=\"no\"><\/iframe><\/p>\n<\/div><\/div><\/div><\/div><\/div><\/div><\/div><\/div><\/section><section id=\"bt_section69f23c08e09cf\"  class=\"boldSection gutter\" ><div class=\"port\"><div class=\"boldCell\"><div class=\"boldCellInner\"><div class=\"boldRow \" ><div class=\"boldRowInner\"><div class=\"rowItem col-md-12 col-ms-12  btTextLeft animate animate-fadein inherit\"  data-width=\"12\"><div class=\"rowItemContent\" ><header class=\"header btClear large  btHeaderAccent3\" ><div class=\"dash\"><h2><span class=\"headline\">Noticias en las que aparecen Sasi y M.Luz <\/span><\/h2><\/div><\/header><div class=\"btClear btSeparator bottomSmallSpaced noBorder\" ><hr><\/div><div class=\"btLatestPostsContainer verticalPosts \" >\n\t\t\t\t<div class=\"btSingleLatestPost col-sm-12 col-ms-12  inherit\"><div class=\"btSingleLatestPostImage btTextCenter\"><div class=\"bpgPhoto \" > \r\n\t\t\t\t\t<a href=\"http:\/\/mojateporlavida.org\/?p=6817\" target=\"_self\" title=\"\"><\/a>\r\n\t\t\t\t\t<div class=\"boldPhotoBox\"><div class=\"bpbItem\"><div class = \"btImage\"><img src=\"http:\/\/mojateporlavida.org\/wp-content\/uploads\/2019\/03\/Romanilla.png\" alt=\"\" title=\"\"><\/div><\/div><\/div>\r\n\t\t\t\t\t<div class=\"captionPane btDarkSkin btTextCenter\">\r\n\t\t\t\t\t\t<div class=\"captionTable\">\r\n\t\t\t\t\t\t\t<div class=\"captionCell\">\r\n\t\t\t\t\t\t\t\t<div class=\"captionTxt\"><\/div>\r\n\t\t\t\t\t\t\t<\/div>\r\n\t\t\t\t\t\t<\/div>\r\n\t\t\t\t\t<\/div><\/div><\/div><div class = \"btSingleLatestPostContent\">\n\t\t\t\t\t\t<header class=\"header btClear small\" ><div class=\"dash\"><h4><span class=\"headline\"><a href=\"http:\/\/mojateporlavida.org\/?p=6817\" target=\"_self\">Luz Azul  en el CEIP La Romanilla de Roquetas de Mar<\/a><\/span><\/h4><\/div><div class=\"btSubTitle\"><span class=\"btArticleDate\">30 abril, 2018<\/span><a href=\"http:\/\/mojateporlavida.org\/?author=2\" class=\"btArticleAuthor\">by Agust\u00edn Ram\u00edrez<\/a><\/div><\/header>\n\t\t\t\t<p class=\"btLatestPostContent\">Presentaci\u00f3n del Luz Azul, Un Mar de Vida en el CEIP La Romanilla de Roquetas de Mar.<\/p>\n\t\t\t\t\t<\/div>\n\t\t\t\t<\/div>\n\t\t\t\t<div class=\"btSingleLatestPost col-sm-12 col-ms-12  inherit\"><div class=\"btSingleLatestPostImage btTextCenter\"><div class=\"bpgPhoto \" > \r\n\t\t\t\t\t<a href=\"http:\/\/mojateporlavida.org\/?p=6156\" target=\"_self\" title=\"\"><\/a>\r\n\t\t\t\t\t<div class=\"boldPhotoBox\"><div class=\"bpbItem\"><div class = \"btImage\"><img src=\"http:\/\/mojateporlavida.org\/wp-content\/uploads\/2017\/09\/E5IMG_0754L-320x240.jpg\" alt=\"\" title=\"\"><\/div><\/div><\/div>\r\n\t\t\t\t\t<div class=\"captionPane btDarkSkin btTextCenter\">\r\n\t\t\t\t\t\t<div class=\"captionTable\">\r\n\t\t\t\t\t\t\t<div class=\"captionCell\">\r\n\t\t\t\t\t\t\t\t<div class=\"captionTxt\"><\/div>\r\n\t\t\t\t\t\t\t<\/div>\r\n\t\t\t\t\t\t<\/div>\r\n\t\t\t\t\t<\/div><\/div><\/div><div class = \"btSingleLatestPostContent\">\n\t\t\t\t\t\t<header class=\"header btClear small\" ><div class=\"dash\"><h4><span class=\"headline\"><a href=\"http:\/\/mojateporlavida.org\/?p=6156\" target=\"_self\">Quinta Etapa. San Jos\u00e9-San Miguel de Cabo de Gata.<\/a><\/span><\/h4><\/div><div class=\"btSubTitle\"><span class=\"btArticleDate\">26 agosto, 2017<\/span><a href=\"http:\/\/mojateporlavida.org\/?author=2\" class=\"btArticleAuthor\">by Agust\u00edn Ram\u00edrez<\/a><\/div><\/header>\n\t\t\t\t<p class=\"btLatestPostContent\">5\u00aa y \u00faltima etapa del Reto: 10 personas normales nadan la franja costera del Parque Natural Cabo de Gata \u2013 N\u00efjar por la investigaci\u00f3n contra el c\u00e1ncer infantil.<\/p>\n\t\t\t\t\t<\/div>\n\t\t\t\t<\/div>\n\t\t\t\t<div class=\"btSingleLatestPost col-sm-12 col-ms-12  inherit\"><div class=\"btSingleLatestPostImage btTextCenter\"><div class=\"bpgPhoto \" > \r\n\t\t\t\t\t<a href=\"http:\/\/mojateporlavida.org\/?p=6074\" target=\"_self\" title=\"\"><\/a>\r\n\t\t\t\t\t<div class=\"boldPhotoBox\"><div class=\"bpbItem\"><div class = \"btImage\"><img src=\"http:\/\/mojateporlavida.org\/wp-content\/uploads\/2017\/09\/E4angelA-320x240.jpg\" alt=\"\" title=\"\"><\/div><\/div><\/div>\r\n\t\t\t\t\t<div class=\"captionPane btDarkSkin btTextCenter\">\r\n\t\t\t\t\t\t<div class=\"captionTable\">\r\n\t\t\t\t\t\t\t<div class=\"captionCell\">\r\n\t\t\t\t\t\t\t\t<div class=\"captionTxt\"><\/div>\r\n\t\t\t\t\t\t\t<\/div>\r\n\t\t\t\t\t\t<\/div>\r\n\t\t\t\t\t<\/div><\/div><\/div><div class = \"btSingleLatestPostContent\">\n\t\t\t\t\t\t<header class=\"header btClear small\" ><div class=\"dash\"><h4><span class=\"headline\"><a href=\"http:\/\/mojateporlavida.org\/?p=6074\" target=\"_self\">Cuarta Etapa. Isleta del Moro- San Jos\u00e9.<\/a><\/span><\/h4><\/div><div class=\"btSubTitle\"><span class=\"btArticleDate\">25 agosto, 2017<\/span><a href=\"http:\/\/mojateporlavida.org\/?author=2\" class=\"btArticleAuthor\">by Agust\u00edn Ram\u00edrez<\/a><\/div><\/header>\n\t\t\t\t<p class=\"btLatestPostContent\">4\u00aa Etapa. La Etapa m\u00e1s complicada superada con \u00e9xito.<\/p>\n\t\t\t\t\t<\/div>\n\t\t\t\t<\/div>\n\t\t\t\t<div class=\"btSingleLatestPost col-sm-12 col-ms-12  inherit\"><div class=\"btSingleLatestPostImage btTextCenter\"><div class=\"bpgPhoto \" > \r\n\t\t\t\t\t<a href=\"http:\/\/mojateporlavida.org\/?p=6009\" target=\"_self\" title=\"\"><\/a>\r\n\t\t\t\t\t<div class=\"boldPhotoBox\"><div class=\"bpbItem\"><div class = \"btImage\"><img src=\"http:\/\/mojateporlavida.org\/wp-content\/uploads\/2017\/08\/E2Todosbanderas-320x240.jpg\" alt=\"\" title=\"\"><\/div><\/div><\/div>\r\n\t\t\t\t\t<div class=\"captionPane btDarkSkin btTextCenter\">\r\n\t\t\t\t\t\t<div class=\"captionTable\">\r\n\t\t\t\t\t\t\t<div class=\"captionCell\">\r\n\t\t\t\t\t\t\t\t<div class=\"captionTxt\"><\/div>\r\n\t\t\t\t\t\t\t<\/div>\r\n\t\t\t\t\t\t<\/div>\r\n\t\t\t\t\t<\/div><\/div><\/div><div class = \"btSingleLatestPostContent\">\n\t\t\t\t\t\t<header class=\"header btClear small\" ><div class=\"dash\"><h4><span class=\"headline\"><a href=\"http:\/\/mojateporlavida.org\/?p=6009\" target=\"_self\">Segunda Etapa. Ruta de piratas en aguas abiertas por el c\u00e1ncer infantil<\/a><\/span><\/h4><\/div><div class=\"btSubTitle\"><span class=\"btArticleDate\">23 agosto, 2017<\/span><a href=\"http:\/\/mojateporlavida.org\/?author=2\" class=\"btArticleAuthor\">by Agust\u00edn Ram\u00edrez<\/a><\/div><\/header>\n\t\t\t\t<p class=\"btLatestPostContent\">Cr\u00f3nica de la 2\u00aa Etapa. Agua Amarga &#8211; Las Negras. Ruta de piratas en aguas abiertas por el c\u00e1ncer infantil<\/p>\n\t\t\t\t\t<\/div>\n\t\t\t\t<\/div><\/div><div class=\"btClear btSeparator topExtraSpaced bottomExtraSpaced noBorder\" ><hr><\/div><div class=\"btClear btSeparator topExtraSpaced bottomExtraSpaced noBorder\" ><hr><\/div><\/div><\/div><\/div><\/div><\/div><\/div><\/div><\/section>","protected":false},"excerpt":{"rendered":"","protected":false},"author":1,"featured_media":4992,"comment_status":"open","ping_status":"open","sticky":false,"template":"","format":"audio","meta":[],"categories":[160,125],"tags":[101,24,161,163,162,89],"_links":{"self":[{"href":"http:\/\/mojateporlavida.org\/index.php?rest_route=\/wp\/v2\/posts\/4986"}],"collection":[{"href":"http:\/\/mojateporlavida.org\/index.php?rest_route=\/wp\/v2\/posts"}],"about":[{"href":"http:\/\/mojateporlavida.org\/index.php?rest_route=\/wp\/v2\/types\/post"}],"author":[{"embeddable":true,"href":"http:\/\/mojateporlavida.org\/index.php?rest_route=\/wp\/v2\/users\/1"}],"replies":[{"embeddable":true,"href":"http:\/\/mojateporlavida.org\/index.php?rest_route=%2Fwp%2Fv2%2Fcomments&post=4986"}],"version-history":[{"count":7,"href":"http:\/\/mojateporlavida.org\/index.php?rest_route=\/wp\/v2\/posts\/4986\/revisions"}],"predecessor-version":[{"id":5210,"href":"http:\/\/mojateporlavida.org\/index.php?rest_route=\/wp\/v2\/posts\/4986\/revisions\/5210"}],"wp:featuredmedia":[{"embeddable":true,"href":"http:\/\/mojateporlavida.org\/index.php?rest_route=\/wp\/v2\/media\/4992"}],"wp:attachment":[{"href":"http:\/\/mojateporlavida.org\/index.php?rest_route=%2Fwp%2Fv2%2Fmedia&parent=4986"}],"wp:term":[{"taxonomy":"category","embeddable":true,"href":"http:\/\/mojateporlavida.org\/index.php?rest_route=%2Fwp%2Fv2%2Fcategories&post=4986"},{"taxonomy":"post_tag","embeddable":true,"href":"http:\/\/mojateporlavida.org\/index.php?rest_route=%2Fwp%2Fv2%2Ftags&post=4986"}],"curies":[{"name":"wp","href":"https:\/\/api.w.org\/{rel}","templated":true}]}}