{"id":4907,"date":"2017-04-06T07:00:24","date_gmt":"2017-04-06T06:00:24","guid":{"rendered":"http:\/\/mojateporlavida.org\/?p=4907"},"modified":"2017-04-13T12:58:58","modified_gmt":"2017-04-13T10:58:58","slug":"concierto-solidario-mojate-por-la-vida","status":"publish","type":"post","link":"http:\/\/mojateporlavida.org\/?p=4907","title":{"rendered":"Concierto Solidario \u201cM\u00f3jate por la vida\u201d"},"content":{"rendered":"<section id=\"bt_section69ef997e8eed2\"  class=\"boldSection gutter\" ><div class=\"port\"><div class=\"boldCell\"><div class=\"boldCellInner\"><\/div><\/div><\/div><\/section><section id=\"bt_section69ef997e8ef4c\"  class=\"boldSection gutter\" ><div class=\"port\"><div class=\"boldCell\"><div class=\"boldCellInner\"><div class=\"boldRow \" ><div class=\"boldRowInner\"><div class=\"rowItem col-md-4 col-ms-12 btTextLeft\"  data-width=\"4\"><div class=\"rowItemContent\" ><div class=\"btClear btSeparator topSemiSpaced bottomSemiSpaced noBorder\" ><hr><\/div><div class=\"btClear btSeparator topSmallSpaced bottomSmallSpaced noBorder\" ><hr><\/div><div class=\"bpgPhoto \" ><div class = \"btImage\"><img src=\"http:\/\/mojateporlavida.org\/wp-content\/uploads\/2017\/04\/cartel-teatro-web.jpg\" alt=\"\" title=\"\"><\/div><\/div><\/div><\/div><div class=\"rowItem col-md-8 col-ms-12 btTextLeft\"  data-width=\"8\"><div class=\"rowItemContent\" ><div class=\"bpgPhoto \" ><div class = \"btImage\"><img src=\"http:\/\/mojateporlavida.org\/wp-content\/uploads\/2017\/01\/LOGO-TURANIANA-LUIS.jpg\" alt=\"\" title=\"\"><\/div><\/div><div class=\"btText\" ><p>El pr\u00f3ximo 20 de mayo a las 19:00 el CD TurAniAnA va a organizar un concierto solidario en la Escuela Municipal de M\u00fasica, Danza y Teatro de El Parador (Roquetas de Mar) dentro del reto solidario deportivo \u201cM\u00f3jate por la vida\u201d; para recaudar fondos para la Fundaci\u00f3n Cris, estos ir\u00e1n destinados a la creaci\u00f3n de la Unidad Cris de Terapias Avanzadas contra el c\u00e1ncer infantil en el Hospital La Paz (Madrid).<\/p>\n<\/div><div class=\"btClear btSeparator topSemiSpaced bottomSemiSpaced noBorder\" ><hr><\/div><div class=\"btText\" ><p><iframe loading=\"lazy\" width=\"1200\" height=\"675\" src=\"https:\/\/www.youtube.com\/embed\/kOIO0Jo8sWs?feature=oembed\" frameborder=\"0\" allowfullscreen><\/iframe><\/p>\n<\/div><\/div><\/div><\/div><\/div><\/div><\/div><\/div><\/section><section id=\"bt_section69ef997e8fc3b\"  class=\"boldSection gutter\" ><div class=\"port\"><div class=\"boldCell\"><div class=\"boldCellInner\"><div class=\"boldRow \" ><div class=\"boldRowInner\"><div class=\"rowItem col-md-4 col-ms-12 btTextLeft\"  data-width=\"4\"><div class=\"rowItemContent\" ><div class=\"bpgPhoto \" ><div class = \"btImage\"><img src=\"http:\/\/mojateporlavida.org\/wp-content\/uploads\/2017\/04\/aytoroquetas-cultura.jpg\" alt=\"\" title=\"\"><\/div><\/div><div class=\"btClear btSeparator topSmallSpaced bottomSmallSpaced noBorder\" ><hr><\/div><div class=\"btClear btSeparator topSmallSpaced bottomSmallSpaced noBorder\" ><hr><\/div><div class=\"bpgPhoto \" ><div class = \"btImage\"><img src=\"http:\/\/mojateporlavida.org\/wp-content\/uploads\/2017\/04\/musicartes.jpg\" alt=\"\" title=\"\"><\/div><\/div><div class=\"btClear btSeparator topSmallSpaced bottomSmallSpaced noBorder\" ><hr><\/div><div class=\"bpgPhoto \" ><div class = \"btImage\"><img src=\"http:\/\/mojateporlavida.org\/wp-content\/uploads\/2017\/04\/AAVVLAPAZ.jpg\" alt=\"\" title=\"\"><\/div><\/div><div class=\"btClear btSeparator topSpaced bottomSpaced noBorder\" ><hr><\/div><div class=\"bpgPhoto \" ><div class = \"btImage\"><img src=\"http:\/\/mojateporlavida.org\/wp-content\/uploads\/2017\/04\/Captura-de-pantalla-2017-04-06-a-las-8.47.00.png\" alt=\"\" title=\"\"><\/div><\/div><div class=\"btClear btSeparator topSpaced bottomSpaced noBorder\" ><hr><\/div><div class=\"bpgPhoto \" ><div class = \"btImage\"><img src=\"http:\/\/mojateporlavida.org\/wp-content\/uploads\/2017\/04\/Captura-de-pantalla-2017-04-06-a-las-8.47.26.png\" alt=\"\" title=\"\"><\/div><\/div><div class=\"btClear btSeparator topSpaced bottomSpaced noBorder\" ><hr><\/div><div class=\"bpgPhoto \" ><div class = \"btImage\"><img src=\"http:\/\/mojateporlavida.org\/wp-content\/uploads\/2017\/04\/Captura-de-pantalla-2017-04-06-a-las-8.47.13.png\" alt=\"\" title=\"\"><\/div><\/div><div class=\"btClear btSeparator topSpaced bottomSpaced noBorder\" ><hr><\/div><div class=\"bpgPhoto \" ><div class = \"btImage\"><img src=\"http:\/\/mojateporlavida.org\/wp-content\/uploads\/2017\/04\/Captura-de-pantalla-2017-04-06-a-las-8.47.34.png\" alt=\"\" title=\"\"><\/div><\/div><\/div><\/div><div class=\"rowItem col-md-8 col-ms-12 btTextLeft\"  data-width=\"8\"><div class=\"rowItemContent\" ><div class=\"btClear btSeparator topSemiSpaced bottomSemiSpaced noBorder\" ><hr><\/div><div class=\"btText\" ><p>Para organizar este concierto contamos con la colaboraci\u00f3n del Ayuntamiento de Roquetas de Mar, la Asociaci\u00f3n Cultural MUSICARTES y la AAVV La Paz.<\/p>\n<p>A finales del a\u00f1o 2012, las inquietudes y afinidades musicales entre maestro y alumnado de la Escuela de M\u00fasica, Danza y Teatro de Roquetas de Mar, hacen que surjan diferentes formaciones con objeto de ir mas all\u00e1 de las horas de clase y poder ir d\u00e1ndole forma a los m\u00faltiples proyectos conjuntos.<\/p>\n<p>Nace la Asociaci\u00f3n Musicartes Almer\u00eda y de ah\u00ed, primero la agrupaci\u00f3n de \u00a0\u201cVendimia Blues Band\u201d y despu\u00e9s, mezcla entre juventud, experiencia y estilos \u201cVuelo 251\u201d.<\/p>\n<p>Adem\u00e1s, las hijas de Simon y Juan, saxo y bajista de la Vendimia, junto con un alumno de contrabajo de la escuela de m\u00fasica, tambi\u00e9n hicieron un grupo.<\/p>\n<p>La necesidad de un local de ensayo fuera de las horas de clase de la escuela de m\u00fasica, hizo a MUSICARTES solicitar la colaboraci\u00f3n de La AAVV de la Paz y desde hace ya 3 a\u00f1os, gracias a la predisposici\u00f3n de esta asociaci\u00f3n, en el local de La Paz, c\/ Laurel n 6 (Aguadulce), ensayan estas agrupaciones y se re\u00fanen los miembros de musicartes para disfrutar de la m\u00fasica.<\/p>\n<\/div><div class=\"btClear btSeparator topSemiSpaced bottomSemiSpaced noBorder\" ><hr><\/div><header class=\"header btClear small  btHeaderAccent1\" ><div class=\"dash\"><h4><span class=\"headline\">Vend\u00edmia Blues Band<\/span><\/h4><\/div><\/header><div class=\"btText\" ><p><b>COMPONENTES:<\/b><\/p>\n<p>Ignacio Fern\u00e1ndez- Voz &#8211; Arm\u00f3nica<\/p>\n<p>Juan Linares &#8211; \u00a0Bajo El\u00e9ctrico<\/p>\n<p>Jos\u00e9 Trujillo &#8211; Bater\u00eda<\/p>\n<p>Simon O&#8217;brien &#8211; Saxo Tenor<\/p>\n<p>Antonio Mart\u00ednez &#8211; Guitarra El\u00e9ctrica<\/p>\n<p>Ricardo Arquero &#8211; Guitarra El\u00e9ctrica<\/p>\n<p>Juan &#8211; Guitarra El\u00e9ctrica<\/p>\n<p>\u200b<\/p>\n<p><b>Secci\u00f3n de Vientos<\/b>:<\/p>\n<p>Juan Pablo \u00abEl Capit\u00e1n\u00bb &#8211; Tromb\u00f3n<\/p>\n<p>Javier Bol\u00edvar &#8211; Saxo Tenor<\/p>\n<p>\u200bIsidoro Brice\u00f1o- Trompeta<\/p>\n<\/div><div class=\"btClear btSeparator topSemiSpaced bottomSemiSpaced noBorder\" ><hr><\/div><header class=\"header btClear small  btHeaderAccent2\" ><div class=\"dash\"><h4><span class=\"headline\">Vuelo 2-5-1<\/span><\/h4><\/div><\/header><div class=\"btText\" ><p>COMPONENTES:<\/p>\n<p>Ignacio Fern\u00e1ndez- Voz \u2013 Arm\u00f3nica<\/p>\n<p>Luc\u00eda<\/p>\n<p>Xabier Etxebarria &#8211; \u00a0Bajo<\/p>\n<p>Elena Sabio &#8211; Bater\u00eda<\/p>\n<p>Juanjo &#8211; \u00a0Guitarra El\u00e9ctrica<\/p>\n<p>Ricardo Arquero- Guitarra El\u00e9ctrica<\/p>\n<p>Rafa Conejo Jr. Guitarra El\u00e9ctrica<\/p>\n<\/div><div class=\"btClear btSeparator topSemiSpaced bottomSemiSpaced noBorder\" ><hr><\/div><header class=\"header btClear small  btHeaderAccent3\" ><div class=\"dash\"><h4><span class=\"headline\">Agrupaci\u00f3n Juvenil<\/span><\/h4><\/div><\/header><div class=\"btText\" ><p><b>COMPONENTES:<\/b><\/p>\n<p>Lucia O&#8217;brien &#8211; Voz<\/p>\n<p>Manuel Aguayo &#8211; Contrabajo.<\/p>\n<p>Ana Linares &#8211; Bater\u00eda<\/p>\n<p>Daragh O&#8217;brien &#8211; Guitarra El\u00e9ctrica<\/p>\n<p><b>Secci\u00f3n de vientos:<\/b><\/p>\n<p><b>&#8211; <\/b>Javier Bol\u00edvar &#8211; Saxo Tenor<\/p>\n<p>&#8211; Isidoro Brice\u00f1o &#8211; Trompeta<\/p>\n<\/div><div class=\"btClear btSeparator topSemiSpaced bottomSemiSpaced noBorder\" ><hr><\/div><div class=\"btText\" ><p><iframe loading=\"lazy\" width=\"1200\" height=\"675\" src=\"https:\/\/www.youtube.com\/embed\/RB_WXQaiCS0?feature=oembed\" frameborder=\"0\" allowfullscreen><\/iframe><\/p>\n<\/div><\/div><\/div><\/div><\/div><\/div><\/div><\/div><\/section><section id=\"bt_section69ef997e91283\"  class=\"boldSection gutter\" ><div class=\"port\"><div class=\"boldCell\"><div class=\"boldCellInner\"><div class=\"boldRow \" ><div class=\"boldRowInner\"><div class=\"rowItem col-md-4 col-ms-12 btTextLeft\"  data-width=\"4\"><div class=\"rowItemContent\" ><div class=\"btClear btSeparator topSmallSpaced bottomSmallSpaced noBorder\" ><hr><\/div><div class=\"btText\" ><p><iframe loading=\"lazy\" src=\"https:\/\/www.google.com\/maps\/d\/embed?mid=1AR10b0cOIXV8zI3wZez572rUn1U\" width=\"640\" height=\"480\"><\/iframe><\/p>\n<\/div><div class=\"btClear btSeparator topSmallSpaced bottomSmallSpaced noBorder\" ><hr><\/div><\/div><\/div><div class=\"rowItem col-md-8 col-ms-12 btTextLeft\"  data-width=\"8\"><div class=\"rowItemContent\" ><header class=\"header btClear small  btHeaderAccent2\" ><div class=\"dash\"><h4><span class=\"headline\">LOCALIZACI\u00d3N, DONATIVOS Y FORMA DE CONSEGUIR LAS ENTRADAS<\/span><\/h4><\/div><\/header><div class=\"btText\" ><p>El donativo es de 10\u20ac\/persona y el aforo est\u00e1 limitado a 250 personas, este concierto se realizar\u00e1 en la planta baja de la Escuela de Municipal de M\u00fasica, Danza y Teatro en un espacio di\u00e1fano para propiciar la interacci\u00f3n entre los m\u00fasicos y los asistentes. La compra de las entradas se puede realizar de varias formas:<\/p>\n<p>Compra on line, a trav\u00e9s de la plataforma de crowfounding habilitada en la Fundaci\u00f3n Cris para nuestra iniciativa solidaria: \u00a0<a href=\"https:\/\/solidarios.criscancer.org\/fundraisers\/cabo-de-gata-swim-project-mojate-por-la-vida\">https:\/\/solidarios.criscancer.org\/fundraisers\/cabo-de-gata-swim-project-mojate-por-la-vida<\/a> La aportaci\u00f3n ser\u00e1 de 10\u20ac\/persona, pudiendo ser esta an\u00f3nima, una vez recibido el email con el justificante del donativo, se enviar\u00e1 este justificante a <a href=\"mailto:contacto@mojateporlavida.org\">contacto@mojateporlavida.org<\/a> y se recibir\u00e1 v\u00eda email una entrada electr\u00f3nica.<br \/>\nF\u00edsicamente a los miembros de las agrupaciones que participar\u00e1n o a los nadadores y\/o organizadores.<\/p>\n<p>En breve se indicar\u00e1n puntos de venta y horarios para adquirir las entradas.<br \/>\nEl d\u00eda del concierto se pondr\u00e1n a la venta un 10% de las entradas en la propia Escuela Municipal de M\u00fasica, Danza y Teatro.<\/p>\n<\/div><\/div><\/div><\/div><\/div><\/div><\/div><\/div><\/section><section id=\"bt_section69ef997e916c8\"  class=\"boldSection gutter\" ><div class=\"port\"><div class=\"boldCell\"><div class=\"boldCellInner\"><div class=\"boldRow \" ><div class=\"boldRowInner\"><div class=\"rowItem col-md-4 col-ms-12 btTextLeft\"  data-width=\"4\"><div class=\"rowItemContent\" ><div class=\"bpgPhoto \" ><div class = \"btImage\"><img src=\"http:\/\/mojateporlavida.org\/wp-content\/uploads\/2017\/02\/Mojatelogocuadradoblanco-b.png\" alt=\"\" title=\"\"><\/div><\/div><\/div><\/div><div class=\"rowItem col-md-8 col-ms-12 btTextLeft\"  data-width=\"8\"><div class=\"rowItemContent\" ><header class=\"header btClear small  btHeaderAccent4\" ><div class=\"dash\"><h4><span class=\"headline\">FILA \u00ab0\u00ab<\/span><\/h4><\/div><\/header><div class=\"btText\" ><p><strong>Fila \u201c0\u201d<\/strong>. A trav\u00e9s de la <a href=\"https:\/\/solidarios.criscancer.org\/fundraisers\/cabo-de-gata-swim-project-mojate-por-la-vida\">plataforma de crowfounding<\/a> se podr\u00e1n realizar donativos con motivo de este concierto, recibi\u00e9ndose a tal efecto una entrada conmemorativa de la acci\u00f3n solidaria \u201cM\u00f3jate por la vida\u201d, en vez de la entrada electr\u00f3nica.<br \/>\nEl d\u00eda del concierto habr\u00e1 un stand de \u201cM\u00f3jate por la vida\u201d donde podr\u00e1n conocer de primera mano esta iniciativa solidaria as\u00ed como compartir momentos con los nadadores que afrontaran <a href=\"http:\/\/mojateporlavida.org\/?page_id=4831\" target=\"_blank\">Cabo de Gata-N\u00edjar Swim Project<\/a> en agosto, 60 kilometros a nado en aguas abiertas en 5 etapas consecutivas.<\/p>\n<\/div><\/div><\/div><\/div><\/div><\/div><\/div><\/div><\/section><section id=\"bt_section69ef997e91cdd\"  class=\"boldSection gutter\" ><div class=\"port\"><div class=\"boldCell\"><div class=\"boldCellInner\"><div class=\"boldRow \" ><div class=\"boldRowInner\"><div class=\"rowItem col-md-12 col-ms-12  btTextLeft\"  data-width=\"12\"><div class=\"rowItemContent\" ><div class=\"btClear btSeparator topSemiSpaced bottomSemiSpaced noBorder\" ><hr><\/div><div class=\"btText\" ><p>Con este concierto y con la actividad de <a href=\"http:\/\/mojateporlavida.org\/?page_id=4121\" target=\"_blank\">\u201cM\u00f3jate por la vida 12+1\u201d <\/a>queremos hacer participes a nuestros amigos y familiares de nuestro sue\u00f1o y poder brindarles la oportunidad de que tambi\u00e9n formen parte de \u201cM\u00f3jate por la vida\u201d, gota a gota vamos a conseguir llenar de ilusi\u00f3n y esperanza la planta 8\u00aa del Hospital La Paz.<br \/>\nYo me mojo por la vida, y t\u00fa? <span style=\"color: #00ccff;\">#mojateporlavida<\/span><\/p>\n<\/div><\/div><\/div><\/div><\/div><\/div><\/div><\/div><\/section><section id=\"bt_section69ef997e91f4a\"  class=\"boldSection gutter\" ><div class=\"port\"><div class=\"boldCell\"><div class=\"boldCellInner\"><div class=\"boldRow \" ><div class=\"boldRowInner\"><div class=\"rowItem col-md-12 col-ms-12  btTextLeft\"  data-width=\"12\"><div class=\"rowItemContent\" ><div class=\"btClear btSeparator topSemiSpaced bottomSemiSpaced noBorder\" ><hr><\/div><\/div><\/div><\/div><\/div><\/div><\/div><\/div><\/section>","protected":false},"excerpt":{"rendered":"","protected":false},"author":1,"featured_media":4984,"comment_status":"open","ping_status":"open","sticky":false,"template":"","format":"image","meta":[],"categories":[83,154],"tags":[114,175,155,173,172,174],"_links":{"self":[{"href":"http:\/\/mojateporlavida.org\/index.php?rest_route=\/wp\/v2\/posts\/4907"}],"collection":[{"href":"http:\/\/mojateporlavida.org\/index.php?rest_route=\/wp\/v2\/posts"}],"about":[{"href":"http:\/\/mojateporlavida.org\/index.php?rest_route=\/wp\/v2\/types\/post"}],"author":[{"embeddable":true,"href":"http:\/\/mojateporlavida.org\/index.php?rest_route=\/wp\/v2\/users\/1"}],"replies":[{"embeddable":true,"href":"http:\/\/mojateporlavida.org\/index.php?rest_route=%2Fwp%2Fv2%2Fcomments&post=4907"}],"version-history":[{"count":24,"href":"http:\/\/mojateporlavida.org\/index.php?rest_route=\/wp\/v2\/posts\/4907\/revisions"}],"predecessor-version":[{"id":4975,"href":"http:\/\/mojateporlavida.org\/index.php?rest_route=\/wp\/v2\/posts\/4907\/revisions\/4975"}],"wp:featuredmedia":[{"embeddable":true,"href":"http:\/\/mojateporlavida.org\/index.php?rest_route=\/wp\/v2\/media\/4984"}],"wp:attachment":[{"href":"http:\/\/mojateporlavida.org\/index.php?rest_route=%2Fwp%2Fv2%2Fmedia&parent=4907"}],"wp:term":[{"taxonomy":"category","embeddable":true,"href":"http:\/\/mojateporlavida.org\/index.php?rest_route=%2Fwp%2Fv2%2Fcategories&post=4907"},{"taxonomy":"post_tag","embeddable":true,"href":"http:\/\/mojateporlavida.org\/index.php?rest_route=%2Fwp%2Fv2%2Ftags&post=4907"}],"curies":[{"name":"wp","href":"https:\/\/api.w.org\/{rel}","templated":true}]}}