{"id":4473,"date":"2017-03-14T17:24:20","date_gmt":"2017-03-14T16:24:20","guid":{"rendered":"http:\/\/mojateporlavida.org\/?p=4473"},"modified":"2017-03-14T17:27:04","modified_gmt":"2017-03-14T16:27:04","slug":"quien-es-gaby","status":"publish","type":"post","link":"http:\/\/mojateporlavida.org\/?p=4473","title":{"rendered":"\u00bfQui\u00e9n es Gaby?"},"content":{"rendered":"<p>Gaby es un ni\u00f1o, un adulto, una ni\u00f1a&#8230;Gaby nos representa a todos y todas. Gaby se moja por la vida. \u00bfY t\u00fa? \u00bfTe mojas?<\/p>\n<p>Aitor y Pablo nos hacen una primera presentaci\u00f3n de nuestro simp\u00e1tico personaje.<\/p>\n<p><iframe loading=\"lazy\" width=\"1200\" height=\"675\" src=\"https:\/\/www.youtube.com\/embed\/yxbWB_UpbCc?feature=oembed\" frameborder=\"0\" allowfullscreen><\/iframe><\/p>\n","protected":false},"excerpt":{"rendered":"<p>Gaby es un ni\u00f1o, un adulto, una ni\u00f1a&#8230;Gaby nos representa a todos y todas. Gaby se moja por la vida. \u00bfY t\u00fa? \u00bfTe mojas? Aitor y Pablo nos hacen una [&hellip;]<\/p>\n","protected":false},"author":2,"featured_media":3740,"comment_status":"open","ping_status":"open","sticky":false,"template":"","format":"video","meta":[],"categories":[96],"tags":[114,122,51],"_links":{"self":[{"href":"http:\/\/mojateporlavida.org\/index.php?rest_route=\/wp\/v2\/posts\/4473"}],"collection":[{"href":"http:\/\/mojateporlavida.org\/index.php?rest_route=\/wp\/v2\/posts"}],"about":[{"href":"http:\/\/mojateporlavida.org\/index.php?rest_route=\/wp\/v2\/types\/post"}],"author":[{"embeddable":true,"href":"http:\/\/mojateporlavida.org\/index.php?rest_route=\/wp\/v2\/users\/2"}],"replies":[{"embeddable":true,"href":"http:\/\/mojateporlavida.org\/index.php?rest_route=%2Fwp%2Fv2%2Fcomments&post=4473"}],"version-history":[{"count":5,"href":"http:\/\/mojateporlavida.org\/index.php?rest_route=\/wp\/v2\/posts\/4473\/revisions"}],"predecessor-version":[{"id":4478,"href":"http:\/\/mojateporlavida.org\/index.php?rest_route=\/wp\/v2\/posts\/4473\/revisions\/4478"}],"wp:featuredmedia":[{"embeddable":true,"href":"http:\/\/mojateporlavida.org\/index.php?rest_route=\/wp\/v2\/media\/3740"}],"wp:attachment":[{"href":"http:\/\/mojateporlavida.org\/index.php?rest_route=%2Fwp%2Fv2%2Fmedia&parent=4473"}],"wp:term":[{"taxonomy":"category","embeddable":true,"href":"http:\/\/mojateporlavida.org\/index.php?rest_route=%2Fwp%2Fv2%2Fcategories&post=4473"},{"taxonomy":"post_tag","embeddable":true,"href":"http:\/\/mojateporlavida.org\/index.php?rest_route=%2Fwp%2Fv2%2Ftags&post=4473"}],"curies":[{"name":"wp","href":"https:\/\/api.w.org\/{rel}","templated":true}]}}