{"id":3880,"date":"2017-01-21T01:30:16","date_gmt":"2017-01-21T00:30:16","guid":{"rendered":"http:\/\/mojateporlavida.org\/?p=3880"},"modified":"2017-03-15T23:54:30","modified_gmt":"2017-03-15T22:54:30","slug":"antonio-aroca-en-radio-rute","status":"publish","type":"post","link":"http:\/\/mojateporlavida.org\/?p=3880","title":{"rendered":"Antonio Aroca en Radio Rute"},"content":{"rendered":"<p>Nuestro nadador Rute\u00f1o, Antonio Aroca, afincado en Roquetas de Mar, explica en una interesante entrevista en la radio de su localidad natal, tanto sus experiencias dentro del equipo de organizaci\u00f3n de la I Traves\u00eda Los Puert8s 2016, como del Proyecto Deportivo Solidario de Aguas Abiertas para este a\u00f1o. M\u00f3jate por la vida.<\/p>\n","protected":false},"excerpt":{"rendered":"<p>Nuestro nadador Rute\u00f1o, Antonio Aroca, afincado en Roquetas de Mar, explica en una interesante entrevista en la radio de su localidad natal, tanto sus experiencias dentro del equipo de organizaci\u00f3n [&hellip;]<\/p>\n","protected":false},"author":1,"featured_media":0,"comment_status":"open","ping_status":"open","sticky":false,"template":"","format":"audio","meta":[],"categories":[83,126],"tags":[93,92],"_links":{"self":[{"href":"http:\/\/mojateporlavida.org\/index.php?rest_route=\/wp\/v2\/posts\/3880"}],"collection":[{"href":"http:\/\/mojateporlavida.org\/index.php?rest_route=\/wp\/v2\/posts"}],"about":[{"href":"http:\/\/mojateporlavida.org\/index.php?rest_route=\/wp\/v2\/types\/post"}],"author":[{"embeddable":true,"href":"http:\/\/mojateporlavida.org\/index.php?rest_route=\/wp\/v2\/users\/1"}],"replies":[{"embeddable":true,"href":"http:\/\/mojateporlavida.org\/index.php?rest_route=%2Fwp%2Fv2%2Fcomments&post=3880"}],"version-history":[{"count":1,"href":"http:\/\/mojateporlavida.org\/index.php?rest_route=\/wp\/v2\/posts\/3880\/revisions"}],"predecessor-version":[{"id":3881,"href":"http:\/\/mojateporlavida.org\/index.php?rest_route=\/wp\/v2\/posts\/3880\/revisions\/3881"}],"wp:attachment":[{"href":"http:\/\/mojateporlavida.org\/index.php?rest_route=%2Fwp%2Fv2%2Fmedia&parent=3880"}],"wp:term":[{"taxonomy":"category","embeddable":true,"href":"http:\/\/mojateporlavida.org\/index.php?rest_route=%2Fwp%2Fv2%2Fcategories&post=3880"},{"taxonomy":"post_tag","embeddable":true,"href":"http:\/\/mojateporlavida.org\/index.php?rest_route=%2Fwp%2Fv2%2Ftags&post=3880"}],"curies":[{"name":"wp","href":"https:\/\/api.w.org\/{rel}","templated":true}]}}